{"id":14432,"date":"2022-02-17T09:57:17","date_gmt":"2022-02-17T09:57:17","guid":{"rendered":"https:\/\/bestmaresme.com\/blog\/?p=14432"},"modified":"2023-07-21T20:11:11","modified_gmt":"2023-07-21T20:11:11","slug":"el-maresme-prepara-el-primer-carnaval-postpandemia","status":"publish","type":"post","link":"https:\/\/bestmaresme.com\/blog\/en\/el-maresme-prepara-el-primer-carnaval-postpandemia\/","title":{"rendered":"Maresme is ready for the first post-pandemic Carnival"},"content":{"rendered":"<p><strong>February 24, 2022 is Fat Thursday (\u201cDijous Gras\u201d)<\/strong>, the beginning of the first carnivals after the pandemic. For aprox one week, the towns of the <strong><a href=\"https:\/\/bestmaresme.com\/_en\/\">Maresme region<\/a><\/strong> will live these festivities intensely. All those towns have different and funny proposals for this year&#8217;s carnivals.<\/p>\n<h2>Badalona<\/h2>\n<p><strong>Saturday 26, 5 pm<\/strong>, Torre Mena (C\/ Reus \/ pl Amistat). Proclamation the Carnestoltes Queen and her court, and they star the passacaglia music along Badalona streets.<\/p>\n<p><strong>Saturday, 26, 7 p.m<\/strong>., Trafalgar Square. Costume dance.<\/p>\n<h2><a href=\"https:\/\/bestmaresme.com\/Cabrera_de_mar\/\">Cabrera de Mar<\/a><\/h2>\n<p><a href=\"https:\/\/bestmaresme.com\/_en\/Cabrera_de_mar\/\">Cabrera de Mar<\/a> recovers its face-to-face carnival with two costume contests, one for children and one for adults, with 3 categories (individual, couple and troupe).<\/p>\n<p><strong>Friday 25, 6 pm<\/strong>, municipal envelat. Children&#8217;s entertainment and children&#8217;s costume contest.<\/p>\n<p><strong>Friday 25, 6 pm<\/strong>, municipal envelat. Costume contest for adults and Carnestoltes dances.<\/p>\n<p><strong>Monday 28, 5:30 p.m<\/strong>., Casal de la gent gran El Castellet. Musical show \u201cThe show must go on\u201d.<\/p>\n<p><strong>Tuesday, 1, 20 pm<\/strong>, municipal envelat. The Ball of Momerotes will precede the funeral march that will begin at 10 pm.<\/p>\n<p><strong>Wednesday 2, 7 pm<\/strong>, Can Martinet terrace. Farewell to Carnestoltes with the traditional testament reading followed by the sardine funeral.<\/p>\n<h2>Matar\u00f3<\/h2>\n<p><strong><a href=\"https:\/\/bestmaresme.com\/_en\/Mataro\/\">Matar\u00f3<\/a>, the <a href=\"https:\/\/bestmaresme.com\/_en\/\">Maresme<\/a> Capital<\/strong> recovers the most important act of its carnival, the parade.<\/p>\n<p><strong>Friday, 25, 9 p.m<\/strong>., Plaza del Ajuntament. The Botargues will appear at the Pati del Caf\u00e8 Nou and, together with the Momerota and the Momerotetaes, will go to the Town Hall where Pellofa XLIV will make his proclamation.<\/p>\n<p><strong>Saturday 26, 11:30 a.m<\/strong>., Central Park. Ball de Gitanes organized by the Associaci\u00f3 Cultural Mestres del Gai Saber with the Cobla la Principal de la Bisbal and the Esbart Rocasagna de Gelida, the Moss\u00e8n Bisc\u00fater and the Ball de Gitanes de Matar\u00f3.<\/p>\n<p><strong>Saturday 26, 12 noon<\/strong>, Plaza Onze de Setembre, Parade of the Xirigotes organized by the Associaci\u00f3 Cultural Cita Flamenca with the Comparsa Gaditana from Barcelona, \u200b\u200bthe Chirigota from Barcelona and the Comparsa de los Hermanos M\u00e1rquez.<\/p>\n<p><strong>Saturday 26, 6 pm<\/strong>, Cerdanyola Park. Carnival Rua with live music with five groups or musical brass bands. Once the parade is over and the prizes have been awarded, a carnival dance with the La Tropical Orchestra.<\/p>\n<p><strong>Wednesday 2, 6 p.m<\/strong>., Parc Central. Burial of En Pellofa.<\/p>\n<figure id=\"attachment_14434\" aria-describedby=\"caption-attachment-14434\" style=\"width: 701px\" class=\"wp-caption aligncenter\"><img decoding=\"async\" loading=\"lazy\" class=\" wp-image-14434\" src=\"https:\/\/bestmaresme.com\/blog\/wp-content\/uploads\/2022\/02\/sardina-mataro.jpeg\" alt=\"\" width=\"701\" height=\"389\" srcset=\"https:\/\/bestmaresme.com\/blog\/wp-content\/uploads\/2022\/02\/sardina-mataro.jpeg 768w, https:\/\/bestmaresme.com\/blog\/wp-content\/uploads\/2022\/02\/sardina-mataro-300x166.jpeg 300w\" sizes=\"(max-width: 701px) 100vw, 701px\" \/><figcaption id=\"caption-attachment-14434\" class=\"wp-caption-text\">Entierro de la sardina, en Matar\u00f3<\/figcaption><\/figure>\n<h2>Premi\u00e0 de Mar<\/h2>\n<p><strong>Thursday 24, 5 pm<\/strong>, various streets. Arrival of Sa Majestat Primili\u00e0 accompanied by good music.<\/p>\n<p><strong>Sunday 27, 11:30 a.m<\/strong>., Plaza de la Sardana. Children&#8217;s parade and show with Ambauka.<\/p>\n<p><strong>Monday 28, 12 noon<\/strong>, Escola La Li\u00f3 courtyard. Circus show with Cia Los Herrerita.<\/p>\n<p><strong>Wednesday 2, 5:30 p.m<\/strong>., Pa\u00efsos Catalans Square. Testament of King Carnestoltes and Burial of the sardine.<\/p>\n<h2><a href=\"https:\/\/bestmaresme.com\/_en\/Llavaneres\/\">Sant Andreu de Llavaneres<\/a><\/h2>\n<p><strong><a href=\"https:\/\/bestmaresme.com\/Llavaneres\/\">Llavaneres<\/a><\/strong> recovers the parade but there will be no costume contest or dance to avoid contagion.<\/p>\n<p><strong>Saturday 26, 6 p.m<\/strong>. Parade will run through the center streets. In the Ca l&#8217;Alfaro park there will be a finale performance by the Xarop de Canya animation group. Ultraescenika and Els Batubanyuts will also participate.<\/p>\n<h2><a href=\"https:\/\/bestmaresme.com\/_en\/Vilassar_de_Dalt\/\">Vilassar de Dalt<\/a><\/h2>\n<p><strong><a href=\"https:\/\/bestmaresme.com\/_en\/Vilassar_de_Dalt\/\">Vilassar de Dalt<\/a> Carnival<\/strong> will came back with the traditional parade and the tortilla competition.<\/p>\n<p><strong>Thursday 24, 8 pm<\/strong>, L&#8217;Estrella. Tortilla contest.<\/p>\n<p><strong>Sunday 27, 11 a.m<\/strong>., Les Escoles. The parade will run through the streets Ignasi Bufal\u00e0, Manuel Moreno, Anselm Clav\u00e9, Nou, Mestra Viladrosa, \u00c0ngel Guimer\u00e0 and will end in the Plaza de la Vila where the verdict of the costume contest will be announced.<\/p>\n<p>&nbsp;<\/p>\n<h4 style=\"text-align: center;\">\u00bfAre you looking for a <a href=\"https:\/\/bestmaresme.com\/_en\/\">luxury house in Barcelona area<\/a>?<\/h4>\n<p><strong><a href=\"https:\/\/bestmaresme.com\/_en\/\">BestMaresme<\/a><\/strong>\u00a0 have a great offer in the most exclusive areas of the <a href=\"https:\/\/bestmaresme.com\/_en\/\">Maresme<\/a>. We are experts in <a href=\"https:\/\/bestmaresme.com\/_en\/\">luxury properties<\/a> in towns such as Cabrils, Premia de Dalt, Vilassar de Dalt or Llavaneres. Are you looking for a <a href=\"https:\/\/bestmaresme.com\/_en\/\">luxury house to buy or rent in the Costa de Barcelona<\/a>? Visit us or contact us.<\/p>\n<div style=\"width: 100%; text-align: center; margin-bottom: 40px;\">\n<div style=\"padding-top: 10px; font-size: 22px;\"><a style=\"color: #7c2c2d;\" title=\"Send us a Wassap!\" href=\"https:\/\/api.whatsapp.com\/send?l=es-ES&amp;phone=34608010051\" target=\"_blank\" rel=\"noopener\">&gt;Send us a WhatsApp &gt;&gt;<\/a><\/div>\n<div style=\"font-size: 22px;\"><a style=\"color: #7c2c2d;\" title=\"Call our office\" href=\"tel:+34937594692\" target=\"_blank\" rel=\"noopener\">Contact us 93 759 46 92 &gt;&gt;<\/a><\/div>\n<\/div>\n<p>&nbsp;<\/p>\n<h2><a href=\"https:\/\/bestmaresme.com\/_en\/Vilassar_de_Mar\/\">Vilassar de Mar<\/a><\/h2>\n<p><strong>This year a costume ball will replace the Carnival parade.<\/strong> For the sanitary restrictions have changed the traditional parade for dance. The dance will be enlivened by the covers group The Covers Band and some surprises.<\/p>\n<p><strong>Thursday 24, 5:30 p.m<\/strong>., Plaza del Ajuntament. Arrival of King Carnestoltes will start the festivities.<\/p>\n<p><strong>Saturday 26, 12 noon<\/strong>, Plaza Picasso. Children&#8217;s carnival with a show, songs, dance, musical games and humor by Roger Canal.<\/p>\n<p><strong>Saturday 26, 7:30 p.m<\/strong>., Veral de l\u2019Ocata. Announcement and performance by the cover group The Covers Band.<\/p>\n<p><strong>Sunday 27, 12 noon<\/strong>, Plaza del C\u00edrcol. XLV Carnestoltes Firobi, with the show La festa dels salats, by the company from Lleida, Encara farem salat.<\/p>\n<p><strong>Sunday 27, 5:30 p.m<\/strong>., Maria Roser Carrau Cultural Hall. The company The gecko con botas represents the family show \u201cAventura en estel\u201d.<\/p>\n<p><strong>Wednesday 2<\/strong>. Burial of the sardine with a parade enlivened by Aval and Mansuets de Foc, Can Bisa to the Plaza del Ajuntament.<\/p>\n<p><figure id=\"attachment_14444\" aria-describedby=\"caption-attachment-14444\" style=\"width: 659px\" class=\"wp-caption aligncenter\"><img decoding=\"async\" loading=\"lazy\" class=\" wp-image-14444\" src=\"https:\/\/bestmaresme.com\/blog\/wp-content\/uploads\/2022\/02\/Pregovilassardemar.jpg\" alt=\"\" width=\"659\" height=\"440\" srcset=\"https:\/\/bestmaresme.com\/blog\/wp-content\/uploads\/2022\/02\/Pregovilassardemar.jpg 799w, https:\/\/bestmaresme.com\/blog\/wp-content\/uploads\/2022\/02\/Pregovilassardemar-300x201.jpg 300w, https:\/\/bestmaresme.com\/blog\/wp-content\/uploads\/2022\/02\/Pregovilassardemar-768x513.jpg 768w\" sizes=\"(max-width: 659px) 100vw, 659px\" \/><figcaption id=\"caption-attachment-14444\" class=\"wp-caption-text\">Preg\u00f3n de Vilassar de Mar<\/figcaption><\/figure><\/p>","protected":false},"excerpt":{"rendered":"<p>Sorry, this entry is only available in European Spanish.<\/p>\n","protected":false},"author":1,"featured_media":14442,"comment_status":"open","ping_status":"open","sticky":false,"template":"","format":"standard","meta":{"footnotes":""},"categories":[236,119,122,117,121,172,234,1],"tags":[52,68,266,124,41,19,22],"_links":{"self":[{"href":"https:\/\/bestmaresme.com\/blog\/en\/wp-json\/wp\/v2\/posts\/14432"}],"collection":[{"href":"https:\/\/bestmaresme.com\/blog\/en\/wp-json\/wp\/v2\/posts"}],"about":[{"href":"https:\/\/bestmaresme.com\/blog\/en\/wp-json\/wp\/v2\/types\/post"}],"author":[{"embeddable":true,"href":"https:\/\/bestmaresme.com\/blog\/en\/wp-json\/wp\/v2\/users\/1"}],"replies":[{"embeddable":true,"href":"https:\/\/bestmaresme.com\/blog\/en\/wp-json\/wp\/v2\/comments?post=14432"}],"version-history":[{"count":19,"href":"https:\/\/bestmaresme.com\/blog\/en\/wp-json\/wp\/v2\/posts\/14432\/revisions"}],"predecessor-version":[{"id":44127,"href":"https:\/\/bestmaresme.com\/blog\/en\/wp-json\/wp\/v2\/posts\/14432\/revisions\/44127"}],"wp:featuredmedia":[{"embeddable":true,"href":"https:\/\/bestmaresme.com\/blog\/en\/wp-json\/wp\/v2\/media\/14442"}],"wp:attachment":[{"href":"https:\/\/bestmaresme.com\/blog\/en\/wp-json\/wp\/v2\/media?parent=14432"}],"wp:term":[{"taxonomy":"category","embeddable":true,"href":"https:\/\/bestmaresme.com\/blog\/en\/wp-json\/wp\/v2\/categories?post=14432"},{"taxonomy":"post_tag","embeddable":true,"href":"https:\/\/bestmaresme.com\/blog\/en\/wp-json\/wp\/v2\/tags?post=14432"}],"curies":[{"name":"wp","href":"https:\/\/api.w.org\/{rel}","templated":true}]}}