{"id":1207,"date":"2016-07-07T11:48:08","date_gmt":"2016-07-07T11:48:08","guid":{"rendered":"http:\/\/bestmaresme.com\/blog\/?p=1207"},"modified":"2023-07-21T20:07:42","modified_gmt":"2023-07-21T20:07:42","slug":"espectacular-casa-senorial-cardedeu","status":"publish","type":"post","link":"https:\/\/bestmaresme.com\/blog\/espectacular-casa-senorial-cardedeu\/","title":{"rendered":"Espectacular casa se\u00f1orial en CARDEDEU"},"content":{"rendered":"<p><figure id=\"attachment_1208\" aria-describedby=\"caption-attachment-1208\" style=\"width: 555px\" class=\"wp-caption alignnone\"><img decoding=\"async\" loading=\"lazy\" class=\"wp-image-1208 size-full\" src=\"http:\/\/bestmaresme.com\/blog\/wp-content\/uploads\/2016\/07\/2-4.jpg\" alt=\"2\" width=\"555\" height=\"370\" srcset=\"https:\/\/bestmaresme.com\/blog\/wp-content\/uploads\/2016\/07\/2-4.jpg 555w, https:\/\/bestmaresme.com\/blog\/wp-content\/uploads\/2016\/07\/2-4-300x200.jpg 300w, https:\/\/bestmaresme.com\/blog\/wp-content\/uploads\/2016\/07\/2-4-508x339.jpg 508w\" sizes=\"(max-width: 555px) 100vw, 555px\" \/><figcaption id=\"caption-attachment-1208\" class=\"wp-caption-text\">Casa se\u00f1orial situada cerca de la Costa de Barcelona<\/figcaption><\/figure><\/p>\n<blockquote><p>Espectacular casa se\u00f1orial, situada en la poblaci\u00f3n de Cardedeu, en el Vall\u00e8s Oriental, muy cerca de la Costa de Barcelona. Esta sensacional casa dispone de 650 m2 construidos, en una parcela de 1.500 m2.<\/p><\/blockquote>\n<p><img decoding=\"async\" loading=\"lazy\" class=\"alignnone wp-image-1209 size-full\" src=\"http:\/\/bestmaresme.com\/blog\/wp-content\/uploads\/2016\/07\/5.jpg\" alt=\"5\" width=\"555\" height=\"370\" srcset=\"https:\/\/bestmaresme.com\/blog\/wp-content\/uploads\/2016\/07\/5.jpg 555w, https:\/\/bestmaresme.com\/blog\/wp-content\/uploads\/2016\/07\/5-300x200.jpg 300w, https:\/\/bestmaresme.com\/blog\/wp-content\/uploads\/2016\/07\/5-508x339.jpg 508w\" sizes=\"(max-width: 555px) 100vw, 555px\" \/>\u27a1<a href=\"\/Cardedeu\/150-casas-Cardedeu-143\/\">Sensacional casa se\u00f1orial<\/a><br \/>\nSu distribuci\u00f3n es perfecta ya que las dos diferentes zonas, la de d\u00eda y la de noche ,est\u00e1n claramente diferenciadas, por lo que el d\u00eda a d\u00eda es c\u00f3modo y muy pr\u00e1ctico.<\/p>\n<figure id=\"attachment_1210\" aria-describedby=\"caption-attachment-1210\" style=\"width: 555px\" class=\"wp-caption alignnone\"><img decoding=\"async\" loading=\"lazy\" class=\"wp-image-1210 size-full\" src=\"http:\/\/bestmaresme.com\/blog\/wp-content\/uploads\/2016\/07\/9.jpg\" alt=\"9\" width=\"555\" height=\"370\" srcset=\"https:\/\/bestmaresme.com\/blog\/wp-content\/uploads\/2016\/07\/9.jpg 555w, https:\/\/bestmaresme.com\/blog\/wp-content\/uploads\/2016\/07\/9-300x200.jpg 300w, https:\/\/bestmaresme.com\/blog\/wp-content\/uploads\/2016\/07\/9-508x339.jpg 508w\" sizes=\"(max-width: 555px) 100vw, 555px\" \/><figcaption id=\"caption-attachment-1210\" class=\"wp-caption-text\">Terraza, Jard\u00edn y Piscina<\/figcaption><\/figure>\n<p>En la primera planta se ubica un impresionante sal\u00f3n con biblioteca , comedor independiente, un segundo sal\u00f3n familiar m\u00e1s privado con chimenea, cocina office de 30 m2 con electrodom\u00e9sticos de alta gama y salida a porche trasero al jard\u00edn, habitaci\u00f3n en suite con ba\u00f1o completo, zona de servicio con dormitorio y ba\u00f1o completo y \u00e1rea lavadero independiente.<\/p>\n<figure id=\"attachment_1211\" aria-describedby=\"caption-attachment-1211\" style=\"width: 555px\" class=\"wp-caption alignnone\"><img decoding=\"async\" loading=\"lazy\" class=\"wp-image-1211 size-full\" src=\"http:\/\/bestmaresme.com\/blog\/wp-content\/uploads\/2016\/07\/11.jpg\" alt=\"11\" width=\"555\" height=\"370\" srcset=\"https:\/\/bestmaresme.com\/blog\/wp-content\/uploads\/2016\/07\/11.jpg 555w, https:\/\/bestmaresme.com\/blog\/wp-content\/uploads\/2016\/07\/11-300x200.jpg 300w, https:\/\/bestmaresme.com\/blog\/wp-content\/uploads\/2016\/07\/11-508x339.jpg 508w\" sizes=\"(max-width: 555px) 100vw, 555px\" \/><figcaption id=\"caption-attachment-1211\" class=\"wp-caption-text\">Sal\u00f3n privado<\/figcaption><\/figure>\n<p>En la planta baja ,garaje cerrado con puerta autom\u00e1tica para tres coches y otros varios veh\u00edculos, m\u00e1s una fant\u00e1stica bodega con sala de estar.<br \/>\nEn planta alta hay 3 suites con vestidor y un sal\u00f3n con sala de juegos , la suite principal dispone de sal\u00f3n independiente, un despacho, y un gran vestidor, ba\u00f1o con ducha y ba\u00f1era hidromasaje.<\/p>\n<figure id=\"attachment_1212\" aria-describedby=\"caption-attachment-1212\" style=\"width: 555px\" class=\"wp-caption alignnone\"><img decoding=\"async\" loading=\"lazy\" class=\"wp-image-1212 size-full\" src=\"http:\/\/bestmaresme.com\/blog\/wp-content\/uploads\/2016\/07\/19.jpg\" alt=\"19\" width=\"555\" height=\"370\" srcset=\"https:\/\/bestmaresme.com\/blog\/wp-content\/uploads\/2016\/07\/19.jpg 555w, https:\/\/bestmaresme.com\/blog\/wp-content\/uploads\/2016\/07\/19-300x200.jpg 300w, https:\/\/bestmaresme.com\/blog\/wp-content\/uploads\/2016\/07\/19-508x339.jpg 508w\" sizes=\"(max-width: 555px) 100vw, 555px\" \/><figcaption id=\"caption-attachment-1212\" class=\"wp-caption-text\">Comedor independiente<\/figcaption><\/figure>\n<figure id=\"attachment_1215\" aria-describedby=\"caption-attachment-1215\" style=\"width: 555px\" class=\"wp-caption alignnone\"><img decoding=\"async\" loading=\"lazy\" class=\"wp-image-1215 size-full\" src=\"http:\/\/bestmaresme.com\/blog\/wp-content\/uploads\/2016\/07\/21.jpg\" alt=\"21\" width=\"555\" height=\"370\" srcset=\"https:\/\/bestmaresme.com\/blog\/wp-content\/uploads\/2016\/07\/21.jpg 555w, https:\/\/bestmaresme.com\/blog\/wp-content\/uploads\/2016\/07\/21-300x200.jpg 300w, https:\/\/bestmaresme.com\/blog\/wp-content\/uploads\/2016\/07\/21-508x339.jpg 508w\" sizes=\"(max-width: 555px) 100vw, 555px\" \/><figcaption id=\"caption-attachment-1215\" class=\"wp-caption-text\">Cocina Office de 30m2<\/figcaption><\/figure>\n<figure id=\"attachment_1213\" aria-describedby=\"caption-attachment-1213\" style=\"width: 555px\" class=\"wp-caption alignnone\"><img decoding=\"async\" loading=\"lazy\" class=\"wp-image-1213 size-full\" src=\"http:\/\/bestmaresme.com\/blog\/wp-content\/uploads\/2016\/07\/28.jpg\" alt=\"28\" width=\"555\" height=\"370\" srcset=\"https:\/\/bestmaresme.com\/blog\/wp-content\/uploads\/2016\/07\/28.jpg 555w, https:\/\/bestmaresme.com\/blog\/wp-content\/uploads\/2016\/07\/28-300x200.jpg 300w, https:\/\/bestmaresme.com\/blog\/wp-content\/uploads\/2016\/07\/28-508x339.jpg 508w\" sizes=\"(max-width: 555px) 100vw, 555px\" \/><figcaption id=\"caption-attachment-1213\" class=\"wp-caption-text\">Suite con vestidor<\/figcaption><\/figure>\n<p>Excelente oportunidad de vivir en una lujosa casa en el Vall\u00e8s Oriental, donde el clima y la calidad de vida es excelente. Inmejorable ubicaci\u00f3n a 20 minutos del Colegio Internacional , al lado del Campo de Golf de la Roca, La Roca Village, a 30 minutos del Montseny, a 15 minutos de la playa y 30 minutos del centro de Barcelona.<\/p>\n<figure id=\"attachment_1214\" aria-describedby=\"caption-attachment-1214\" style=\"width: 555px\" class=\"wp-caption alignnone\"><img decoding=\"async\" loading=\"lazy\" class=\"wp-image-1214 size-full\" src=\"http:\/\/bestmaresme.com\/blog\/wp-content\/uploads\/2016\/07\/33-1.jpg\" alt=\"33\" width=\"555\" height=\"370\" srcset=\"https:\/\/bestmaresme.com\/blog\/wp-content\/uploads\/2016\/07\/33-1.jpg 555w, https:\/\/bestmaresme.com\/blog\/wp-content\/uploads\/2016\/07\/33-1-300x200.jpg 300w, https:\/\/bestmaresme.com\/blog\/wp-content\/uploads\/2016\/07\/33-1-508x339.jpg 508w\" sizes=\"(max-width: 555px) 100vw, 555px\" \/><figcaption id=\"caption-attachment-1214\" class=\"wp-caption-text\">Ba\u00f1o con ba\u00f1era de hidromasaje<\/figcaption><\/figure>\n<p class=\"txt20\">Referencia: <strong>C-143<\/strong><\/p>\n<h2>PRECIO<\/h2>\n<ul>\n<li><strong>Venta:<\/strong> 1.500.000 \u20ac<\/li>\n<\/ul>\n<h2>DEPENDENCIAS<\/h2>\n<ul>\n<li><strong>Construidos:<\/strong> 650 m\u00b2<\/li>\n<li><strong>Terraza:<\/strong><\/li>\n<li><strong>Parcela:<\/strong> 1500 m\u00b2<\/li>\n<li><strong>Habitaciones:<\/strong> 6<\/li>\n<li><strong>Ba\u00f1os:<\/strong> 7<\/li>\n<li><strong>Aseos:<\/strong> 1<\/li>\n<li><strong>Garaje<\/strong><\/li>\n<\/ul>\n<p>Ver m\u00e1s inmuebles en el\u00a0<a href=\"\/alella\/\">MARESME<\/a><\/p>","protected":false},"excerpt":{"rendered":"<p>Espectacular casa se\u00f1orial, situada en la poblaci\u00f3n de Cardedeu, en el Vall\u00e8s Oriental, muy cerca de la Costa de Barcelona. Esta sensacional casa dispone de&hellip; <\/p>\n","protected":false},"author":1,"featured_media":1467,"comment_status":"open","ping_status":"open","sticky":false,"template":"","format":"standard","meta":{"footnotes":""},"categories":[95,120],"tags":[68,6,33,41,3,67,9,19,4,65],"_links":{"self":[{"href":"https:\/\/bestmaresme.com\/blog\/wp-json\/wp\/v2\/posts\/1207"}],"collection":[{"href":"https:\/\/bestmaresme.com\/blog\/wp-json\/wp\/v2\/posts"}],"about":[{"href":"https:\/\/bestmaresme.com\/blog\/wp-json\/wp\/v2\/types\/post"}],"author":[{"embeddable":true,"href":"https:\/\/bestmaresme.com\/blog\/wp-json\/wp\/v2\/users\/1"}],"replies":[{"embeddable":true,"href":"https:\/\/bestmaresme.com\/blog\/wp-json\/wp\/v2\/comments?post=1207"}],"version-history":[{"count":4,"href":"https:\/\/bestmaresme.com\/blog\/wp-json\/wp\/v2\/posts\/1207\/revisions"}],"predecessor-version":[{"id":40447,"href":"https:\/\/bestmaresme.com\/blog\/wp-json\/wp\/v2\/posts\/1207\/revisions\/40447"}],"wp:featuredmedia":[{"embeddable":true,"href":"https:\/\/bestmaresme.com\/blog\/wp-json\/wp\/v2\/media\/1467"}],"wp:attachment":[{"href":"https:\/\/bestmaresme.com\/blog\/wp-json\/wp\/v2\/media?parent=1207"}],"wp:term":[{"taxonomy":"category","embeddable":true,"href":"https:\/\/bestmaresme.com\/blog\/wp-json\/wp\/v2\/categories?post=1207"},{"taxonomy":"post_tag","embeddable":true,"href":"https:\/\/bestmaresme.com\/blog\/wp-json\/wp\/v2\/tags?post=1207"}],"curies":[{"name":"wp","href":"https:\/\/api.w.org\/{rel}","templated":true}]}}