{"id":12583,"date":"2021-09-27T10:33:11","date_gmt":"2021-09-27T10:33:11","guid":{"rendered":"https:\/\/bestmaresme.com\/blog\/?p=12583"},"modified":"2023-07-21T20:10:41","modified_gmt":"2023-07-21T20:10:41","slug":"las-campanas-de-gracia-dan-las-horas-en-alella","status":"publish","type":"post","link":"https:\/\/bestmaresme.com\/blog\/las-campanas-de-gracia-dan-las-horas-en-alella\/","title":{"rendered":"Las campanas de Gr\u00e0cia dan las horas en Alella"},"content":{"rendered":"<p>Los vecinos de <a href=\"https:\/\/bestmaresme.com\/Alella\/\"><strong>Alella<\/strong><\/a> conocen la historia de las campanas que desde 1840 dan las horas desde la torre de su iglesia. M\u00e1s all\u00e1 de esta poblaci\u00f3n del <a href=\"https:\/\/bestmaresme.com\/\">Maresme<\/a> la historia de estas campanas era desconocida. Los activistas culturales <strong>Guillem Roma<\/strong> y <strong>Josep Maria Contel<\/strong> la han hecho p\u00fablica y, desde luego es una historia curiosa y sorprendente.<\/p>\n<p>La historia de las campanas de <a href=\"https:\/\/bestmaresme.com\/Alella\/\">Alella<\/a> empieza en 1772, en Lima, la capital del Per\u00fa, donde Manuel d&#8217;Amat fue Virrey entre 1761 i 1776. All\u00ed fueron fundidas por Joannes Espinosa y fueron trasladadas hasta el puerto de Barcelona donde llegaron en 1775. Las campanas se montaron en el reloj del palacio del Virrey Amat, en Gr\u00e0cia, seg\u00fan consta en el dietario del bar\u00f3n de Mald\u00e0.<\/p>\n<h4>\u00bfBuscas una casa de lujo en Barcelona?<\/h4>\n<p>En <a href=\"https:\/\/bestmaresme.com\/\">BestMaresme<\/a> disponemos de una gran oferta en las zonas m\u00e1s exclusivas del Maresme. Somos expertos en propiedades de lujo en poblaciones como <a href=\"https:\/\/bestmaresme.com\/Cabrils\/\">Cabrils<\/a>, <a href=\"https:\/\/bestmaresme.com\/Premia_de_Dalt\/\">Premia de Dalt<\/a>, <a href=\"https:\/\/bestmaresme.com\/Vilassar_de_Dalt\/\">Vilassar de Dalt<\/a> o <a href=\"https:\/\/bestmaresme.com\/Llavaneres\/\">Llavaneres<\/a>. \u00bfEst\u00e1 buscando una casa de lujo para comprar o alquilar en la Costa de Barcelona? Vis\u00edtanos o contacta con nosotros.<\/p>\n<div style=\"width: 100%; text-align: center; margin-bottom: 40px;\">\n<div style=\"padding-top: 10px; font-size: 22px;\"><a style=\"color: #7c2c2d;\" title=\"Env\u00edanos un Wassap!\" href=\"https:\/\/api.whatsapp.com\/send?l=es-ES&amp;phone=34608010051\" target=\"_blank\" rel=\"noopener\">Env\u00edanos un WhatsApp &gt;&gt;<\/a><\/div>\n<div style=\"font-size: 22px;\"><a style=\"color: #7c2c2d;\" title=\"Llamar a la oficina\" href=\"tel:+34937594692\" target=\"_blank\" rel=\"noopener\">Llamanos al 93 759 46 92 &gt;&gt;<\/a><\/div>\n<\/div>\n<p>&nbsp;<\/p>\n<p>En 1782 falleci\u00f3 el virrey y en 1791 la virreina. La intensa vida que desarroll\u00f3 la virreina propici\u00f3 que el palacio (tambi\u00e9n el que ten\u00edan en la Rambla de Barcelona) fueran conocido como Palacio de la Virreina y no del Virrey, su difunto marido. Al no tener descendientes, uno de sus sobrinos decidi\u00f3 desprenderse de sus propiedades y venderlas. Fue entonces cuando el palacio ubicado en Gr\u00e0cia fue desmantelado y se perdi\u00f3 la pista de las campanas. Sin embargo un vecino de Alella que serv\u00eda en el mismo logr\u00f3 trasladar las campanas a su pueblo y que se instalaran en el campanario de la iglesia, seg\u00fan explica Jordi Prats, archivero de la parroquia de Sant Feliu d\u2019Alella.<\/p>\n<p>Las campanas fueron donadas al pueblo y, aunque est\u00e9n instaladas en la parroquia, siguen perteneciendo al pueblo. Son conocidas como las \u201ccampanes de les hores\u201d y en su momento significaron un gran cambio en el d\u00eda a d\u00eda de <a href=\"https:\/\/bestmaresme.com\/Alella\/\">Alella<\/a>, puesto que a los payeses que trabajaban en el campo les fue muy bien conocer en qu\u00e9 momento de la jornada estaban.<\/p>\n<p><img decoding=\"async\" loading=\"lazy\" class=\"alignleft wp-image-12585 size-medium\" src=\"https:\/\/bestmaresme.com\/blog\/wp-content\/uploads\/2021\/09\/Vi-Lima-175x300.jpg\" alt=\"\" width=\"175\" height=\"300\" srcset=\"https:\/\/bestmaresme.com\/blog\/wp-content\/uploads\/2021\/09\/Vi-Lima-175x300.jpg 175w, https:\/\/bestmaresme.com\/blog\/wp-content\/uploads\/2021\/09\/Vi-Lima.jpg 363w\" sizes=\"(max-width: 175px) 100vw, 175px\" \/>Que en Alella conocen la historia de sus campanas es una evidencia. Hasta se elabora un vino con DO Alella que se llama \u201c<a href=\"https:\/\/bodeguetavilassar.com\/producto\/les-campanes-de-lima\/\">Les campanes de Lima<\/a>\u201d, de La Bodegueta de Vilassar.<\/p>\n<p>Ahora y gracias a Guillem Roma y Josep Maria Contel, los vecinos de Gr\u00e0cia han podido conocer el paradero de las campanas y completar as\u00ed la historia del desaparecido palacio. De \u00e9ste tan solo queda parte del cuerpo de la masover\u00eda, en un edificio de las Germanes Dominiques de la Presentaci\u00f3, en la calle Sant Llu\u00eds, y unos medallones en los que aparecen representados los virreyes y que fueron incrustados en la fachada de la iglesia de Sant Sant Joan, que se construy\u00f3 a la vez que la plaza de la Virreina en 1878<!--more--><\/p>","protected":false},"excerpt":{"rendered":"<p>Los vecinos de Alella conocen la historia de las campanas que desde 1840 dan las horas desde la torre de su iglesia. M\u00e1s all\u00e1 de&hellip; <\/p>\n","protected":false},"author":1,"featured_media":12584,"comment_status":"open","ping_status":"open","sticky":false,"template":"","format":"standard","meta":{"footnotes":""},"categories":[20,117,121,172,1],"tags":[68,21,33,124,19,22],"_links":{"self":[{"href":"https:\/\/bestmaresme.com\/blog\/wp-json\/wp\/v2\/posts\/12583"}],"collection":[{"href":"https:\/\/bestmaresme.com\/blog\/wp-json\/wp\/v2\/posts"}],"about":[{"href":"https:\/\/bestmaresme.com\/blog\/wp-json\/wp\/v2\/types\/post"}],"author":[{"embeddable":true,"href":"https:\/\/bestmaresme.com\/blog\/wp-json\/wp\/v2\/users\/1"}],"replies":[{"embeddable":true,"href":"https:\/\/bestmaresme.com\/blog\/wp-json\/wp\/v2\/comments?post=12583"}],"version-history":[{"count":7,"href":"https:\/\/bestmaresme.com\/blog\/wp-json\/wp\/v2\/posts\/12583\/revisions"}],"predecessor-version":[{"id":43827,"href":"https:\/\/bestmaresme.com\/blog\/wp-json\/wp\/v2\/posts\/12583\/revisions\/43827"}],"wp:featuredmedia":[{"embeddable":true,"href":"https:\/\/bestmaresme.com\/blog\/wp-json\/wp\/v2\/media\/12584"}],"wp:attachment":[{"href":"https:\/\/bestmaresme.com\/blog\/wp-json\/wp\/v2\/media?parent=12583"}],"wp:term":[{"taxonomy":"category","embeddable":true,"href":"https:\/\/bestmaresme.com\/blog\/wp-json\/wp\/v2\/categories?post=12583"},{"taxonomy":"post_tag","embeddable":true,"href":"https:\/\/bestmaresme.com\/blog\/wp-json\/wp\/v2\/tags?post=12583"}],"curies":[{"name":"wp","href":"https:\/\/api.w.org\/{rel}","templated":true}]}}