{"id":12697,"date":"2021-10-18T10:18:16","date_gmt":"2021-10-18T10:18:16","guid":{"rendered":"https:\/\/bestmaresme.com\/blog\/?p=12697"},"modified":"2023-07-21T20:10:43","modified_gmt":"2023-07-21T20:10:43","slug":"31a-fira-del-bolet-y-la-natura-2021","status":"publish","type":"post","link":"https:\/\/bestmaresme.com\/blog\/31a-fira-del-bolet-y-la-natura-2021\/","title":{"rendered":"31a Fira del Bolet y la Natura 2021"},"content":{"rendered":"<p><strong>El fin de semana del 23 y 24 de octubre llega la 31\u00aa edici\u00f3n de la Feria de la Seta y la Naturaleza de <a href=\"https:\/\/bestmaresme.com\/Vilassar_de_Dalt\/\">Vilassar de Dalt<\/a>, que se celebra desde el a\u00f1o 2000<\/strong>.<\/p>\n<p>La Asociaci\u00f3n Amigos de las Setas de Vilassar y el Museo Archivo nos ofrecen un fin de semana lleno de actividades todo relacionado con el mundo de las setas y con una feria de productos artesanales.<\/p>\n<p>Dentro del programa, el mi\u00e9rcoles 20, a las 19.30 h, en el Museo se har\u00e1 la presentaci\u00f3n de la nueva edici\u00f3n de la feria con la conferencia \u00bfSabes diferenciar las principales setas comestibles? a cargo de Tania Jim\u00e9nez.<\/p>\n<p>Los actos continuar\u00e1n el <strong>s\u00e1bado 23 y el domingo 24<\/strong> con la muestra de setas, la feria de productos artesanales y relacionados con la naturaleza y la entrega de la Seta de Oro.<\/p>\n<p><strong>ES TIEMPO DE SETAS<\/strong><\/p>\n<p><img decoding=\"async\" loading=\"lazy\" class=\"aligncenter size-full wp-image-12700\" src=\"https:\/\/bestmaresme.com\/blog\/wp-content\/uploads\/2021\/10\/bolet02.jpg\" alt=\"\" width=\"800\" height=\"532\" srcset=\"https:\/\/bestmaresme.com\/blog\/wp-content\/uploads\/2021\/10\/bolet02.jpg 800w, https:\/\/bestmaresme.com\/blog\/wp-content\/uploads\/2021\/10\/bolet02-300x200.jpg 300w, https:\/\/bestmaresme.com\/blog\/wp-content\/uploads\/2021\/10\/bolet02-768x511.jpg 768w\" sizes=\"(max-width: 800px) 100vw, 800px\" \/><\/p>\n<p><strong>S\u00e1bado 23 de octubre:<\/strong><\/p>\n<ul>\n<li>A las 11: En la Roca de Toni. Salida familiar para ir a buscar setas.<\/li>\n<li>De 17 a 20 h: Taller infantil de construcciones con Kapla.<\/li>\n<li>De 18 h a 21 h: 31\u00aa Muestra de setas en el Museo Archivo. Exposici\u00f3n de diferentes especies de setas y sus principales caracter\u00edsticas clasificadas por los Amigos de las Setas y colaboradores.<\/li>\n<\/ul>\n<p><strong>Domingo 24 de octubre:<\/strong><\/p>\n<ul>\n<li>De 10 a 20 h: Feria de la seta y la naturaleza en la calle Marqu\u00e9s de Barber\u00e1. Paradas de setas frescas y secas, cestos, taller de barro, embutidos y un amplio abanico de productos artesanos.<\/li>\n<li>12 h: Baile de sardanas con la Cobla Principal de la Bisbal en los Jardinets Sant Jordi. Baile en el marco de la 2\u00aa edici\u00f3n del 21\u00ba Encuentro de Sardanas y en conmemoraci\u00f3n del cincuentenario del Grupo Sardanista.<\/li>\n<li>De 10 a 20 h: 31\u00aa Muestra de setas en el Museo Archivo. Exposici\u00f3n de diferentes especies de setas y sus principales caracter\u00edsticas clasificadas por los Amigos de las Setas y colaboradores.<\/li>\n<li>De 11 h a 13 h: The Hat Hausen Electric Band en la Placeta Barber\u00e0. Versiones y ritmos al m\u00e1s puro estilo dixieland, con ra\u00edces de Nueva Orleans y Chicago de principios del s. XX.<\/li>\n<li>13 h: Entrega de la Seta de Oro en el Museo Archivo. Reconocimiento de la Asociaci\u00f3n Amigos de las Setas a un vilassarenc o vilassarenca que se haya distinguido en su dedicaci\u00f3n al pueblo en las actividades culturales, sociales o deportivas.<\/li>\n<\/ul>\n<h4 style=\"text-align: center;\">\u00bfBuscas una casa de lujo en Barcelona?<\/h4>\n<p>En <a href=\"https:\/\/bestmaresme.com\/\">BestMaresme<\/a> disponemos de una gran oferta en las zonas m\u00e1s exclusivas del <a href=\"https:\/\/bestmaresme.com\/\">Maresme<\/a>. Somos expertos en propiedades de lujo en poblaciones como <a href=\"https:\/\/bestmaresme.com\/Cabrils\/\">Cabrils<\/a>, <a href=\"https:\/\/bestmaresme.com\/Premia_de_Dalt\/\">Premia de Dalt<\/a>, <a href=\"https:\/\/bestmaresme.com\/Vilassar_de_Dalt\/\">Vilassar de Dalt<\/a> o <a href=\"https:\/\/bestmaresme.com\/Llavaneres\/\">Llavaneres<\/a>. \u00bfEst\u00e1 buscando una casa de lujo para comprar o alquilar en la Costa de Barcelona? Vis\u00edtanos o contacta con nosotros.<\/p>\n<div style=\"width: 100%; text-align: center; margin-bottom: 40px;\">\n<div style=\"padding-top: 10px; font-size: 22px;\"><a style=\"color: #7c2c2d;\" title=\"Env\u00edanos un Wassap!\" href=\"https:\/\/api.whatsapp.com\/send?l=es-ES&amp;phone=34608010051\" target=\"_blank\" rel=\"noopener\">Env\u00edanos un WhatsApp &gt;&gt;<\/a><\/div>\n<div style=\"font-size: 22px;\"><a style=\"color: #7c2c2d;\" title=\"Llamar a la oficina\" href=\"tel:+34937594692\" target=\"_blank\" rel=\"noopener\">Llamanos al 93 759 46 92 &gt;&gt;<\/a><span style=\"font-size: 15px;\">\u00a0<\/span><\/div>\n<\/div>\n<p><strong>Afectaciones de movilidad:<\/strong><\/p>\n<ul>\n<li>Se cortar\u00e1 la circulaci\u00f3n en la c. Marqu\u00e9s de Barber\u00e1, c. Santos M\u00e1rtires, c. San Ram\u00f3n y c. Fuente de la Teja.<\/li>\n<li>Se podr\u00e1 circular con normalidad por la Plaza de la Villa, pero el c. \u00c0ngel Guimer\u00e0 estar\u00e1 cortado por sobre los Jardines San Jorge. La Riera de Targa tendr\u00e1 regulaci\u00f3n de circulaci\u00f3n a la altura del Torrent Lloveras.<\/li>\n<li>El Parking de sobre el Pabell\u00f3n estar\u00e1 reservado exclusivamente a los feriantes que llevan acreditaci\u00f3n espec\u00edfica.<\/li>\n<li>Se aconseja aparcar en las zonas del pol\u00edgono industrial y desplazarse a pie hasta la feria para facilitar la circulaci\u00f3n.<\/li>\n<\/ul>\n<p><\/p>","protected":false},"excerpt":{"rendered":"<p>El fin de semana del 23 y 24 de octubre llega la 31\u00aa edici\u00f3n de la Feria de la Seta y la Naturaleza de Vilassar&hellip; <\/p>\n","protected":false},"author":1,"featured_media":12699,"comment_status":"open","ping_status":"open","sticky":false,"template":"","format":"standard","meta":{"footnotes":""},"categories":[121,172,1,72],"tags":[52,68,124,36,19,73],"_links":{"self":[{"href":"https:\/\/bestmaresme.com\/blog\/wp-json\/wp\/v2\/posts\/12697"}],"collection":[{"href":"https:\/\/bestmaresme.com\/blog\/wp-json\/wp\/v2\/posts"}],"about":[{"href":"https:\/\/bestmaresme.com\/blog\/wp-json\/wp\/v2\/types\/post"}],"author":[{"embeddable":true,"href":"https:\/\/bestmaresme.com\/blog\/wp-json\/wp\/v2\/users\/1"}],"replies":[{"embeddable":true,"href":"https:\/\/bestmaresme.com\/blog\/wp-json\/wp\/v2\/comments?post=12697"}],"version-history":[{"count":5,"href":"https:\/\/bestmaresme.com\/blog\/wp-json\/wp\/v2\/posts\/12697\/revisions"}],"predecessor-version":[{"id":12704,"href":"https:\/\/bestmaresme.com\/blog\/wp-json\/wp\/v2\/posts\/12697\/revisions\/12704"}],"wp:featuredmedia":[{"embeddable":true,"href":"https:\/\/bestmaresme.com\/blog\/wp-json\/wp\/v2\/media\/12699"}],"wp:attachment":[{"href":"https:\/\/bestmaresme.com\/blog\/wp-json\/wp\/v2\/media?parent=12697"}],"wp:term":[{"taxonomy":"category","embeddable":true,"href":"https:\/\/bestmaresme.com\/blog\/wp-json\/wp\/v2\/categories?post=12697"},{"taxonomy":"post_tag","embeddable":true,"href":"https:\/\/bestmaresme.com\/blog\/wp-json\/wp\/v2\/tags?post=12697"}],"curies":[{"name":"wp","href":"https:\/\/api.w.org\/{rel}","templated":true}]}}