{"id":12727,"date":"2021-10-20T09:37:08","date_gmt":"2021-10-20T09:37:08","guid":{"rendered":"https:\/\/bestmaresme.com\/blog\/?p=12727"},"modified":"2023-07-21T20:10:43","modified_gmt":"2023-07-21T20:10:43","slug":"reformada-con-piscina-y-a-2-pasos-del-centro-de-vilassar-de-dalt","status":"publish","type":"post","link":"https:\/\/bestmaresme.com\/blog\/reformada-con-piscina-y-a-2-pasos-del-centro-de-vilassar-de-dalt\/","title":{"rendered":"Reformada, con piscina y a 2 pasos del centro de Vilassar de Dalt"},"content":{"rendered":"<p><\/p>\n<h4>\u00bfQuieres saber m\u00e1s sobre Vilassar de Dalt?<\/h4>\n<blockquote>\n<p style=\"margin-bottom: 0cm;\"><a href=\"https:\/\/bestmaresme.com\/Vilassar_de_Dalt\/\"><strong>Vilassar de Dalt<\/strong><\/a> es un pueblo que nunca te acabas. Con una poblaci\u00f3n que no llega a los 9.000 habitantes, en Vilassar de Dalt hay teatro, museos, visitas guiadas, itinerarios autoguiados, gastronom\u00eda y vino, naturaleza y ecolog\u00eda, atracciones y ocio, fiestas y tradiciones, ferias y mercados, y comercio de proximidad.<\/p>\n<p style=\"margin-bottom: 0cm;\"><strong>Vilassar de Dalt es un pueblo con historia, activo y acogedor<\/strong> en el que pasear, distraerse o, sencillamente, sentarse a la sombra del tilo que hay en el jard\u00edn de Can Ban\u00fas.<\/p>\n<p style=\"margin-bottom: 0cm;\">Y es que Vilassar de Dalt es un pueblo familiar donde, adem\u00e1s, cada a\u00f1o se celebra el festival \u201cRevela\u2019t\u201d, que atrae fot\u00f3grafos, seguidores y aficionados a la fotograf\u00eda qu\u00edmica.<\/p>\n<\/blockquote>\n<h5><\/h5>\n<h5>Reformada y con piscina, Vilassar de Dalt<\/h5>\n<h3><a href=\"https:\/\/bestmaresme.com\/Vilassar_de_Dalt\/1315-casas-Vilassar_de_Dalt-1002\/\">+info<\/a><\/h3>\n<h3>C-1002<\/h3>\n<h3>820.000 \u20ac<\/h3>\n<p>&nbsp;<\/p>\n<p>&nbsp;<\/p>\n<p><a href=\"https:\/\/bestmaresme.com\/Vilassar_de_Dalt\/\"><b>Casa a la venta en Vilassar de Dalt<\/b><\/a>, en la mejor zona residencial. Una casa c\u00e1lida, espaciosa, luminosa,\u00a0<b>construida y proyectada en el a\u00f1o 2009 con los mejores materiales y completamente reformada en el a\u00f1o 2020, a tan solo 5 minutos andando del pueblo y de todos los servicios.<\/b><\/p>\n<p>Un espectacular hall de entrada nos da acceso la\u00a0<b>planta principal<\/b>, donde se distribuye el luminoso sal\u00f3n-comedor con acceso a la terraza, al jard\u00edn y a la cocina totalmente equipada y con lavadero independiente.<\/p>\n<figure id=\"attachment_12729\" aria-describedby=\"caption-attachment-12729\" style=\"width: 790px\" class=\"wp-caption alignnone\"><a href=\"https:\/\/bestmaresme.com\/Vilassar_de_Dalt\/1315-casas-Vilassar_de_Dalt-1002\/\"><img decoding=\"async\" loading=\"lazy\" class=\"size-large wp-image-12729\" src=\"https:\/\/bestmaresme.com\/blog\/wp-content\/uploads\/2021\/10\/IMG_8732-1024x682.jpg\" alt=\"\" width=\"790\" height=\"526\" srcset=\"https:\/\/bestmaresme.com\/blog\/wp-content\/uploads\/2021\/10\/IMG_8732-1024x682.jpg 1024w, https:\/\/bestmaresme.com\/blog\/wp-content\/uploads\/2021\/10\/IMG_8732-300x200.jpg 300w, https:\/\/bestmaresme.com\/blog\/wp-content\/uploads\/2021\/10\/IMG_8732-768x512.jpg 768w, https:\/\/bestmaresme.com\/blog\/wp-content\/uploads\/2021\/10\/IMG_8732.jpg 1400w\" sizes=\"(max-width: 790px) 100vw, 790px\" \/><\/a><figcaption id=\"caption-attachment-12729\" class=\"wp-caption-text\">Sal\u00f3n comedor con salida a jard\u00edn<\/figcaption><\/figure>\n<figure id=\"attachment_12730\" aria-describedby=\"caption-attachment-12730\" style=\"width: 790px\" class=\"wp-caption alignnone\"><a href=\"https:\/\/bestmaresme.com\/Vilassar_de_Dalt\/1315-casas-Vilassar_de_Dalt-1002\/\"><img decoding=\"async\" loading=\"lazy\" class=\"size-large wp-image-12730\" src=\"https:\/\/bestmaresme.com\/blog\/wp-content\/uploads\/2021\/10\/IMG_8740-1024x682.jpg\" alt=\"\" width=\"790\" height=\"526\" srcset=\"https:\/\/bestmaresme.com\/blog\/wp-content\/uploads\/2021\/10\/IMG_8740-1024x682.jpg 1024w, https:\/\/bestmaresme.com\/blog\/wp-content\/uploads\/2021\/10\/IMG_8740-300x200.jpg 300w, https:\/\/bestmaresme.com\/blog\/wp-content\/uploads\/2021\/10\/IMG_8740-768x512.jpg 768w, https:\/\/bestmaresme.com\/blog\/wp-content\/uploads\/2021\/10\/IMG_8740.jpg 1400w\" sizes=\"(max-width: 790px) 100vw, 790px\" \/><\/a><figcaption id=\"caption-attachment-12730\" class=\"wp-caption-text\">Cocina totalmente equipada y reformada<\/figcaption><\/figure>\n<p>Finaliza la planta un dormitorio (actualmente despacho) y un aseo de cortes\u00eda.\u00a0<b>La zona del jard\u00edn<\/b>\u00a0ha sido completamente actualizada, se ha construido una preciosa piscina de agua salina con sistema de nataci\u00f3n a contracorriente, se han cambiado todos los suelos, el c\u00e9sped y toda la jardiner\u00eda.<\/p>\n<figure id=\"attachment_12731\" aria-describedby=\"caption-attachment-12731\" style=\"width: 790px\" class=\"wp-caption alignnone\"><a href=\"https:\/\/bestmaresme.com\/Vilassar_de_Dalt\/1315-casas-Vilassar_de_Dalt-1002\/\"><img decoding=\"async\" loading=\"lazy\" class=\"size-large wp-image-12731\" src=\"https:\/\/bestmaresme.com\/blog\/wp-content\/uploads\/2021\/10\/IMG_8696-1024x682.jpg\" alt=\"\" width=\"790\" height=\"526\" srcset=\"https:\/\/bestmaresme.com\/blog\/wp-content\/uploads\/2021\/10\/IMG_8696-1024x682.jpg 1024w, https:\/\/bestmaresme.com\/blog\/wp-content\/uploads\/2021\/10\/IMG_8696-300x200.jpg 300w, https:\/\/bestmaresme.com\/blog\/wp-content\/uploads\/2021\/10\/IMG_8696-768x512.jpg 768w, https:\/\/bestmaresme.com\/blog\/wp-content\/uploads\/2021\/10\/IMG_8696.jpg 1400w\" sizes=\"(max-width: 790px) 100vw, 790px\" \/><\/a><figcaption id=\"caption-attachment-12731\" class=\"wp-caption-text\">Piscina de agua salina con sistema de nado a contracorriente<\/figcaption><\/figure>\n<p>Subiendo a la\u00a0<b>planta superior\u00a0<\/b>que nos conduce una ancha escalera de m\u00e1rmol, encontramos la zona de noche que consta de una incre\u00edble suite principal con ba\u00f1o y vestidor con salida a la terraza desde donde se disfrutan preciosas vistas y dos dormitorios dobles que comparten un ba\u00f1o completo.<\/p>\n<figure id=\"attachment_12732\" aria-describedby=\"caption-attachment-12732\" style=\"width: 790px\" class=\"wp-caption alignnone\"><a href=\"https:\/\/bestmaresme.com\/Vilassar_de_Dalt\/1315-casas-Vilassar_de_Dalt-1002\/\"><img decoding=\"async\" loading=\"lazy\" class=\"size-large wp-image-12732\" src=\"https:\/\/bestmaresme.com\/blog\/wp-content\/uploads\/2021\/10\/IMG_8771-1024x682.jpg\" alt=\"\" width=\"790\" height=\"526\" srcset=\"https:\/\/bestmaresme.com\/blog\/wp-content\/uploads\/2021\/10\/IMG_8771-1024x682.jpg 1024w, https:\/\/bestmaresme.com\/blog\/wp-content\/uploads\/2021\/10\/IMG_8771-300x200.jpg 300w, https:\/\/bestmaresme.com\/blog\/wp-content\/uploads\/2021\/10\/IMG_8771-768x512.jpg 768w, https:\/\/bestmaresme.com\/blog\/wp-content\/uploads\/2021\/10\/IMG_8771.jpg 1400w\" sizes=\"(max-width: 790px) 100vw, 790px\" \/><\/a><figcaption id=\"caption-attachment-12732\" class=\"wp-caption-text\">Suite principal con vestidor y terraza<\/figcaption><\/figure>\n<p>En la\u00a0<b>planta inferior\u00a0<\/b>est\u00e1 la zona de garaje con capacidad para 3 coches, motos, bicis\u2026 Esta misma planta dispone de una gran sala di\u00e1fana donde se ha instalado un home cinema 100% insonorizado con materiales y sistemas de sonido de alta gama, un \u00e1rea de billar y de bodega con neveras de \u00faltima generaci\u00f3n. Toda la sala dispone de entradas de luz natural. Un aseo de cortes\u00eda y un trastero junto con la sala de m\u00e1quinas completan esta planta.<\/p>\n<figure id=\"attachment_12733\" aria-describedby=\"caption-attachment-12733\" style=\"width: 790px\" class=\"wp-caption alignnone\"><a href=\"https:\/\/bestmaresme.com\/Vilassar_de_Dalt\/1315-casas-Vilassar_de_Dalt-1002\/\"><img decoding=\"async\" loading=\"lazy\" class=\"size-large wp-image-12733\" src=\"https:\/\/bestmaresme.com\/blog\/wp-content\/uploads\/2021\/10\/IMG_8808-1024x682.jpg\" alt=\"\" width=\"790\" height=\"526\" srcset=\"https:\/\/bestmaresme.com\/blog\/wp-content\/uploads\/2021\/10\/IMG_8808-1024x682.jpg 1024w, https:\/\/bestmaresme.com\/blog\/wp-content\/uploads\/2021\/10\/IMG_8808-300x200.jpg 300w, https:\/\/bestmaresme.com\/blog\/wp-content\/uploads\/2021\/10\/IMG_8808-768x512.jpg 768w, https:\/\/bestmaresme.com\/blog\/wp-content\/uploads\/2021\/10\/IMG_8808.jpg 1400w\" sizes=\"(max-width: 790px) 100vw, 790px\" \/><\/a><figcaption id=\"caption-attachment-12733\" class=\"wp-caption-text\">Sala de cine, de billar y bodega<\/figcaption><\/figure>\n<p>La casa dispone de un estupendo\u00a0<b>espacio donde poder montar un ascensor<\/b>\u00a0si se deseara. Tambi\u00e9n se podr\u00eda construir una chimenea en la zona del sal\u00f3n-comedor y en la sala di\u00e1fana.<\/p>\n<p><b>Extras a destacar:<\/b>\u00a0dom\u00f3tica, aspiraci\u00f3n centralizada, calefacci\u00f3n de suelo radiante por toda la casa, suelos de madera de roble y de m\u00e1rmol, A\/C, acumulador de agua alimentado por placas solares, barbacoa, riego autom\u00e1tico, persianas autom\u00e1ticas, alarma integrada y perimetral con sistema de videovigilancia&#8230;<\/p>\n<h4 style=\"text-align: center;\">\u00bfBuscas una casa de lujo en Maresme?<\/h4>\n<p><strong>En <a href=\"https:\/\/bestmaresme.com\/\">BestMaresme<\/a> disponemos de una gran oferta en las zonas m\u00e1s exclusivas del <a href=\"https:\/\/bestmaresme.com\/\">Maresme<\/a>.<\/strong> Somos expertos en propiedades de lujo en poblaciones como <a href=\"https:\/\/bestmaresme.com\/Cabrils\/\">Cabrils<\/a>, <a href=\"https:\/\/bestmaresme.com\/Premia_de_Dalt\/\">Premia de Dalt<\/a>, <a href=\"https:\/\/bestmaresme.com\/Vilassar_de_Dalt\/\">Vilassar de Dalt<\/a> o <a href=\"https:\/\/bestmaresme.com\/Llavaneres\/\">Llavaneres<\/a>. \u00bfEst\u00e1 buscando una casa de lujo para comprar o alquilar en la <a href=\"https:\/\/bestmaresme.com\/\">Costa de Barcelona<\/a>? <strong>Vis\u00edtanos o contacta con nosotros.<\/strong><\/p>\n<div style=\"width: 100%; text-align: center; margin-bottom: 40px;\">\n<div style=\"padding-top: 10px; font-size: 22px;\"><a style=\"color: #7c2c2d;\" title=\"Env\u00edanos un Wassap!\" href=\"https:\/\/api.whatsapp.com\/send?l=es-ES&amp;phone=34608010051\" target=\"_blank\" rel=\"noopener\">Env\u00edanos un WhatsApp &gt;&gt;<\/a><\/div>\n<div style=\"font-size: 22px;\"><a style=\"color: #7c2c2d;\" title=\"Llamar a la oficina\" href=\"tel:+34937594692\" target=\"_blank\" rel=\"noopener\">Llamanos al 93 759 46 92 &gt;&gt;<\/a><\/div>\n<\/div>\n<p>&nbsp;<!--more--><\/p>","protected":false},"excerpt":{"rendered":"<p>\u00bfQuieres saber m\u00e1s sobre Vilassar de Dalt? Vilassar de Dalt es un pueblo que nunca te acabas. Con una poblaci\u00f3n que no llega a los&hellip; <\/p>\n","protected":false},"author":1,"featured_media":12728,"comment_status":"open","ping_status":"open","sticky":false,"template":"","format":"standard","meta":{"footnotes":""},"categories":[165,122,172,234,1,72],"tags":[124,69,19,73],"_links":{"self":[{"href":"https:\/\/bestmaresme.com\/blog\/wp-json\/wp\/v2\/posts\/12727"}],"collection":[{"href":"https:\/\/bestmaresme.com\/blog\/wp-json\/wp\/v2\/posts"}],"about":[{"href":"https:\/\/bestmaresme.com\/blog\/wp-json\/wp\/v2\/types\/post"}],"author":[{"embeddable":true,"href":"https:\/\/bestmaresme.com\/blog\/wp-json\/wp\/v2\/users\/1"}],"replies":[{"embeddable":true,"href":"https:\/\/bestmaresme.com\/blog\/wp-json\/wp\/v2\/comments?post=12727"}],"version-history":[{"count":7,"href":"https:\/\/bestmaresme.com\/blog\/wp-json\/wp\/v2\/posts\/12727\/revisions"}],"predecessor-version":[{"id":43851,"href":"https:\/\/bestmaresme.com\/blog\/wp-json\/wp\/v2\/posts\/12727\/revisions\/43851"}],"wp:featuredmedia":[{"embeddable":true,"href":"https:\/\/bestmaresme.com\/blog\/wp-json\/wp\/v2\/media\/12728"}],"wp:attachment":[{"href":"https:\/\/bestmaresme.com\/blog\/wp-json\/wp\/v2\/media?parent=12727"}],"wp:term":[{"taxonomy":"category","embeddable":true,"href":"https:\/\/bestmaresme.com\/blog\/wp-json\/wp\/v2\/categories?post=12727"},{"taxonomy":"post_tag","embeddable":true,"href":"https:\/\/bestmaresme.com\/blog\/wp-json\/wp\/v2\/tags?post=12727"}],"curies":[{"name":"wp","href":"https:\/\/api.w.org\/{rel}","templated":true}]}}