{"id":13097,"date":"2021-11-12T08:56:31","date_gmt":"2021-11-12T08:56:31","guid":{"rendered":"https:\/\/bestmaresme.com\/blog\/?p=13097"},"modified":"2023-07-21T20:10:50","modified_gmt":"2023-07-21T20:10:50","slug":"ruta-de-lesquirol-premia-de-dalt","status":"publish","type":"post","link":"https:\/\/bestmaresme.com\/blog\/ruta-de-lesquirol-premia-de-dalt\/","title":{"rendered":"Ruta de l\u2019Esquirol, Premia de Dalt"},"content":{"rendered":"<p><\/p>\n<h2 style=\"text-align: center;\"><strong>\u00bfBuscas las mejores rutas de senderismo? <\/strong><\/h2>\n<p><strong>Si te apetece hacer rutas a pie, al aire libre, no dudes en venir a hacer la Ruta de L&#8217;Esquirol en <a href=\"https:\/\/bestmaresme.com\/Premia_de_Dalt\/\">Premia de Dalt<\/a>.<\/strong><\/p>\n<p>Este paseo circular nos llevar\u00e1 a conocer la colina de Sant Mateu, top\u00f3nimo que comparten la ermita, la fuente y la colina, d\u00f3nde el punto m\u00e1s alto alcanza los 499 metros.<\/p>\n<p><strong>La ruta de l\u2019Esquirol tiene como punto de partida la poblaci\u00f3n de <a href=\"https:\/\/bestmaresme.com\/Premia_de_Dalt\/\">Premia de Dalt<\/a>.<\/strong><\/p>\n<p><strong>Partimos desde la Casa de la Vila<\/strong> (que dejaremos a mano derecha) y subiremos por la riera de <a href=\"https:\/\/bestmaresme.com\/Premia_de_Dalt\/\">Premia de Dalt<\/a>, <strong>que nos llevar\u00e1 directamente al Parque Arqueol\u00f3gico de La Cadira del Bisbe<\/strong>, conocido antiguamente por la Colina de los Dos Pinos, nombre que se cambi\u00f3 a ra\u00edz del descubrimiento de los restos de un pueblo \u00cdbero.<\/p>\n<h6>La Cadira del Bisbe<\/h6>\n<figure id=\"attachment_13100\" aria-describedby=\"caption-attachment-13100\" style=\"width: 477px\" class=\"wp-caption aligncenter\"><a href=\"https:\/\/bestmaresme.com\/Premia_de_Dalt\/\"><img decoding=\"async\" loading=\"lazy\" class=\" wp-image-13100\" src=\"https:\/\/bestmaresme.com\/blog\/wp-content\/uploads\/2021\/11\/23637260Master-1024x768.jpg\" alt=\"\" width=\"477\" height=\"358\" srcset=\"https:\/\/bestmaresme.com\/blog\/wp-content\/uploads\/2021\/11\/23637260Master-1024x768.jpg 1024w, https:\/\/bestmaresme.com\/blog\/wp-content\/uploads\/2021\/11\/23637260Master-300x225.jpg 300w, https:\/\/bestmaresme.com\/blog\/wp-content\/uploads\/2021\/11\/23637260Master-768x576.jpg 768w, https:\/\/bestmaresme.com\/blog\/wp-content\/uploads\/2021\/11\/23637260Master-1536x1152.jpg 1536w, https:\/\/bestmaresme.com\/blog\/wp-content\/uploads\/2021\/11\/23637260Master.jpg 1600w\" sizes=\"(max-width: 477px) 100vw, 477px\" \/><\/a><figcaption id=\"caption-attachment-13100\" class=\"wp-caption-text\">Poblado ib\u00e9rico La Cadira del Bisbe<\/figcaption><\/figure>\n<p><strong>El poblado ib\u00e9rico La Cadira del Bisbe es<\/strong> un poblado de dimensiones medianas, ubicado en un lugar estrat\u00e9gico, con una clara intenci\u00f3n de control del territorio: el valle de Premi\u00e0 y el paso de la ruta que une el llano y la Sierra de Sant Mateu, v\u00eda de paso hacia el Vall\u00e8s.<\/p>\n<p>Su construcci\u00f3n responde a un modelo urban\u00edstico aterrazado, amurallado y con una torre defensiva.<\/p>\n<blockquote><p><strong>En la <a href=\"https:\/\/bestmaresme.com\/\">Comarca del Maresme<\/a>, se conocen otras ciudades de estas caracter\u00edsticas como<\/strong> <strong>el Mas Bosc\u00e0 (Badalona), el Tur\u00f3 de Montgat (Montgat), C\u00e9llecs (\u00d2rrius) y por \u00faltimo,Burriac (Cabrera de Mar), del que es probable que dependieran el resto de pueblos vecinos.<\/strong><\/p><\/blockquote>\n<p>Esta Colina, nos regala <strong>panor\u00e1micas vistas de la <a href=\"https:\/\/bestmaresme.com\/\">Comarca del Maresme<\/a><\/strong> con el mar de fondo.<\/p>\n<p><strong>Desde el poblado de la Cadira del Bisbe<\/strong>, encontramos dos caminos. Hay que tomar el de la derecha, paralelo a la l\u00ednea litoral y que nos adentra en un bosque t\u00edpicamente mediterr\u00e1neo, pinos, encinas, algarrobos, romero\u2026En el cual podemos encontrar tambi\u00e9n alguna que otra ardilla. Animal t\u00edpico de la zona a la cual se debe el nombre de la ruta.<\/p>\n<p>Despu\u00e9s de la ascensi\u00f3n encontramos un indicador a mano izquierda y despu\u00e9s de un camino llano, un desv\u00edo a la derecha. M\u00e1s adelante encontramos otro indicador para tomar un desv\u00edo a la derecha <strong>hac\u00eda la fuente de Sant Mateu<\/strong>.<\/p>\n<h6>Font de Sant Mateu<\/h6>\n<figure id=\"attachment_13101\" aria-describedby=\"caption-attachment-13101\" style=\"width: 509px\" class=\"wp-caption aligncenter\"><a href=\"https:\/\/bestmaresme.com\/Premia_de_Dalt\/\"><img decoding=\"async\" loading=\"lazy\" class=\" wp-image-13101\" src=\"https:\/\/bestmaresme.com\/blog\/wp-content\/uploads\/2021\/11\/unnamed.jpg\" alt=\"\" width=\"509\" height=\"339\" srcset=\"https:\/\/bestmaresme.com\/blog\/wp-content\/uploads\/2021\/11\/unnamed.jpg 512w, https:\/\/bestmaresme.com\/blog\/wp-content\/uploads\/2021\/11\/unnamed-300x200.jpg 300w\" sizes=\"(max-width: 509px) 100vw, 509px\" \/><\/a><figcaption id=\"caption-attachment-13101\" class=\"wp-caption-text\">Font de Sant Mateu<\/figcaption><\/figure>\n<p>Escondida en la derecha del camino est\u00e1 la <strong>Font de San Mateu<\/strong> y delante una gran balsa (ahora en desuso) que nos ense\u00f1a c\u00f3mo se gestionaba el agua en las antiguas Mas\u00edas, en una \u00e9poca sin agua corriente.<\/p>\n<p>Fuente <strong>obra del ceramista Juan Bautista Guivernau<\/strong> al cual le encargaron muchos paneles cer\u00e1micos con motivos de oficios y santos, lo largo de los a\u00f1os 50 del siglo XX, siguiendo el estilo medieval. Sin ir m\u00e1s lejos, en <a href=\"https:\/\/bestmaresme.com\/Premia_de_Dalt\/\">Premi\u00e0 de Dalt<\/a> a\u00fan podemos encontramos algunas.<\/p>\n<p><strong>En pocos minutos, en un camino a la izquierda, encontraremos en un claro, la Ermita de San Mateu.<\/strong><\/p>\n<h6>Ermita de San Mateu<\/h6>\n<figure id=\"attachment_13102\" aria-describedby=\"caption-attachment-13102\" style=\"width: 549px\" class=\"wp-caption aligncenter\"><img decoding=\"async\" loading=\"lazy\" class=\" wp-image-13102\" src=\"https:\/\/bestmaresme.com\/blog\/wp-content\/uploads\/2021\/11\/DSCN2646-e1636630742740.jpg\" alt=\"\" width=\"549\" height=\"387\" srcset=\"https:\/\/bestmaresme.com\/blog\/wp-content\/uploads\/2021\/11\/DSCN2646-e1636630742740.jpg 784w, https:\/\/bestmaresme.com\/blog\/wp-content\/uploads\/2021\/11\/DSCN2646-e1636630742740-300x211.jpg 300w, https:\/\/bestmaresme.com\/blog\/wp-content\/uploads\/2021\/11\/DSCN2646-e1636630742740-768x541.jpg 768w\" sizes=\"(max-width: 549px) 100vw, 549px\" \/><figcaption id=\"caption-attachment-13102\" class=\"wp-caption-text\">La ermita corona la cima de la colina de Sant Mateu<\/figcaption><\/figure>\n<p><strong>La ermita corona la cima de la colina de Sant Mateu<\/strong>, con acceso a trav\u00e9s de una pista de tierra que sale de Vilassar de Dalt o bien por otra que enlaza con Premi\u00e0 de Dalt pasando por la Cadira del Bisbe. <strong>El \u00faltimo tramo debe realizarse a pie.<\/strong><\/p>\n<p>Construida, probablemente, para sacralizar una zona pagana, la capilla es un edificio rom\u00e1nico de una sola nave cubierta con b\u00f3veda de ca\u00f1\u00f3n, con \u00e1bside semicircular, que tiene ventana de doble desgajada. La capilla est\u00e1 documentada desde el a\u00f1o 993. En una visita pastoral de 1498 se consigna que se encuentra en estado ruinoso pero se debi\u00f3 de restaurar poco despu\u00e9s ya que en el siglo XVI volv\u00eda a tener culto.<\/p>\n<p>Junto a la capilla se encuentra la vivienda del ermita\u00f1o, donde naci\u00f3 el insigne historiador mos\u00e9n Mas i Dom\u00e8nech, encargado del Archivo Capitular de la Sede de Barcelona (1900-1936).<\/p>\n<p><strong>Por el d\u00eda de Sant Mateu, alrededor del 21 de septiembre, se celebra un tradicional encuentro sardanista.<\/strong><\/p>\n<h6>Plana del mal temps<\/h6>\n<figure id=\"attachment_13103\" aria-describedby=\"caption-attachment-13103\" style=\"width: 488px\" class=\"wp-caption aligncenter\"><a href=\"https:\/\/bestmaresme.com\/Premia_de_Dalt\/\"><img decoding=\"async\" loading=\"lazy\" class=\" wp-image-13103\" src=\"https:\/\/bestmaresme.com\/blog\/wp-content\/uploads\/2021\/11\/ruta-de-lesquirol-a-premia-de-dalt-1.jpg\" alt=\"\" width=\"488\" height=\"256\" srcset=\"https:\/\/bestmaresme.com\/blog\/wp-content\/uploads\/2021\/11\/ruta-de-lesquirol-a-premia-de-dalt-1.jpg 840w, https:\/\/bestmaresme.com\/blog\/wp-content\/uploads\/2021\/11\/ruta-de-lesquirol-a-premia-de-dalt-1-300x157.jpg 300w, https:\/\/bestmaresme.com\/blog\/wp-content\/uploads\/2021\/11\/ruta-de-lesquirol-a-premia-de-dalt-1-768x402.jpg 768w\" sizes=\"(max-width: 488px) 100vw, 488px\" \/><\/a><figcaption id=\"caption-attachment-13103\" class=\"wp-caption-text\">Maravillosas vistas al mar<\/figcaption><\/figure>\n<p><strong>Para los amantes de las vistas, fuera de itinerario, si seguimos recto el camino, llegaremos a la colina de Baldiri<\/strong>, donde podemos gozar de muy buenas vistas y donde encontramos una torre de vigilancia para la prevenci\u00f3n de incendios forestales del parque.<\/p>\n<p><strong>Si seguimos el itinerario<\/strong>, debemos tomar el camino a la izquierda que nos devuelve a la Silla del Obispo. A partir de aqu\u00ed iniciamos un descenso acentuado, hasta que en una nueva bifurcaci\u00f3n bien indicada, debemos volver a tomar el camino de la derecha que baja.<\/p>\n<h4 style=\"text-align: center;\">\u00bfBuscas una <a href=\"https:\/\/bestmaresme.com\/\">casa de lujo en Barcelona<\/a>?<\/h4>\n<p>En <strong><a href=\"https:\/\/bestmaresme.com\/\">BestMaresme<\/a><\/strong> disponemos de una gran oferta en las zonas m\u00e1s exclusivas del Maresme. Somos expertos en propiedades de lujo en poblaciones como Cabrils, Premia de Dalt, Vilassar de Dalt o Llavaneres. \u00bfEst\u00e1 buscando una <a href=\"https:\/\/bestmaresme.com\/\">casa de lujo para comprar o alquilar en la Costa de Barcelona<\/a>? Vis\u00edtanos o contacta con nosotros.<\/p>\n<div style=\"width: 100%; text-align: center; margin-bottom: 40px;\">\n<div style=\"padding-top: 10px; font-size: 22px;\"><a style=\"color: #7c2c2d;\" title=\"Env\u00edanos un Wassap!\" href=\"https:\/\/api.whatsapp.com\/send?l=es-ES&amp;phone=34608010051\" target=\"_blank\" rel=\"noopener\">Env\u00edanos un WhatsApp &gt;&gt;<\/a><\/div>\n<div style=\"font-size: 22px;\"><a style=\"color: #7c2c2d;\" title=\"Llamar a la oficina\" href=\"tel:+34937594692\" target=\"_blank\" rel=\"noopener\">Llamanos al 93 759 46 92 &gt;&gt;<\/a><\/div>\n<\/div>\n<p>&nbsp;<\/p>\n<p>&nbsp;<\/p>\n<p>&nbsp;<!--more--><\/p>","protected":false},"excerpt":{"rendered":"<p>\u00bfBuscas las mejores rutas de senderismo? Si te apetece hacer rutas a pie, al aire libre, no dudes en venir a hacer la Ruta de&hellip; <\/p>\n","protected":false},"author":1,"featured_media":13099,"comment_status":"open","ping_status":"open","sticky":false,"template":"","format":"standard","meta":{"footnotes":""},"categories":[119,122,121,209,172,2,1],"tags":[68,41,19,5,60],"_links":{"self":[{"href":"https:\/\/bestmaresme.com\/blog\/wp-json\/wp\/v2\/posts\/13097"}],"collection":[{"href":"https:\/\/bestmaresme.com\/blog\/wp-json\/wp\/v2\/posts"}],"about":[{"href":"https:\/\/bestmaresme.com\/blog\/wp-json\/wp\/v2\/types\/post"}],"author":[{"embeddable":true,"href":"https:\/\/bestmaresme.com\/blog\/wp-json\/wp\/v2\/users\/1"}],"replies":[{"embeddable":true,"href":"https:\/\/bestmaresme.com\/blog\/wp-json\/wp\/v2\/comments?post=13097"}],"version-history":[{"count":7,"href":"https:\/\/bestmaresme.com\/blog\/wp-json\/wp\/v2\/posts\/13097\/revisions"}],"predecessor-version":[{"id":43920,"href":"https:\/\/bestmaresme.com\/blog\/wp-json\/wp\/v2\/posts\/13097\/revisions\/43920"}],"wp:featuredmedia":[{"embeddable":true,"href":"https:\/\/bestmaresme.com\/blog\/wp-json\/wp\/v2\/media\/13099"}],"wp:attachment":[{"href":"https:\/\/bestmaresme.com\/blog\/wp-json\/wp\/v2\/media?parent=13097"}],"wp:term":[{"taxonomy":"category","embeddable":true,"href":"https:\/\/bestmaresme.com\/blog\/wp-json\/wp\/v2\/categories?post=13097"},{"taxonomy":"post_tag","embeddable":true,"href":"https:\/\/bestmaresme.com\/blog\/wp-json\/wp\/v2\/tags?post=13097"}],"curies":[{"name":"wp","href":"https:\/\/api.w.org\/{rel}","templated":true}]}}