{"id":133,"date":"2016-05-04T15:48:17","date_gmt":"2016-05-04T15:48:17","guid":{"rendered":"http:\/\/bestmaresme.com\/blog\/?p=133"},"modified":"2023-07-21T20:07:25","modified_gmt":"2023-07-21T20:07:25","slug":"chalet-cabrera-de-mar-c-45","status":"publish","type":"post","link":"https:\/\/bestmaresme.com\/blog\/chalet-cabrera-de-mar-c-45\/","title":{"rendered":"Chalet de estilo mediterr\u00e1neo en SANTA ELENA D&#8217;AGELL, CABRERA DE MAR"},"content":{"rendered":"<p><img decoding=\"async\" loading=\"lazy\" class=\"aligncenter size-full wp-image-135\" src=\"http:\/\/bestmaresme.com\/blog\/wp-content\/uploads\/2016\/05\/a.jpg\" alt=\"\" width=\"937\" height=\"600\" srcset=\"https:\/\/bestmaresme.com\/blog\/wp-content\/uploads\/2016\/05\/a.jpg 937w, https:\/\/bestmaresme.com\/blog\/wp-content\/uploads\/2016\/05\/a-300x192.jpg 300w, https:\/\/bestmaresme.com\/blog\/wp-content\/uploads\/2016\/05\/a-768x492.jpg 768w, https:\/\/bestmaresme.com\/blog\/wp-content\/uploads\/2016\/05\/a-508x325.jpg 508w\" sizes=\"(max-width: 937px) 100vw, 937px\" \/><\/p>\n<figure id=\"attachment_134\" aria-describedby=\"caption-attachment-134\" style=\"width: 1928px\" class=\"wp-caption aligncenter\"><img decoding=\"async\" loading=\"lazy\" class=\"size-full wp-image-134\" src=\"http:\/\/bestmaresme.com\/blog\/wp-content\/uploads\/2016\/05\/IMG_0300.jpg\" alt=\"Chalet de estilo mediterr\u00e1neo \" width=\"1928\" height=\"1285\" srcset=\"https:\/\/bestmaresme.com\/blog\/wp-content\/uploads\/2016\/05\/IMG_0300.jpg 1928w, https:\/\/bestmaresme.com\/blog\/wp-content\/uploads\/2016\/05\/IMG_0300-300x200.jpg 300w, https:\/\/bestmaresme.com\/blog\/wp-content\/uploads\/2016\/05\/IMG_0300-768x512.jpg 768w, https:\/\/bestmaresme.com\/blog\/wp-content\/uploads\/2016\/05\/IMG_0300-1024x682.jpg 1024w, https:\/\/bestmaresme.com\/blog\/wp-content\/uploads\/2016\/05\/IMG_0300-973x648.jpg 973w, https:\/\/bestmaresme.com\/blog\/wp-content\/uploads\/2016\/05\/IMG_0300-508x339.jpg 508w\" sizes=\"(max-width: 1928px) 100vw, 1928px\" \/><figcaption id=\"caption-attachment-134\" class=\"wp-caption-text\">Chalet de estilo mediterr\u00e1neo<\/figcaption><\/figure>\n<p>Construida en el a\u00f1o 2004 sobre una parcela de 2.000 m2 en la mejor zona residencial de Cabrera de Mar, Santa Elena d&#8217; Agell, a dos pasos del centro de la poblaci\u00f3n y a 30 min del centro de la ciudad de Barcelona.<\/p>\n<figure id=\"attachment_136\" aria-describedby=\"caption-attachment-136\" style=\"width: 927px\" class=\"wp-caption aligncenter\"><img decoding=\"async\" loading=\"lazy\" class=\"wp-image-136 size-full\" src=\"http:\/\/bestmaresme.com\/blog\/wp-content\/uploads\/2016\/05\/6.jpg\" alt=\"Distribuci\u00f3n en dos niveles\" width=\"927\" height=\"600\" srcset=\"https:\/\/bestmaresme.com\/blog\/wp-content\/uploads\/2016\/05\/6.jpg 927w, https:\/\/bestmaresme.com\/blog\/wp-content\/uploads\/2016\/05\/6-300x194.jpg 300w, https:\/\/bestmaresme.com\/blog\/wp-content\/uploads\/2016\/05\/6-768x497.jpg 768w, https:\/\/bestmaresme.com\/blog\/wp-content\/uploads\/2016\/05\/6-508x329.jpg 508w\" sizes=\"(max-width: 927px) 100vw, 927px\" \/><figcaption id=\"caption-attachment-136\" class=\"wp-caption-text\">Distribuci\u00f3n en tres niveles<\/figcaption><\/figure>\n<p><img decoding=\"async\" loading=\"lazy\" class=\"aligncenter size-full wp-image-137\" src=\"http:\/\/bestmaresme.com\/blog\/wp-content\/uploads\/2016\/05\/14.jpg\" alt=\"\" width=\"907\" height=\"600\" srcset=\"https:\/\/bestmaresme.com\/blog\/wp-content\/uploads\/2016\/05\/14.jpg 907w, https:\/\/bestmaresme.com\/blog\/wp-content\/uploads\/2016\/05\/14-300x198.jpg 300w, https:\/\/bestmaresme.com\/blog\/wp-content\/uploads\/2016\/05\/14-768x508.jpg 768w, https:\/\/bestmaresme.com\/blog\/wp-content\/uploads\/2016\/05\/14-508x336.jpg 508w\" sizes=\"(max-width: 907px) 100vw, 907px\" \/><\/p>\n<p>Vivienda de 450 m2 distribuidos en 3 niveles, de estilo mediterr\u00e1neo, planta principal: amplio sal\u00f3n comedor, cocina con office, ba\u00f1o completo con plato de ducha y un despacho con salida al jard\u00edn y zona chill-out de verano.; primera planta: 2 habitaciones dobles que comparten un ba\u00f1o y master suite con vestidor y ba\u00f1o; planta s\u00f3tano: zona de servicio, sala de juegos, zona lavadero y garaje cerrado para 4 coches.<\/p>\n<figure id=\"attachment_138\" aria-describedby=\"caption-attachment-138\" style=\"width: 1928px\" class=\"wp-caption aligncenter\"><img decoding=\"async\" loading=\"lazy\" class=\"wp-image-138 size-full\" src=\"http:\/\/bestmaresme.com\/blog\/wp-content\/uploads\/2016\/05\/IMG_0264.jpg\" width=\"1928\" height=\"1285\" srcset=\"https:\/\/bestmaresme.com\/blog\/wp-content\/uploads\/2016\/05\/IMG_0264.jpg 1928w, https:\/\/bestmaresme.com\/blog\/wp-content\/uploads\/2016\/05\/IMG_0264-300x200.jpg 300w, https:\/\/bestmaresme.com\/blog\/wp-content\/uploads\/2016\/05\/IMG_0264-768x512.jpg 768w, https:\/\/bestmaresme.com\/blog\/wp-content\/uploads\/2016\/05\/IMG_0264-1024x682.jpg 1024w, https:\/\/bestmaresme.com\/blog\/wp-content\/uploads\/2016\/05\/IMG_0264-973x648.jpg 973w, https:\/\/bestmaresme.com\/blog\/wp-content\/uploads\/2016\/05\/IMG_0264-508x339.jpg 508w\" sizes=\"(max-width: 1928px) 100vw, 1928px\" \/><figcaption id=\"caption-attachment-138\" class=\"wp-caption-text\">Cocina Office<\/figcaption><\/figure>\n<figure id=\"attachment_139\" aria-describedby=\"caption-attachment-139\" style=\"width: 926px\" class=\"wp-caption aligncenter\"><img decoding=\"async\" loading=\"lazy\" class=\"wp-image-139 size-full\" src=\"http:\/\/bestmaresme.com\/blog\/wp-content\/uploads\/2016\/05\/2.jpg\" width=\"926\" height=\"600\" srcset=\"https:\/\/bestmaresme.com\/blog\/wp-content\/uploads\/2016\/05\/2.jpg 926w, https:\/\/bestmaresme.com\/blog\/wp-content\/uploads\/2016\/05\/2-300x194.jpg 300w, https:\/\/bestmaresme.com\/blog\/wp-content\/uploads\/2016\/05\/2-768x498.jpg 768w, https:\/\/bestmaresme.com\/blog\/wp-content\/uploads\/2016\/05\/2-508x329.jpg 508w\" sizes=\"(max-width: 926px) 100vw, 926px\" \/><figcaption id=\"caption-attachment-139\" class=\"wp-caption-text\">Comedor de Verano<\/figcaption><\/figure>\n<p><img decoding=\"async\" loading=\"lazy\" class=\"aligncenter size-full wp-image-140\" src=\"http:\/\/bestmaresme.com\/blog\/wp-content\/uploads\/2016\/05\/IMG_0278.jpg\" alt=\"IMG_0278\" width=\"1928\" height=\"1285\" srcset=\"https:\/\/bestmaresme.com\/blog\/wp-content\/uploads\/2016\/05\/IMG_0278.jpg 1928w, https:\/\/bestmaresme.com\/blog\/wp-content\/uploads\/2016\/05\/IMG_0278-300x200.jpg 300w, https:\/\/bestmaresme.com\/blog\/wp-content\/uploads\/2016\/05\/IMG_0278-768x512.jpg 768w, https:\/\/bestmaresme.com\/blog\/wp-content\/uploads\/2016\/05\/IMG_0278-1024x682.jpg 1024w, https:\/\/bestmaresme.com\/blog\/wp-content\/uploads\/2016\/05\/IMG_0278-973x648.jpg 973w, https:\/\/bestmaresme.com\/blog\/wp-content\/uploads\/2016\/05\/IMG_0278-508x339.jpg 508w\" sizes=\"(max-width: 1928px) 100vw, 1928px\" \/><br \/>\nEl jard\u00edn goza de m\u00e1xima intimidad con piscina, peque\u00f1o bosque de pinos y comedor de verano.<\/p>\n<p class=\"txt20\">Referencia: <strong>C-45<\/strong><\/p>\n<h2>PRECIO<\/h2>\n<ul>\n<li><strong>Venta:<\/strong> 1.450.000 \u20ac<\/li>\n<\/ul>\n<h2>DEPENDENCIAS<\/h2>\n<ul>\n<li><strong>Superficie:<\/strong> 450 m\u00b2<\/li>\n<li><strong>Construidos:<\/strong> 450 m\u00b2<\/li>\n<li><strong>Parcela:<\/strong> 2000 m\u00b2<\/li>\n<li><strong>Habitaciones:<\/strong> 6<\/li>\n<li><strong>Ba\u00f1os:<\/strong> 4<\/li>\n<li><strong>Garaje<\/strong><\/li>\n<\/ul>\n<p><\/p>","protected":false},"excerpt":{"rendered":"<p>Construida en el a\u00f1o 2004 sobre una parcela de 2.000 m2 en la mejor zona residencial de Cabrera de Mar, Santa Elena d&#8217; Agell, a&hellip; <\/p>\n","protected":false},"author":1,"featured_media":135,"comment_status":"open","ping_status":"open","sticky":false,"template":"","format":"standard","meta":{"footnotes":""},"categories":[44,120],"tags":[45,41,3,19],"_links":{"self":[{"href":"https:\/\/bestmaresme.com\/blog\/wp-json\/wp\/v2\/posts\/133"}],"collection":[{"href":"https:\/\/bestmaresme.com\/blog\/wp-json\/wp\/v2\/posts"}],"about":[{"href":"https:\/\/bestmaresme.com\/blog\/wp-json\/wp\/v2\/types\/post"}],"author":[{"embeddable":true,"href":"https:\/\/bestmaresme.com\/blog\/wp-json\/wp\/v2\/users\/1"}],"replies":[{"embeddable":true,"href":"https:\/\/bestmaresme.com\/blog\/wp-json\/wp\/v2\/comments?post=133"}],"version-history":[{"count":1,"href":"https:\/\/bestmaresme.com\/blog\/wp-json\/wp\/v2\/posts\/133\/revisions"}],"predecessor-version":[{"id":2913,"href":"https:\/\/bestmaresme.com\/blog\/wp-json\/wp\/v2\/posts\/133\/revisions\/2913"}],"wp:featuredmedia":[{"embeddable":true,"href":"https:\/\/bestmaresme.com\/blog\/wp-json\/wp\/v2\/media\/135"}],"wp:attachment":[{"href":"https:\/\/bestmaresme.com\/blog\/wp-json\/wp\/v2\/media?parent=133"}],"wp:term":[{"taxonomy":"category","embeddable":true,"href":"https:\/\/bestmaresme.com\/blog\/wp-json\/wp\/v2\/categories?post=133"},{"taxonomy":"post_tag","embeddable":true,"href":"https:\/\/bestmaresme.com\/blog\/wp-json\/wp\/v2\/tags?post=133"}],"curies":[{"name":"wp","href":"https:\/\/api.w.org\/{rel}","templated":true}]}}