{"id":1356,"date":"2016-07-25T14:34:09","date_gmt":"2016-07-25T14:34:09","guid":{"rendered":"http:\/\/bestmaresme.com\/blog\/?p=1356"},"modified":"2023-07-21T20:07:44","modified_gmt":"2023-07-21T20:07:44","slug":"fantastic-house-located-in-the-residential-complex-of-the-golf-of-sant-vicenc-montalt","status":"publish","type":"post","link":"https:\/\/bestmaresme.com\/blog\/fantastic-house-located-in-the-residential-complex-of-the-golf-of-sant-vicenc-montalt\/","title":{"rendered":"Fant\u00e1stica casa situada en la zona residencial del Golf de SANT VICEN\u00c7 DE MONTALT"},"content":{"rendered":"<p><img decoding=\"async\" loading=\"lazy\" class=\"alignnone wp-image-1358 size-full\" src=\"http:\/\/bestmaresme.com\/blog\/wp-content\/uploads\/2016\/07\/IMG_5894.jpg\" alt=\"IMG_5894\" width=\"1000\" height=\"667\" srcset=\"https:\/\/bestmaresme.com\/blog\/wp-content\/uploads\/2016\/07\/IMG_5894.jpg 1000w, https:\/\/bestmaresme.com\/blog\/wp-content\/uploads\/2016\/07\/IMG_5894-300x200.jpg 300w, https:\/\/bestmaresme.com\/blog\/wp-content\/uploads\/2016\/07\/IMG_5894-768x512.jpg 768w, https:\/\/bestmaresme.com\/blog\/wp-content\/uploads\/2016\/07\/IMG_5894-973x649.jpg 973w, https:\/\/bestmaresme.com\/blog\/wp-content\/uploads\/2016\/07\/IMG_5894-508x339.jpg 508w\" sizes=\"(max-width: 1000px) 100vw, 1000px\" \/><\/p>\n<blockquote><p>Vivienda situada en la zona residencial del golf de Sant Vicen\u00e7 de Montalt, rodeada de verde y con excelentes vistas al mar del a\u00f1o 2005 y distribuida en dos plantas mas garaje anexo.<\/p><\/blockquote>\n<p>\u27a1<a href=\"\/St_Vicenc_Montalt\/\">En la zona residencial del GOLF rodeada de verde y excelentes vistas al mar<\/a><\/p>\n<figure id=\"attachment_1359\" aria-describedby=\"caption-attachment-1359\" style=\"width: 1000px\" class=\"wp-caption alignnone\"><img decoding=\"async\" loading=\"lazy\" class=\"wp-image-1359 size-full\" src=\"http:\/\/bestmaresme.com\/blog\/wp-content\/uploads\/2016\/07\/IMG_5909.jpg\" alt=\"IMG_5909\" width=\"1000\" height=\"667\" srcset=\"https:\/\/bestmaresme.com\/blog\/wp-content\/uploads\/2016\/07\/IMG_5909.jpg 1000w, https:\/\/bestmaresme.com\/blog\/wp-content\/uploads\/2016\/07\/IMG_5909-300x200.jpg 300w, https:\/\/bestmaresme.com\/blog\/wp-content\/uploads\/2016\/07\/IMG_5909-768x512.jpg 768w, https:\/\/bestmaresme.com\/blog\/wp-content\/uploads\/2016\/07\/IMG_5909-973x649.jpg 973w, https:\/\/bestmaresme.com\/blog\/wp-content\/uploads\/2016\/07\/IMG_5909-508x339.jpg 508w\" sizes=\"(max-width: 1000px) 100vw, 1000px\" \/><figcaption id=\"caption-attachment-1359\" class=\"wp-caption-text\">Luminoso sal\u00f3n con grandes cristaleras<\/figcaption><\/figure>\n<p>En la planta baja, desde el Hall de entrada y a trav\u00e9s de unas puertas correderas se encuentra un luminoso sal\u00f3n con grandes cristaleras que comunica el jard\u00edn y un agradable y relajante porche, comedor independiente, cocina office y una habitaci\u00f3n individual con ba\u00f1o completo.<\/p>\n<figure id=\"attachment_1360\" aria-describedby=\"caption-attachment-1360\" style=\"width: 1000px\" class=\"wp-caption alignnone\"><img decoding=\"async\" loading=\"lazy\" class=\"wp-image-1360 size-full\" src=\"http:\/\/bestmaresme.com\/blog\/wp-content\/uploads\/2016\/07\/IMG_5915.jpg\" alt=\"IMG_5915\" width=\"1000\" height=\"667\" srcset=\"https:\/\/bestmaresme.com\/blog\/wp-content\/uploads\/2016\/07\/IMG_5915.jpg 1000w, https:\/\/bestmaresme.com\/blog\/wp-content\/uploads\/2016\/07\/IMG_5915-300x200.jpg 300w, https:\/\/bestmaresme.com\/blog\/wp-content\/uploads\/2016\/07\/IMG_5915-768x512.jpg 768w, https:\/\/bestmaresme.com\/blog\/wp-content\/uploads\/2016\/07\/IMG_5915-973x649.jpg 973w, https:\/\/bestmaresme.com\/blog\/wp-content\/uploads\/2016\/07\/IMG_5915-508x339.jpg 508w\" sizes=\"(max-width: 1000px) 100vw, 1000px\" \/><figcaption id=\"caption-attachment-1360\" class=\"wp-caption-text\">Comedor Independiente<\/figcaption><\/figure>\n<p>En la planta superior se distribuyen 3 dormitorios dobles, con grandes armarios empotrados, todos los dormitorios disfrutan de unas magn\u00edficas vistas al mar, (la suite principal dispone de un gran vestidor)<br \/>\nLa parcela de 800 m2 es totalmente plana y muy f\u00e1cil para hacer una gran piscina, muy bien comunicada, cerca del n\u00facleo hist\u00f3rico, de la poblaci\u00f3n de Sant Vicen\u00e7 de Montalt y de la ciudad de Barcelona con f\u00e1cil y r\u00e1pido acceso por autopista, la casa se encuentra en perfectas condiciones con parquet, ventanas de aluminio, calefacci\u00f3n, cocina amueblada y equipada, garaje para dos coches y otros veh\u00edculos con puerta autom\u00e1tica&#8230;<\/p>\n<figure id=\"attachment_1361\" aria-describedby=\"caption-attachment-1361\" style=\"width: 1000px\" class=\"wp-caption alignnone\"><img decoding=\"async\" loading=\"lazy\" class=\"wp-image-1361 size-full\" src=\"http:\/\/bestmaresme.com\/blog\/wp-content\/uploads\/2016\/07\/IMG_5922.jpg\" alt=\"IMG_5922\" width=\"1000\" height=\"667\" srcset=\"https:\/\/bestmaresme.com\/blog\/wp-content\/uploads\/2016\/07\/IMG_5922.jpg 1000w, https:\/\/bestmaresme.com\/blog\/wp-content\/uploads\/2016\/07\/IMG_5922-300x200.jpg 300w, https:\/\/bestmaresme.com\/blog\/wp-content\/uploads\/2016\/07\/IMG_5922-768x512.jpg 768w, https:\/\/bestmaresme.com\/blog\/wp-content\/uploads\/2016\/07\/IMG_5922-973x649.jpg 973w, https:\/\/bestmaresme.com\/blog\/wp-content\/uploads\/2016\/07\/IMG_5922-508x339.jpg 508w\" sizes=\"(max-width: 1000px) 100vw, 1000px\" \/><figcaption id=\"caption-attachment-1361\" class=\"wp-caption-text\">Cocina Office<\/figcaption><\/figure>\n<figure id=\"attachment_1362\" aria-describedby=\"caption-attachment-1362\" style=\"width: 1000px\" class=\"wp-caption alignnone\"><img decoding=\"async\" loading=\"lazy\" class=\"wp-image-1362 size-full\" src=\"http:\/\/bestmaresme.com\/blog\/wp-content\/uploads\/2016\/07\/IMG_5935.jpg\" alt=\"IMG_5935\" width=\"1000\" height=\"667\" srcset=\"https:\/\/bestmaresme.com\/blog\/wp-content\/uploads\/2016\/07\/IMG_5935.jpg 1000w, https:\/\/bestmaresme.com\/blog\/wp-content\/uploads\/2016\/07\/IMG_5935-300x200.jpg 300w, https:\/\/bestmaresme.com\/blog\/wp-content\/uploads\/2016\/07\/IMG_5935-768x512.jpg 768w, https:\/\/bestmaresme.com\/blog\/wp-content\/uploads\/2016\/07\/IMG_5935-973x649.jpg 973w, https:\/\/bestmaresme.com\/blog\/wp-content\/uploads\/2016\/07\/IMG_5935-508x339.jpg 508w\" sizes=\"(max-width: 1000px) 100vw, 1000px\" \/><figcaption id=\"caption-attachment-1362\" class=\"wp-caption-text\">Suite con gran vestidor<\/figcaption><\/figure>\n<figure id=\"attachment_1363\" aria-describedby=\"caption-attachment-1363\" style=\"width: 1000px\" class=\"wp-caption alignnone\"><img decoding=\"async\" loading=\"lazy\" class=\"wp-image-1363 size-full\" src=\"http:\/\/bestmaresme.com\/blog\/wp-content\/uploads\/2016\/07\/IMG_5938.jpg\" alt=\"IMG_5938\" width=\"1000\" height=\"667\" srcset=\"https:\/\/bestmaresme.com\/blog\/wp-content\/uploads\/2016\/07\/IMG_5938.jpg 1000w, https:\/\/bestmaresme.com\/blog\/wp-content\/uploads\/2016\/07\/IMG_5938-300x200.jpg 300w, https:\/\/bestmaresme.com\/blog\/wp-content\/uploads\/2016\/07\/IMG_5938-768x512.jpg 768w, https:\/\/bestmaresme.com\/blog\/wp-content\/uploads\/2016\/07\/IMG_5938-973x649.jpg 973w, https:\/\/bestmaresme.com\/blog\/wp-content\/uploads\/2016\/07\/IMG_5938-508x339.jpg 508w\" sizes=\"(max-width: 1000px) 100vw, 1000px\" \/><figcaption id=\"caption-attachment-1363\" class=\"wp-caption-text\">Ba\u00f1o equipado<\/figcaption><\/figure>\n<figure id=\"attachment_1364\" aria-describedby=\"caption-attachment-1364\" style=\"width: 1000px\" class=\"wp-caption alignnone\"><img decoding=\"async\" loading=\"lazy\" class=\"wp-image-1364 size-full\" src=\"http:\/\/bestmaresme.com\/blog\/wp-content\/uploads\/2016\/07\/IMG_5939.jpg\" alt=\"IMG_5939\" width=\"1000\" height=\"667\" srcset=\"https:\/\/bestmaresme.com\/blog\/wp-content\/uploads\/2016\/07\/IMG_5939.jpg 1000w, https:\/\/bestmaresme.com\/blog\/wp-content\/uploads\/2016\/07\/IMG_5939-300x200.jpg 300w, https:\/\/bestmaresme.com\/blog\/wp-content\/uploads\/2016\/07\/IMG_5939-768x512.jpg 768w, https:\/\/bestmaresme.com\/blog\/wp-content\/uploads\/2016\/07\/IMG_5939-973x649.jpg 973w, https:\/\/bestmaresme.com\/blog\/wp-content\/uploads\/2016\/07\/IMG_5939-508x339.jpg 508w\" sizes=\"(max-width: 1000px) 100vw, 1000px\" \/><figcaption id=\"caption-attachment-1364\" class=\"wp-caption-text\">Amplio Garaje<\/figcaption><\/figure>\n<p class=\"txt20\">Referencia: <strong>C-141<\/strong><\/p>\n<h2>PRECIO<\/h2>\n<ul>\n<li><strong>Venta:<\/strong> 595.000 \u20ac<\/li>\n<\/ul>\n<h2>DEPENDENCIAS<\/h2>\n<ul>\n<li><strong>Superficie:<\/strong> 200 m\u00b2<\/li>\n<li><strong>Construidos:<\/strong> 200 m\u00b2<\/li>\n<li><strong>Parcela:<\/strong> 800 m\u00b2<\/li>\n<li><strong>Habitaciones:<\/strong> 4<\/li>\n<li><strong>Ba\u00f1os:<\/strong> 3<\/li>\n<li><strong>Garaje<\/strong><\/li>\n<\/ul>\n<p>\u27a1\u00a0Ver m\u00e1s inmuebles en\u00a0<a href=\"\/St_Vicenc_Montalt\/\">SANT VICEN\u00c7 DE MONTALT<\/a><\/p>","protected":false},"excerpt":{"rendered":"<p>Vivienda situada en la zona residencial del golf de Sant Vicen\u00e7 de Montalt, rodeada de verde y con excelentes vistas al mar del a\u00f1o 2005&hellip; <\/p>\n","protected":false},"author":1,"featured_media":1357,"comment_status":"open","ping_status":"open","sticky":false,"template":"","format":"standard","meta":{"footnotes":""},"categories":[120,29,1],"tags":[68,6,33,41,3,91,9,19,32,60],"_links":{"self":[{"href":"https:\/\/bestmaresme.com\/blog\/wp-json\/wp\/v2\/posts\/1356"}],"collection":[{"href":"https:\/\/bestmaresme.com\/blog\/wp-json\/wp\/v2\/posts"}],"about":[{"href":"https:\/\/bestmaresme.com\/blog\/wp-json\/wp\/v2\/types\/post"}],"author":[{"embeddable":true,"href":"https:\/\/bestmaresme.com\/blog\/wp-json\/wp\/v2\/users\/1"}],"replies":[{"embeddable":true,"href":"https:\/\/bestmaresme.com\/blog\/wp-json\/wp\/v2\/comments?post=1356"}],"version-history":[{"count":4,"href":"https:\/\/bestmaresme.com\/blog\/wp-json\/wp\/v2\/posts\/1356\/revisions"}],"predecessor-version":[{"id":40606,"href":"https:\/\/bestmaresme.com\/blog\/wp-json\/wp\/v2\/posts\/1356\/revisions\/40606"}],"wp:featuredmedia":[{"embeddable":true,"href":"https:\/\/bestmaresme.com\/blog\/wp-json\/wp\/v2\/media\/1357"}],"wp:attachment":[{"href":"https:\/\/bestmaresme.com\/blog\/wp-json\/wp\/v2\/media?parent=1356"}],"wp:term":[{"taxonomy":"category","embeddable":true,"href":"https:\/\/bestmaresme.com\/blog\/wp-json\/wp\/v2\/categories?post=1356"},{"taxonomy":"post_tag","embeddable":true,"href":"https:\/\/bestmaresme.com\/blog\/wp-json\/wp\/v2\/tags?post=1356"}],"curies":[{"name":"wp","href":"https:\/\/api.w.org\/{rel}","templated":true}]}}