{"id":14036,"date":"2022-01-24T12:27:09","date_gmt":"2022-01-24T12:27:09","guid":{"rendered":"https:\/\/bestmaresme.com\/blog\/?p=14036"},"modified":"2023-07-21T20:11:06","modified_gmt":"2023-07-21T20:11:06","slug":"espectacular-villa-mediterranea-a-la-venta-en-cabrera-de-mar","status":"publish","type":"post","link":"https:\/\/bestmaresme.com\/blog\/espectacular-villa-mediterranea-a-la-venta-en-cabrera-de-mar\/","title":{"rendered":"Espectacular villa mediterr\u00e1nea a la venta en Cabrera de Mar"},"content":{"rendered":"<p><\/p>\n<p style=\"margin-bottom: 0cm;\"><b><span style=\"font-size: 16.0pt;\">Cabrera de Mar<\/span><\/b><\/p>\n<p>&nbsp;<\/p>\n<p style=\"margin-bottom: 0cm;\"><strong>A los pies del castillo de Burriac y situado entre el mar y la monta\u00f1a<\/strong>, Cabrera de Mar ofrece al visitante una gran riqueza arqueol\u00f3gica en un yacimiento ibero y en diversos yacimientos romanos.<\/p>\n<p style=\"margin-bottom: 0cm;\">En los \u00faltimos a\u00f1os la agricultura, donde destaca el cultivo de claveles, ha reducido su importancia en beneficio de la industria y el turismo<\/p>\n<p style=\"margin-bottom: 0cm;\"><strong>Cabrera de Mar ofrece<\/strong> un sinf\u00edn de actividades tur\u00edsticas como las visitas guiadas a sus distintos yacimientos o al castillo y, aunque el pueblo est\u00e9 en el interior, cuenta con <strong>una franja mar\u00edtima de 2.500 metros de longitud repartida en cuatro playas: Vinyals, Mol\u00ed, de Cabrera y Santa Margarida.<\/strong><\/p>\n<h5><\/h5>\n<h5>Casa en terreno de 2.000 m\u00b2 plano. Cabrera<\/h5>\n<h3><a href=\"https:\/\/bestmaresme.com\/Cabrera_de_Mar\/142-casas-Cabrera_de_Mar-115\/\">+info<\/a><\/h3>\n<h3>C-115<\/h3>\n<h3>1.675.000 \u20ac<\/h3>\n<p>&nbsp;<\/p>\n<p>&nbsp;<\/p>\n<p><b>Espectacular<a href=\"https:\/\/bestmaresme.com\/Cabrera_de_mar\/\">\u00a0villa mediterr\u00e1nea a la venta en Cabrera de Mar<\/a>, construida el a\u00f1o 2000, sobre parcela completamente plana de 2.000 m\u00b2 con incre\u00edbles vistas al mediterr\u00e1neo y privacidad absoluta. <\/b><\/p>\n<p><b>Con una superficie construida de 474 m\u00b2 y distribuida en 3 plantas<\/b>.<\/p>\n<p><b>-En la primera planta<\/b>\u00a0hay un espacioso sal\u00f3n con chimenea y acceso a la terraza y jard\u00edn, un comedor independiente con mucha luz natural y una c\u00f3moda y moderna cocina con zona de desayuno.<\/p>\n<figure id=\"attachment_14039\" aria-describedby=\"caption-attachment-14039\" style=\"width: 790px\" class=\"wp-caption aligncenter\"><a href=\"https:\/\/bestmaresme.com\/Cabrera_de_Mar\/142-casas-Cabrera_de_Mar-115\/\"><img decoding=\"async\" loading=\"lazy\" class=\"size-large wp-image-14039\" src=\"https:\/\/bestmaresme.com\/blog\/wp-content\/uploads\/2022\/01\/IMG_8703-1024x682.jpg\" alt=\"\" width=\"790\" height=\"526\" srcset=\"https:\/\/bestmaresme.com\/blog\/wp-content\/uploads\/2022\/01\/IMG_8703-1024x682.jpg 1024w, https:\/\/bestmaresme.com\/blog\/wp-content\/uploads\/2022\/01\/IMG_8703-300x200.jpg 300w, https:\/\/bestmaresme.com\/blog\/wp-content\/uploads\/2022\/01\/IMG_8703-768x512.jpg 768w, https:\/\/bestmaresme.com\/blog\/wp-content\/uploads\/2022\/01\/IMG_8703.jpg 1400w\" sizes=\"(max-width: 790px) 100vw, 790px\" \/><\/a><figcaption id=\"caption-attachment-14039\" class=\"wp-caption-text\">Sal\u00f3n con chimenea y salida a jard\u00edn<\/figcaption><\/figure>\n<figure id=\"attachment_14040\" aria-describedby=\"caption-attachment-14040\" style=\"width: 790px\" class=\"wp-caption aligncenter\"><a href=\"https:\/\/bestmaresme.com\/Cabrera_de_Mar\/142-casas-Cabrera_de_Mar-115\/\"><img decoding=\"async\" loading=\"lazy\" class=\"size-large wp-image-14040\" src=\"https:\/\/bestmaresme.com\/blog\/wp-content\/uploads\/2022\/01\/IMG_8701-1024x682.jpg\" alt=\"\" width=\"790\" height=\"526\" srcset=\"https:\/\/bestmaresme.com\/blog\/wp-content\/uploads\/2022\/01\/IMG_8701-1024x682.jpg 1024w, https:\/\/bestmaresme.com\/blog\/wp-content\/uploads\/2022\/01\/IMG_8701-300x200.jpg 300w, https:\/\/bestmaresme.com\/blog\/wp-content\/uploads\/2022\/01\/IMG_8701-768x512.jpg 768w, https:\/\/bestmaresme.com\/blog\/wp-content\/uploads\/2022\/01\/IMG_8701.jpg 1400w\" sizes=\"(max-width: 790px) 100vw, 790px\" \/><\/a><figcaption id=\"caption-attachment-14040\" class=\"wp-caption-text\">Zona comedor con vistas al mar<\/figcaption><\/figure>\n<figure id=\"attachment_14041\" aria-describedby=\"caption-attachment-14041\" style=\"width: 790px\" class=\"wp-caption aligncenter\"><a href=\"https:\/\/bestmaresme.com\/Cabrera_de_Mar\/142-casas-Cabrera_de_Mar-115\/\"><img decoding=\"async\" loading=\"lazy\" class=\"size-large wp-image-14041\" src=\"https:\/\/bestmaresme.com\/blog\/wp-content\/uploads\/2022\/01\/IMG_8706-1024x682.jpg\" alt=\"\" width=\"790\" height=\"526\" srcset=\"https:\/\/bestmaresme.com\/blog\/wp-content\/uploads\/2022\/01\/IMG_8706-1024x682.jpg 1024w, https:\/\/bestmaresme.com\/blog\/wp-content\/uploads\/2022\/01\/IMG_8706-300x200.jpg 300w, https:\/\/bestmaresme.com\/blog\/wp-content\/uploads\/2022\/01\/IMG_8706-768x512.jpg 768w, https:\/\/bestmaresme.com\/blog\/wp-content\/uploads\/2022\/01\/IMG_8706.jpg 1400w\" sizes=\"(max-width: 790px) 100vw, 790px\" \/><\/a><figcaption id=\"caption-attachment-14041\" class=\"wp-caption-text\">Amplia cocina office, con zona de lavado independiente<\/figcaption><\/figure>\n<h4 style=\"text-align: center;\">\u00bfBuscas una <a href=\"https:\/\/bestmaresme.com\/\">casa de lujo en Barcelona<\/a>?<\/h4>\n<p>En <strong><a href=\"https:\/\/bestmaresme.com\/\">BestMaresme<\/a><\/strong> disponemos de una gran oferta en las zonas m\u00e1s exclusivas del <strong><a href=\"https:\/\/bestmaresme.com\/\">Maresme<\/a><\/strong>. Somos expertos en <a href=\"https:\/\/bestmaresme.com\/\">propiedades de lujo<\/a> en poblaciones como Cabrils, Premia de Dalt, Vilassar de Dalt o Llavaneres. \u00bfEst\u00e1 buscando una <a href=\"https:\/\/bestmaresme.com\/\">casa de lujo para comprar o alquilar en la Costa de Barcelona<\/a>? Vis\u00edtanos o contacta con nosotros.<\/p>\n<div style=\"width: 100%; text-align: center; margin-bottom: 40px;\">\n<div style=\"padding-top: 10px; font-size: 22px;\"><a style=\"color: #7c2c2d;\" title=\"Env\u00edanos un Wassap!\" href=\"https:\/\/api.whatsapp.com\/send?l=es-ES&amp;phone=34608010051\" target=\"_blank\" rel=\"noopener\">Env\u00edanos un WhatsApp &gt;&gt;<\/a><\/div>\n<div style=\"font-size: 22px;\"><a style=\"color: #7c2c2d;\" title=\"Llamar a la oficina\" href=\"tel:+34937594692\" target=\"_blank\" rel=\"noopener\">Llamanos al 93 759 46 92 &gt;&gt;<\/a><span style=\"font-size: 15px;\">\u00a0<\/span><\/div>\n<\/div>\n<figure id=\"attachment_14042\" aria-describedby=\"caption-attachment-14042\" style=\"width: 790px\" class=\"wp-caption aligncenter\"><a href=\"https:\/\/bestmaresme.com\/Cabrera_de_Mar\/142-casas-Cabrera_de_Mar-115\/\"><img decoding=\"async\" loading=\"lazy\" class=\"size-large wp-image-14042\" src=\"https:\/\/bestmaresme.com\/blog\/wp-content\/uploads\/2022\/01\/IMG_8680-1024x682.jpg\" alt=\"\" width=\"790\" height=\"526\" srcset=\"https:\/\/bestmaresme.com\/blog\/wp-content\/uploads\/2022\/01\/IMG_8680-1024x682.jpg 1024w, https:\/\/bestmaresme.com\/blog\/wp-content\/uploads\/2022\/01\/IMG_8680-300x200.jpg 300w, https:\/\/bestmaresme.com\/blog\/wp-content\/uploads\/2022\/01\/IMG_8680-768x512.jpg 768w, https:\/\/bestmaresme.com\/blog\/wp-content\/uploads\/2022\/01\/IMG_8680.jpg 1400w\" sizes=\"(max-width: 790px) 100vw, 790px\" \/><\/a><figcaption id=\"caption-attachment-14042\" class=\"wp-caption-text\">Porche cubierto con vistas al mar<\/figcaption><\/figure>\n<p><strong>En esta misma planta<\/strong> se ubica el dormitorio principal con cuarto de ba\u00f1o privado, vestidor y acceso al jard\u00edn, otro dormitorio doble con cuarto de ba\u00f1o privado y un segundo sal\u00f3n.<\/p>\n<figure id=\"attachment_14043\" aria-describedby=\"caption-attachment-14043\" style=\"width: 790px\" class=\"wp-caption aligncenter\"><a href=\"https:\/\/bestmaresme.com\/Cabrera_de_Mar\/142-casas-Cabrera_de_Mar-115\/\"><img decoding=\"async\" loading=\"lazy\" class=\"size-large wp-image-14043\" src=\"https:\/\/bestmaresme.com\/blog\/wp-content\/uploads\/2022\/01\/IMG_8707-1024x682.jpg\" alt=\"\" width=\"790\" height=\"526\" srcset=\"https:\/\/bestmaresme.com\/blog\/wp-content\/uploads\/2022\/01\/IMG_8707-1024x682.jpg 1024w, https:\/\/bestmaresme.com\/blog\/wp-content\/uploads\/2022\/01\/IMG_8707-300x200.jpg 300w, https:\/\/bestmaresme.com\/blog\/wp-content\/uploads\/2022\/01\/IMG_8707-768x512.jpg 768w, https:\/\/bestmaresme.com\/blog\/wp-content\/uploads\/2022\/01\/IMG_8707.jpg 1400w\" sizes=\"(max-width: 790px) 100vw, 790px\" \/><\/a><figcaption id=\"caption-attachment-14043\" class=\"wp-caption-text\">Habitaci\u00f3n principal, en planta<\/figcaption><\/figure>\n<p><b>-La segunda planta<\/b>\u00a0ofrece un estudio con cuarto de ba\u00f1o privado, 2 dormitorios dobles que comparten un cuarto de ba\u00f1o y un dormitorio individual.<\/p>\n<p><b>-En el s\u00f3tano<\/b>\u00a0se encuentra un garaje de 3 o 4 plazas, un lavadero, trastero y zona de servicio privado con cocina, cuarto de ba\u00f1o y su propia entrada independiente a la vivienda.<\/p>\n<p><b>El exterior incluye un fant\u00e1stico jard\u00edn con piscina y una zona chill out con magn\u00edficas vistas al mar.\u00a0<\/b>La propiedad est\u00e1 orientada hacia el sureste y cuenta con amplios ventanales que la llenan de luz natural.<\/p>\n<figure id=\"attachment_14044\" aria-describedby=\"caption-attachment-14044\" style=\"width: 790px\" class=\"wp-caption aligncenter\"><a href=\"https:\/\/bestmaresme.com\/Cabrera_de_Mar\/142-casas-Cabrera_de_Mar-115\/\"><img decoding=\"async\" loading=\"lazy\" class=\"size-large wp-image-14044\" src=\"https:\/\/bestmaresme.com\/blog\/wp-content\/uploads\/2022\/01\/IMG_8688-1024x682.jpg\" alt=\"\" width=\"790\" height=\"526\" srcset=\"https:\/\/bestmaresme.com\/blog\/wp-content\/uploads\/2022\/01\/IMG_8688-1024x682.jpg 1024w, https:\/\/bestmaresme.com\/blog\/wp-content\/uploads\/2022\/01\/IMG_8688-300x200.jpg 300w, https:\/\/bestmaresme.com\/blog\/wp-content\/uploads\/2022\/01\/IMG_8688-768x512.jpg 768w, https:\/\/bestmaresme.com\/blog\/wp-content\/uploads\/2022\/01\/IMG_8688.jpg 1400w\" sizes=\"(max-width: 790px) 100vw, 790px\" \/><\/a><figcaption id=\"caption-attachment-14044\" class=\"wp-caption-text\">Piscina con zona chill out<\/figcaption><\/figure>\n<p>&nbsp;<!--more--><\/p>","protected":false},"excerpt":{"rendered":"<p>Cabrera de Mar &nbsp; A los pies del castillo de Burriac y situado entre el mar y la monta\u00f1a, Cabrera de Mar ofrece al visitante&hellip; <\/p>\n","protected":false},"author":1,"featured_media":14038,"comment_status":"open","ping_status":"open","sticky":false,"template":"","format":"standard","meta":{"footnotes":""},"categories":[44,256,165,172,1],"tags":[45,124,41,69,19,4,60],"_links":{"self":[{"href":"https:\/\/bestmaresme.com\/blog\/wp-json\/wp\/v2\/posts\/14036"}],"collection":[{"href":"https:\/\/bestmaresme.com\/blog\/wp-json\/wp\/v2\/posts"}],"about":[{"href":"https:\/\/bestmaresme.com\/blog\/wp-json\/wp\/v2\/types\/post"}],"author":[{"embeddable":true,"href":"https:\/\/bestmaresme.com\/blog\/wp-json\/wp\/v2\/users\/1"}],"replies":[{"embeddable":true,"href":"https:\/\/bestmaresme.com\/blog\/wp-json\/wp\/v2\/comments?post=14036"}],"version-history":[{"count":5,"href":"https:\/\/bestmaresme.com\/blog\/wp-json\/wp\/v2\/posts\/14036\/revisions"}],"predecessor-version":[{"id":44070,"href":"https:\/\/bestmaresme.com\/blog\/wp-json\/wp\/v2\/posts\/14036\/revisions\/44070"}],"wp:featuredmedia":[{"embeddable":true,"href":"https:\/\/bestmaresme.com\/blog\/wp-json\/wp\/v2\/media\/14038"}],"wp:attachment":[{"href":"https:\/\/bestmaresme.com\/blog\/wp-json\/wp\/v2\/media?parent=14036"}],"wp:term":[{"taxonomy":"category","embeddable":true,"href":"https:\/\/bestmaresme.com\/blog\/wp-json\/wp\/v2\/categories?post=14036"},{"taxonomy":"post_tag","embeddable":true,"href":"https:\/\/bestmaresme.com\/blog\/wp-json\/wp\/v2\/tags?post=14036"}],"curies":[{"name":"wp","href":"https:\/\/api.w.org\/{rel}","templated":true}]}}