{"id":14320,"date":"2022-02-03T12:19:08","date_gmt":"2022-02-03T12:19:08","guid":{"rendered":"https:\/\/bestmaresme.com\/blog\/?p=14320"},"modified":"2023-07-21T20:11:10","modified_gmt":"2023-07-21T20:11:10","slug":"canet-de-mar-escenario-de-la-novela-ganadora-del-premi-josep-pla-2022","status":"publish","type":"post","link":"https:\/\/bestmaresme.com\/blog\/canet-de-mar-escenario-de-la-novela-ganadora-del-premi-josep-pla-2022\/","title":{"rendered":"Canet de Mar, escenario de la novela ganadora del Premi Josep Pla 2022"},"content":{"rendered":"<p><strong>Antoni Cruanyes Becana,<\/strong> primer alcalde de <strong>Canet de Mar<\/strong> tras el franquismo (1979-1987) dej\u00f3 escrito a su muerte: \u201cEspero que cuando falte se me recuerde durante un tiempo con un poco de amor\u201d. Su nieto, el presentador de TV3 Toni Cruanyes (Canet de Mar, <a href=\"https:\/\/bestmaresme.com\/\">Maresme<\/a>, 1974), quiso cumplir la \u00faltima voluntad de su abuelo, fallecido a causa de la Covid, y se puso a indagar en su vida. El resultado es la novela <strong>\u201cLa vall de la llum<\/strong>\u201d con la que ha ganado el <strong>Premi Josep Pla<\/strong>.<\/p>\n<figure id=\"attachment_14322\" aria-describedby=\"caption-attachment-14322\" style=\"width: 739px\" class=\"wp-caption aligncenter\"><img decoding=\"async\" loading=\"lazy\" class=\"wp-image-14322 size-full\" src=\"https:\/\/bestmaresme.com\/blog\/wp-content\/uploads\/2022\/02\/cruanyes-2-e1643887412561.jpg\" alt=\"\" width=\"739\" height=\"432\" srcset=\"https:\/\/bestmaresme.com\/blog\/wp-content\/uploads\/2022\/02\/cruanyes-2-e1643887412561.jpg 739w, https:\/\/bestmaresme.com\/blog\/wp-content\/uploads\/2022\/02\/cruanyes-2-e1643887412561-300x175.jpg 300w\" sizes=\"(max-width: 739px) 100vw, 739px\" \/><figcaption id=\"caption-attachment-14322\" class=\"wp-caption-text\">Toni Cruanyes, entrevistado por TV3, se\u00f1ala el pueblo de Canet para mostrar el porqu\u00e9 le llama Vall de Llum<\/figcaption><\/figure>\n<p>En la novela <strong>Canet de Mar<\/strong> es el Valle de la Luz debido a la ubicaci\u00f3n privilegiada de la poblaci\u00f3n, que la llena de luz por todos sus rincones todo el d\u00eda. En este escenario lleno de recuerdos de su infancia es donde Cruanyes ha ubicado su novela. \u201cEste libro -afirma Cruanyes- recuerda la vida de mi abuelo, que es la historia de una \u00e9poca. Es un homenaje a una generaci\u00f3n entera de hombres y mujeres que sobrevivieron a una guerra cuando eran ni\u00f1os y que ahora han tenido que afrontar la pandemia desde una residencia geri\u00e1trica. La compilaci\u00f3n de una vida que abraza casi la totalidad del siglo XX me ha llevado por caminos ins\u00f3litos. He descubierto secretos de mi abuelo, y tambi\u00e9n he entendido mejor algunas de la decisiones que tom\u00f3\u201d.<\/p>\n<figure id=\"attachment_14323\" aria-describedby=\"caption-attachment-14323\" style=\"width: 783px\" class=\"wp-caption aligncenter\"><img decoding=\"async\" loading=\"lazy\" class=\"size-full wp-image-14323\" src=\"https:\/\/bestmaresme.com\/blog\/wp-content\/uploads\/2022\/02\/fotos-familiars.jpg\" alt=\"\" width=\"783\" height=\"484\" srcset=\"https:\/\/bestmaresme.com\/blog\/wp-content\/uploads\/2022\/02\/fotos-familiars.jpg 783w, https:\/\/bestmaresme.com\/blog\/wp-content\/uploads\/2022\/02\/fotos-familiars-300x185.jpg 300w, https:\/\/bestmaresme.com\/blog\/wp-content\/uploads\/2022\/02\/fotos-familiars-768x475.jpg 768w\" sizes=\"(max-width: 783px) 100vw, 783px\" \/><figcaption id=\"caption-attachment-14323\" class=\"wp-caption-text\">Fotos del \u00e1lbum familiar de Toni Cruanyes<\/figcaption><\/figure>\n<p><strong>\u201cLa vall de la Llum\u201d<\/strong> explica la historia ver\u00eddica de como un pueblo de ca\u00f1as, viento y barro, se despert\u00f3 a la modernidad, y lo hace a trav\u00e9s de las vivencias de una familia payesa que se abre paso en un mundo que se transforma muy deprisa.<\/p>\n<p>&nbsp;<\/p>\n<h4 style=\"text-align: center;\">\u00bfBuscas una <a href=\"https:\/\/bestmaresme.com\/\">casa de lujo en Barcelona<\/a>?<\/h4>\n<p>En <strong><a href=\"https:\/\/bestmaresme.com\/\">BestMaresme<\/a><\/strong> disponemos de una gran oferta en las zonas m\u00e1s exclusivas del <strong><a href=\"https:\/\/bestmaresme.com\/\">Maresme<\/a><\/strong>. Somos expertos en <a href=\"https:\/\/bestmaresme.com\/\">propiedades de lujo<\/a> en poblaciones como Cabrils, Premia de Dalt, Vilassar de Dalt o Llavaneres. \u00bfEst\u00e1 buscando una <a href=\"https:\/\/bestmaresme.com\/\">casa de lujo para comprar o alquilar en la Costa de Barcelona<\/a>? Vis\u00edtanos o contacta con nosotros.<\/p>\n<div style=\"width: 100%; text-align: center; margin-bottom: 40px;\">\n<div style=\"padding-top: 10px; font-size: 22px;\"><a style=\"color: #7c2c2d;\" title=\"Env\u00edanos un Wassap!\" href=\"https:\/\/api.whatsapp.com\/send?l=es-ES&amp;phone=34608010051\" target=\"_blank\" rel=\"noopener\">Env\u00edanos un WhatsApp &gt;&gt;<\/a><\/div>\n<div style=\"font-size: 22px;\"><a style=\"color: #7c2c2d;\" title=\"Llamar a la oficina\" href=\"tel:+34937594692\" target=\"_blank\" rel=\"noopener\">Llamanos al 93 759 46 92 &gt;&gt;<\/a><\/div>\n<\/div>\n<p>&nbsp;<\/p>\n<p><strong>Mientras escrib\u00eda la novela, el autor fue descubriendo algunos secretos.<\/strong> De hecho el motor del libro es el de resolver algo que no cuadra y que nos deporta una sorpresa final. Cruanyes se ha dedicado a recomponer un aut\u00e9ntico puzzle familiar que le ha hecho regresar a su Canet natal y a los paisajes que conserva en su memoria. El autor puntualiza que todo lo que explica es real y que tan solo ha cambiado algunos nombres, por respeto a los descendientes de algunos protagonistas de hechos escabrosos y delictivos y as\u00ed evitar posibles consecuencias legales.<\/p>\n<p><strong>Una historia que transcurre en un <a href=\"https:\/\/bestmaresme.com\/\">pueblo del Maresme<\/a> y que seguramente se podr\u00eda extrapolar a muchos otros pueblos de Catalunya.<\/strong><!--more--><\/p>","protected":false},"excerpt":{"rendered":"<p>Antoni Cruanyes Becana, primer alcalde de Canet de Mar tras el franquismo (1979-1987) dej\u00f3 escrito a su muerte: \u201cEspero que cuando falte se me recuerde&hellip; <\/p>\n","protected":false},"author":1,"featured_media":14321,"comment_status":"open","ping_status":"open","sticky":false,"template":"","format":"standard","meta":{"footnotes":""},"categories":[180,119,122,117,121,172,1],"tags":[52,68,264,19,22,60],"_links":{"self":[{"href":"https:\/\/bestmaresme.com\/blog\/wp-json\/wp\/v2\/posts\/14320"}],"collection":[{"href":"https:\/\/bestmaresme.com\/blog\/wp-json\/wp\/v2\/posts"}],"about":[{"href":"https:\/\/bestmaresme.com\/blog\/wp-json\/wp\/v2\/types\/post"}],"author":[{"embeddable":true,"href":"https:\/\/bestmaresme.com\/blog\/wp-json\/wp\/v2\/users\/1"}],"replies":[{"embeddable":true,"href":"https:\/\/bestmaresme.com\/blog\/wp-json\/wp\/v2\/comments?post=14320"}],"version-history":[{"count":7,"href":"https:\/\/bestmaresme.com\/blog\/wp-json\/wp\/v2\/posts\/14320\/revisions"}],"predecessor-version":[{"id":44109,"href":"https:\/\/bestmaresme.com\/blog\/wp-json\/wp\/v2\/posts\/14320\/revisions\/44109"}],"wp:featuredmedia":[{"embeddable":true,"href":"https:\/\/bestmaresme.com\/blog\/wp-json\/wp\/v2\/media\/14321"}],"wp:attachment":[{"href":"https:\/\/bestmaresme.com\/blog\/wp-json\/wp\/v2\/media?parent=14320"}],"wp:term":[{"taxonomy":"category","embeddable":true,"href":"https:\/\/bestmaresme.com\/blog\/wp-json\/wp\/v2\/categories?post=14320"},{"taxonomy":"post_tag","embeddable":true,"href":"https:\/\/bestmaresme.com\/blog\/wp-json\/wp\/v2\/tags?post=14320"}],"curies":[{"name":"wp","href":"https:\/\/api.w.org\/{rel}","templated":true}]}}