{"id":14432,"date":"2022-02-17T09:57:17","date_gmt":"2022-02-17T09:57:17","guid":{"rendered":"https:\/\/bestmaresme.com\/blog\/?p=14432"},"modified":"2023-07-21T20:11:11","modified_gmt":"2023-07-21T20:11:11","slug":"el-maresme-prepara-el-primer-carnaval-postpandemia","status":"publish","type":"post","link":"https:\/\/bestmaresme.com\/blog\/el-maresme-prepara-el-primer-carnaval-postpandemia\/","title":{"rendered":"El Maresme prepara el primer Carnaval postpandemia"},"content":{"rendered":"<p><strong>El 24 de febrero del 2022 es Jueves Lardero<\/strong> (\u201cDijous Gras\u201d). Este d\u00eda marca el inicio de los primeros carnavales despu\u00e9s de la pandemia. Durante algo m\u00e1s de una semana los pueblos de la <a href=\"https:\/\/bestmaresme.com\/\">comarca del Maresme<\/a> vivir\u00e1n intensamente estas fiestas. Cada uno de ellos afronta los carnavales de este a\u00f1o con sus propias propuestas para protegerse de la Covid.<\/p>\n<h2>Badalona<\/h2>\n<p><strong>S\u00e1bado 26<\/strong>, 17 h, Torre Mena (C\/ Reus \/ pl Amistat). Preg\u00f3n de la Reina Carnestoltes y su corte. A continuaci\u00f3n inicio de la r\u00faa.<\/p>\n<p><strong>S\u00e1bado, 26<\/strong>, 19 h, plaza Trafalgar. Baile de disfraces con un grupo de versiones.<\/p>\n<h2><a href=\"https:\/\/bestmaresme.com\/Cabrera_de_mar\/\">Cabrera de Mar<\/a><\/h2>\n<p><a href=\"https:\/\/bestmaresme.com\/Cabrera_de_mar\/\">Cabrera de Mar<\/a> recupera su carnaval presencial con los dos concursos de disfraces, el infantil y el adulto, con 3 categor\u00edas (individual, pareja y comparsa).<\/p>\n<p><strong>Viernes 25<\/strong>, 18 h, envelat municipal. Animaci\u00f3n infantil y concurso infantil de disfraces.<\/p>\n<p><strong>Viernes 25<\/strong>, 18 h, envelat municipal. Concurso de disfraces para adultos y bailes de Carnestoltes.<\/p>\n<p><strong>Lunes 28<\/strong>, 17,30 h, casal de la gent gran El Castellet . Espect\u00e1culo musical \u201cThe show must go on\u201d.<\/p>\n<p><strong>Martes, 1,<\/strong> 20 h, envelat municipal. El Ball de Momerotes preceder\u00e0 la marcha f\u00fanebre que dar\u00e1 comienzo a las 22 h.<\/p>\n<p><strong>Mi\u00e9rcoles 2<\/strong>, 19 h, terraza de Can Martinet. Despedida del Carnestoltes con la lectura del testamento a la que seguir\u00e1 el entierro de la sardina.<\/p>\n<h2>Matar\u00f3<\/h2>\n<p><a href=\"https:\/\/www.culturamataro.cat\/carnestoltes22\" target=\"_blank\" rel=\"noopener\">Matar\u00f3<\/a>, capital del <a href=\"https:\/\/bestmaresme.com\/\">Maresme<\/a> recupera el acto central de su carnaval, la r\u00faa.<\/p>\n<p><strong>Viernes, 25<\/strong>, 21 h, plaza del ajuntament. Los Botargues aparecer\u00e1n por el Pati del Caf\u00e8 Nou y, junto con la Momerota y la Momerotetaes, se dirigir\u00e1 hasta el Ajuntament donde Pellofa XLIV har\u00e1 su preg\u00f3n.<\/p>\n<p><strong>S\u00e1bado 26<\/strong>, 11.30 h, Parc Central . Ball de Gitanes organizado por la Associaci\u00f3 Cultural Mestres del Gai Saber con la participaci\u00f3n de la Cobla la Principal de la Bisbal y la participaci\u00f3n del Esbart Rocasagna de Gelida, el Moss\u00e8n Bisc\u00fater y el Ball de Gitanes de Matar\u00f3.<\/p>\n<p><strong>S\u00e1bado 26,<\/strong> 12 h, plaza Onze de Setembre, Pasacalle de las Xirigotes organitzado por\u00a0 la Associaci\u00f3 Cultural Cita Flamenca con la Comparsa Gaditana de Barcelona, la Chirigota de Barcelona y la Comparsa de los Hermanos M\u00e1rquez.<\/p>\n<p><strong>S\u00e1bado 26<\/strong>, 18 h, parque de Cerdanyola. Rua de Carnaval con m\u00fasica en vivo con la participaci\u00f3n de cinco grupos o charangas musicales. Una vez finalizada la r\u00faa y entregados los premios, baile de carnaval con la Orquestra La Tropical.<\/p>\n<p><strong>Mi\u00e9rcoles 2<\/strong>, 18 h, Parc Central. Entierro de En Pellofa.<\/p>\n<figure id=\"attachment_14434\" aria-describedby=\"caption-attachment-14434\" style=\"width: 701px\" class=\"wp-caption aligncenter\"><img decoding=\"async\" loading=\"lazy\" class=\" wp-image-14434\" src=\"https:\/\/bestmaresme.com\/blog\/wp-content\/uploads\/2022\/02\/sardina-mataro.jpeg\" alt=\"\" width=\"701\" height=\"389\" srcset=\"https:\/\/bestmaresme.com\/blog\/wp-content\/uploads\/2022\/02\/sardina-mataro.jpeg 768w, https:\/\/bestmaresme.com\/blog\/wp-content\/uploads\/2022\/02\/sardina-mataro-300x166.jpeg 300w\" sizes=\"(max-width: 701px) 100vw, 701px\" \/><figcaption id=\"caption-attachment-14434\" class=\"wp-caption-text\">Entierro de la sardina, en Matar\u00f3<\/figcaption><\/figure>\n<h2>Premi\u00e0 de Mar<\/h2>\n<p><strong>Jueves 24<\/strong>, 17 h, diversas calles. Llegada de Sa Majestat Primili\u00e0 acompa\u00f1ado por buena m\u00fasica.<\/p>\n<p><strong>Domingo 27,<\/strong> 11.30 h, plaza de la Sardana. Pasacalle infantil y espect\u00e1culo con Ambauka.<\/p>\n<p><strong>Lunes 28<\/strong>, 12 h, patio de la Escola La Li\u00f3. Espect\u00e1culo circense con la Cia Los Herrerita.<\/p>\n<p><strong>Mi\u00e9rcoles 2,<\/strong> 17.30 h, Plaza Pa\u00efsos Catalans. Testamento del Rei Carnestoltes y Entierro de la sardina.<\/p>\n<h2><a href=\"https:\/\/bestmaresme.com\/Llavaneres\/\">Sant Andreu de Llavaneres<\/a><\/h2>\n<p><a href=\"https:\/\/bestmaresme.com\/Llavaneres\/\">Llavaneres<\/a> recupera la r\u00faa pero no habr\u00e1 ni concurso de disfraces ni baile para evitar contagios.<\/p>\n<p><strong>S\u00e1bado 26,<\/strong> 18 h. Inicio de la r\u00faa que recorrer\u00e1 las calles del centro. En el parque Ca l&#8217;Alfaro habr\u00e1 final de fiesta con la actuaci\u00f3n del grupo de animaci\u00f3n Xarop de canya. Tambi\u00e9n participar\u00e1n Ultraescenika y Els Batubanyuts.<\/p>\n<p>&nbsp;<\/p>\n<h4 style=\"text-align: center;\">\u00bfBuscas una <a href=\"https:\/\/bestmaresme.com\/\">casa de lujo en Barcelona<\/a>?<\/h4>\n<p>En <strong><a href=\"https:\/\/bestmaresme.com\/\">BestMaresme<\/a><\/strong> disponemos de una gran oferta en las zonas m\u00e1s exclusivas del <a href=\"https:\/\/bestmaresme.com\/\">Maresme<\/a>. Somos expertos en <a href=\"https:\/\/bestmaresme.com\/\">propiedades de lujo<\/a> en poblaciones como Cabrils, Premia de Dalt, Vilassar de Dalt o Llavaneres. \u00bfEst\u00e1 buscando una <a href=\"https:\/\/bestmaresme.com\/\">casa de lujo para comprar o alquilar en la Costa de Barcelona<\/a>? Vis\u00edtanos o contacta con nosotros.<\/p>\n<div style=\"width: 100%; text-align: center; margin-bottom: 40px;\">\n<div style=\"padding-top: 10px; font-size: 22px;\"><a style=\"color: #7c2c2d;\" title=\"Env\u00edanos un Wassap!\" href=\"https:\/\/api.whatsapp.com\/send?l=es-ES&amp;phone=34608010051\" target=\"_blank\" rel=\"noopener\">Env\u00edanos un WhatsApp &gt;&gt;<\/a><\/div>\n<div style=\"font-size: 22px;\"><a style=\"color: #7c2c2d;\" title=\"Llamar a la oficina\" href=\"tel:+34937594692\" target=\"_blank\" rel=\"noopener\">Llamanos al 93 759 46 92 &gt;&gt;<\/a><span style=\"font-size: 15px;\">\u00a0<\/span><\/div>\n<div><\/div>\n<\/div>\n<h2><a href=\"https:\/\/bestmaresme.com\/Vilassar_de_Dalt\/\">Vilassar de Dalt<\/a><\/h2>\n<p>El Carnaval de <a href=\"https:\/\/bestmaresme.com\/Vilassar_de_Dalt\/\">Vilassar de Dalt<\/a> recupera la r\u00faa y el concurso de tortillas.<\/p>\n<p><strong>Jueves 24,<\/strong> 20 h, L\u2019Estrella. Concurso de tortillas.<\/p>\n<p><strong>Domingo 27<\/strong>, 11 h, Les Escoles. Salida de la r\u00faa que recorrer\u00e1 las calles Ignasi Bufal\u00e0, Manuel Moreno, Anselm Clav\u00e9, Nou, Mestra Viladrosa, \u00c0ngel Guimer\u00e0 y finalizar\u00e1 en la plaza de la Vila donde se anunciar\u00e1 el veredicto del concurso de disfraces.<\/p>\n<h2><a href=\"https:\/\/bestmaresme.com\/Vilassar_de_Mar\/\">Vilassar de Mar<\/a><\/h2>\n<p>Este a\u00f1o un baile de disfraces sustituir\u00e1 la rua de Carnaval, en <a href=\"https:\/\/bestmaresme.com\/Vilassar_de_Mar\/\">Vilassar de Mar<\/a>. Las restricciones sanitarias de la \u00faltima ola de la Covid han impedido preparar en condiciones las comparsas y por ello se ha decidido el cambio de rua por baile. El baile estar\u00e1 amenizado por el grupo de versiones The Covers Band y contar\u00e1 con algunas sorpresas.<\/p>\n<p><strong>Jueves 24<\/strong>, 17.30 h, plaza del Ajuntament. Llegada del Rey Carnestoltes que dar\u00e1 inicio a las fiestas.<\/p>\n<p><strong>S\u00e1bado 26<\/strong>, 12 h, plaza Picasso. Caranaval infantil con el espect\u00e1culo de canciones, danza, juegos musicales y humor a cargo de Roger Canal.<\/p>\n<p>S\u00e1bado 26, 19.30 h, Veral de l\u2019Ocata. Preg\u00f3n y actuaci\u00f3n del grupo de versiones The Covers Band.<\/p>\n<p><strong>Domingo 27<\/strong>, 12 h, plaza del C\u00edrcol. XLV Carnestoltes Firobi, con el espect\u00e1culo La festa dels salats, a cargo de la compa\u00f1\u00eda de Lleida, Encara farem salat.<\/p>\n<p><strong>Domingo 27,<\/strong> 17.30 h, Sala Cultural Maria Roser Carrau. La compa\u00f1\u00eda El gecko con botas representa el espect\u00e1culo familiar \u201cAventura en estel\u201d.<\/p>\n<p><strong>Mi\u00e9rcoles 2<\/strong>. Entierro de la sardina con un pasacalle amenizado por Aval y Mansuets de Foc, desde Can Bisa hasta la plaza del Ajuntament.<\/p>\n<p><figure id=\"attachment_14444\" aria-describedby=\"caption-attachment-14444\" style=\"width: 659px\" class=\"wp-caption aligncenter\"><img decoding=\"async\" loading=\"lazy\" class=\" wp-image-14444\" src=\"https:\/\/bestmaresme.com\/blog\/wp-content\/uploads\/2022\/02\/Pregovilassardemar.jpg\" alt=\"\" width=\"659\" height=\"440\" srcset=\"https:\/\/bestmaresme.com\/blog\/wp-content\/uploads\/2022\/02\/Pregovilassardemar.jpg 799w, https:\/\/bestmaresme.com\/blog\/wp-content\/uploads\/2022\/02\/Pregovilassardemar-300x201.jpg 300w, https:\/\/bestmaresme.com\/blog\/wp-content\/uploads\/2022\/02\/Pregovilassardemar-768x513.jpg 768w\" sizes=\"(max-width: 659px) 100vw, 659px\" \/><figcaption id=\"caption-attachment-14444\" class=\"wp-caption-text\">Preg\u00f3n de Vilassar de Mar<\/figcaption><\/figure><!--more--><\/p>","protected":false},"excerpt":{"rendered":"<p>El 24 de febrero del 2022 es Jueves Lardero (\u201cDijous Gras\u201d). Este d\u00eda marca el inicio de los primeros carnavales despu\u00e9s de la pandemia. Durante&hellip; <\/p>\n","protected":false},"author":1,"featured_media":14442,"comment_status":"open","ping_status":"open","sticky":false,"template":"","format":"standard","meta":{"footnotes":""},"categories":[236,119,122,117,121,172,234,1],"tags":[52,68,266,124,41,19,22],"_links":{"self":[{"href":"https:\/\/bestmaresme.com\/blog\/wp-json\/wp\/v2\/posts\/14432"}],"collection":[{"href":"https:\/\/bestmaresme.com\/blog\/wp-json\/wp\/v2\/posts"}],"about":[{"href":"https:\/\/bestmaresme.com\/blog\/wp-json\/wp\/v2\/types\/post"}],"author":[{"embeddable":true,"href":"https:\/\/bestmaresme.com\/blog\/wp-json\/wp\/v2\/users\/1"}],"replies":[{"embeddable":true,"href":"https:\/\/bestmaresme.com\/blog\/wp-json\/wp\/v2\/comments?post=14432"}],"version-history":[{"count":19,"href":"https:\/\/bestmaresme.com\/blog\/wp-json\/wp\/v2\/posts\/14432\/revisions"}],"predecessor-version":[{"id":44127,"href":"https:\/\/bestmaresme.com\/blog\/wp-json\/wp\/v2\/posts\/14432\/revisions\/44127"}],"wp:featuredmedia":[{"embeddable":true,"href":"https:\/\/bestmaresme.com\/blog\/wp-json\/wp\/v2\/media\/14442"}],"wp:attachment":[{"href":"https:\/\/bestmaresme.com\/blog\/wp-json\/wp\/v2\/media?parent=14432"}],"wp:term":[{"taxonomy":"category","embeddable":true,"href":"https:\/\/bestmaresme.com\/blog\/wp-json\/wp\/v2\/categories?post=14432"},{"taxonomy":"post_tag","embeddable":true,"href":"https:\/\/bestmaresme.com\/blog\/wp-json\/wp\/v2\/tags?post=14432"}],"curies":[{"name":"wp","href":"https:\/\/api.w.org\/{rel}","templated":true}]}}