{"id":14946,"date":"2026-04-24T09:16:01","date_gmt":"2026-04-24T09:16:01","guid":{"rendered":"https:\/\/bestmaresme.com\/blog\/?p=14946"},"modified":"2026-04-24T11:59:16","modified_gmt":"2026-04-24T11:59:16","slug":"es-temps-de-maduixes-el-maresme-se-tine-de-rojo","status":"publish","type":"post","link":"https:\/\/bestmaresme.com\/blog\/es-temps-de-maduixes-el-maresme-se-tine-de-rojo\/","title":{"rendered":"Es \u201cTemps de maduixes\u201d, el Maresme se ti\u00f1e de rojo"},"content":{"rendered":"<p>Con la llegada del buen tiempo el <a href=\"https:\/\/bestmaresme.com\/\"><strong>Maresme<\/strong> <\/a>se ti\u00f1e de rojo. Concretamente del rojo de las <strong>fresas<\/strong> que a\u00f1o tras a\u00f1o nacen en sus f\u00e9rtiles campos. Las <strong>fresas del Maresme<\/strong> tienen una merecida fama. <strong>Desde el 25 de abril hasta el 31 de mayo de 2026<\/strong> podemos comprobarlo en el <strong>Temps de Maduixes<\/strong>, una oportunidad ideal para conocer a fondo un producto tan delicioso que se puede presentar tal cual o con elaboraciones de platos salados o dulces, acompa\u00f1ando productos de mar o monta\u00f1a.<\/p>\n<figure id=\"attachment_10748\" aria-describedby=\"caption-attachment-10748\" style=\"width: 827px\" class=\"wp-caption aligncenter\"><img decoding=\"async\" loading=\"lazy\" class=\"wp-image-10748 size-full\" src=\"https:\/\/bestmaresme.com\/blog\/wp-content\/uploads\/2020\/11\/temps-de-flors.jpg\" alt=\"\" width=\"827\" height=\"527\" srcset=\"https:\/\/bestmaresme.com\/blog\/wp-content\/uploads\/2020\/11\/temps-de-flors.jpg 827w, https:\/\/bestmaresme.com\/blog\/wp-content\/uploads\/2020\/11\/temps-de-flors-300x191.jpg 300w, https:\/\/bestmaresme.com\/blog\/wp-content\/uploads\/2020\/11\/temps-de-flors-768x489.jpg 768w\" sizes=\"(max-width: 827px) 100vw, 827px\" \/><figcaption id=\"caption-attachment-10748\" class=\"wp-caption-text\">Las fresas del Maresme protagonizan unas jornadas gastron\u00f3micas<\/figcaption><\/figure>\n<p>En <a href=\"https:\/\/bestmaresme.com\/blog\/las-ferias-gastronomicas-del-maresme-pueblo-a-pueblo\/\"><strong>Temps de Maduixes<\/strong><\/a> participan productores y elaboradores de fresas, adem\u00e1s de bares, restaurantes y hoteles, as\u00ed como el Consorci d\u2019Enoturisme de la DO Alella, otro de los productos estrella de la comarca, el <strong><a href=\"https:\/\/bestmaresme.com\/blog\/alella-las-mejores-casas-y-los-mejores-vinos\/\">vino de Alella<\/a><\/strong>.<\/p>\n<p><strong>La fresa, el tesoro del Maresme<\/strong><\/p>\n<p>La fresa del Maresme no es s\u00f3lo una fruta. Es ese gusto que te recuerda la primavera, los d\u00edas que se alargan y el olor a mar mezclado con tierra h\u00fameda. Crece entre el mar y la monta\u00f1a, en un entorno privilegiado que le da un sabor especial, de aquellos que no se olvidan f\u00e1cilmente: dulce, arom\u00e1tica y con ese punto fresco que invita a repetir.<\/p>\n<p>De marzo a junio es cuando se encuentra en su mejor momento. Es entonces cuando las fresas llegan llenas de color y sabor, como si concentraran toda la luz de la temporada. Y, adem\u00e1s de buenas, tambi\u00e9n son saludables: ricas en vitamina C, antioxidantes y ligeras, ideales para disfrutar sin complicaciones.<\/p>\n<p>En el Maresme, esta fruta se vive con entusiasmo. Durante las jornadas gastron\u00f3micas, restaurantes y cocineros le dan protagonismo con platos que van desde los m\u00e1s tradicionales hasta propuestas asombrosas. Puedes encontrar desde las cl\u00e1sicas fresas con nata hasta combinaciones inesperadas con carnes o pescados, siempre con productos de proximidad y mucho respeto por el sabor original.<\/p>\n<p>Pero lo mejor es que la experiencia va m\u00e1s all\u00e1 del plato. Pasear por los mercados, comprar fresas reci\u00e9n cosechadas o visitar los campos donde crecen te permite conectar con su origen. Tambi\u00e9n hay ferias, talleres y rutas que hacen que todo sea m\u00e1s vivo, m\u00e1s cercano, m\u00e1s aut\u00e9ntico.<br \/>\nAl final, la fresa del Maresme es esto: un peque\u00f1o placer que te acerca al territorio, a su gente ya una forma de hacer que se nota en cada mordedura.<\/p>\n<p>&nbsp;<\/p>\n<p><b><strong><a href=\"https:\/\/api.whatsapp.com\/send?l=es-ES&amp;phone=34608010051\" rel=\"attachment wp-att-17273\"><img decoding=\"async\" loading=\"lazy\" class=\"desp-petit aligncenter wp-image-17273\" src=\"https:\/\/bestmaresme.com\/blog\/wp-content\/uploads\/2023\/04\/casas-en-el-maresme-mobil.png\" alt=\"\" width=\"394\" height=\"246\" \/><\/a><a href=\"https:\/\/api.whatsapp.com\/send?l=es-ES&amp;phone=34608010051\" rel=\"attachment wp-att-17274\"><img decoding=\"async\" loading=\"lazy\" class=\"desp-gran aligncenter wp-image-17274 size-full\" src=\"https:\/\/bestmaresme.com\/blog\/wp-content\/uploads\/2023\/04\/casas-en-el-maresme.png\" alt=\"\" width=\"700\" height=\"175\" \/><\/a><\/strong><\/b><\/p>\n<p><!--more--><\/p>","protected":false},"excerpt":{"rendered":"<p>Con la llegada del buen tiempo el Maresme se ti\u00f1e de rojo. Concretamente del rojo de las fresas que a\u00f1o tras a\u00f1o nacen en sus&hellip; <\/p>\n","protected":false},"author":1,"featured_media":14965,"comment_status":"open","ping_status":"open","sticky":false,"template":"","format":"standard","meta":{"footnotes":""},"categories":[135,117,121,172],"tags":[52,69,19,22],"_links":{"self":[{"href":"https:\/\/bestmaresme.com\/blog\/wp-json\/wp\/v2\/posts\/14946"}],"collection":[{"href":"https:\/\/bestmaresme.com\/blog\/wp-json\/wp\/v2\/posts"}],"about":[{"href":"https:\/\/bestmaresme.com\/blog\/wp-json\/wp\/v2\/types\/post"}],"author":[{"embeddable":true,"href":"https:\/\/bestmaresme.com\/blog\/wp-json\/wp\/v2\/users\/1"}],"replies":[{"embeddable":true,"href":"https:\/\/bestmaresme.com\/blog\/wp-json\/wp\/v2\/comments?post=14946"}],"version-history":[{"count":23,"href":"https:\/\/bestmaresme.com\/blog\/wp-json\/wp\/v2\/posts\/14946\/revisions"}],"predecessor-version":[{"id":50472,"href":"https:\/\/bestmaresme.com\/blog\/wp-json\/wp\/v2\/posts\/14946\/revisions\/50472"}],"wp:featuredmedia":[{"embeddable":true,"href":"https:\/\/bestmaresme.com\/blog\/wp-json\/wp\/v2\/media\/14965"}],"wp:attachment":[{"href":"https:\/\/bestmaresme.com\/blog\/wp-json\/wp\/v2\/media?parent=14946"}],"wp:term":[{"taxonomy":"category","embeddable":true,"href":"https:\/\/bestmaresme.com\/blog\/wp-json\/wp\/v2\/categories?post=14946"},{"taxonomy":"post_tag","embeddable":true,"href":"https:\/\/bestmaresme.com\/blog\/wp-json\/wp\/v2\/tags?post=14946"}],"curies":[{"name":"wp","href":"https:\/\/api.w.org\/{rel}","templated":true}]}}