{"id":15124,"date":"2022-07-06T11:59:15","date_gmt":"2022-07-06T11:59:15","guid":{"rendered":"https:\/\/bestmaresme.com\/blog\/?p=15124"},"modified":"2023-07-21T20:11:26","modified_gmt":"2023-07-21T20:11:26","slug":"musica-de-verano-en-la-comarca-mas-marinera","status":"publish","type":"post","link":"https:\/\/bestmaresme.com\/blog\/musica-de-verano-en-la-comarca-mas-marinera\/","title":{"rendered":"M\u00fasica de verano en la comarca m\u00e1s marinera"},"content":{"rendered":"<p><\/p>\n<p lang=\"es-ES\"><strong>El verano pide m\u00fasica<\/strong>. De acuerdo, m\u00fasica, gastronom\u00eda, playa, tertulias al fresco, encuentros con amigos y familiares\u2026 Pero sobre todo pide m\u00fasica. En el <strong><a href=\"https:\/\/bestmaresme.com\/\">Maresme<\/a><\/strong> lo sabemos y por ello <strong>nuestros pueblos acogen innumerables festivales musicales<\/strong> para todos los gustos. No hay mejor comarca para disfrutar del verano, y de la m\u00fasica.<\/p>\n<h2 lang=\"es-ES\">Festivales de julio y agosto en el <a href=\"https:\/\/bestmaresme.com\/\">Maresme<\/a><\/h2>\n<h5 lang=\"es-ES\"><b>Julio<\/b><\/h5>\n<p><b>Alella<\/b><br \/>\n<em><strong><a href=\"https:\/\/alella.cat\/agenda_cultural.php?sensefiltre=1\" target=\"_blank\" rel=\"noopener\">Festival de Verano de Alella<\/a><\/strong><\/em><br \/>\nLugar y direcci\u00f3n: Cal Marqu\u00e9s, Can Sors y Espacio de Artes Esc\u00e9nicas Casal de Alella.<br \/>\nDel 1 al 10 de julio<br \/>\nTipo de m\u00fasica: variada<\/p>\n<p><b>Arenys de Mar<\/b><br \/>\n<em><strong>30\u00e8 Festival de Jazz 2022<\/strong><\/em><br \/>\n29 de julio y 5, 12, 19 y 26 de agosto<br \/>\nLugar: Pati del Xifr\u00e9 (calle Auterive s\/n)<br \/>\nTipo de m\u00fasica: Jazz<br \/>\n<a href=\"https:\/\/jazzarenys.cat\/ca\/programacio\" target=\"_blank\" rel=\"noopener\">Programa<\/a><\/p>\n<p><a href=\"https:\/\/bestmaresme.com\/Cabrera_de_mar\/\"><b>Cabrera de Mar<\/b><\/a><br \/>\n<em><strong>Festival Multipolar. Llegendes de Cabrera de Mar<\/strong><\/em><br \/>\nJueves 14 de julio 20 horas.<br \/>\nLugar: Plaza Can Pau Ferrer, Biblioteca Ilturo<br \/>\nA cargo de Assumpta Mercader (narraci\u00f3n) y Maria Carretero (piano).<\/p>\n<p><em><strong>Concerts d\u2019Estiu a Mas Pujol<\/strong><\/em><br \/>\nDel 20 al 24 de julio<br \/>\nTipo de m\u00fasica: Diferentes estilos<br \/>\nLugar: Carretera de Vilassar de Mar a Argentona, Km. 2,7<br \/>\n<a href=\"https:\/\/maspujol.cat\/inici\/concerts-estiu\" target=\"_blank\" rel=\"noopener\">Programa<\/a><\/p>\n<figure id=\"attachment_15130\" aria-describedby=\"caption-attachment-15130\" style=\"width: 726px\" class=\"wp-caption aligncenter\"><img decoding=\"async\" loading=\"lazy\" class=\"size-full wp-image-15130\" src=\"https:\/\/bestmaresme.com\/blog\/wp-content\/uploads\/2022\/07\/can-barba.jpg\" alt=\"\" width=\"726\" height=\"271\" srcset=\"https:\/\/bestmaresme.com\/blog\/wp-content\/uploads\/2022\/07\/can-barba.jpg 726w, https:\/\/bestmaresme.com\/blog\/wp-content\/uploads\/2022\/07\/can-barba-300x112.jpg 300w\" sizes=\"(max-width: 726px) 100vw, 726px\" \/><figcaption id=\"caption-attachment-15130\" class=\"wp-caption-text\">El magn\u00edfico escenario de Can Barba, en Cabrils<\/figcaption><\/figure>\n<p><a href=\"https:\/\/bestmaresme.com\/Cabrils\/\"><b>Cabrils<\/b><\/a><br \/>\n<em><strong>MUSICAB 2022 &#8211; 34\u00ba Festival de M\u00fasica de Cabrils<\/strong><\/em><br \/>\n15, 16 y 17 de julio<br \/>\nTipo de m\u00fasica: Festival ecl\u00e9ctico &#8211; diferentes estilos<br \/>\nLugar: Can Barba (Av. Zona Esportiva, s\/n) y La F\u00e1brica (Dom\u00e8nec Carles, 21)<br \/>\n<a href=\"https:\/\/musicab.wixsite.com\/inici\" target=\"_blank\" rel=\"noopener\">Programa<\/a><\/p>\n<p><b>Calella<\/b><br \/>\n<em><strong>NEC &#8211; Nits d&#8217;estiu a Calella. El Festival del Far<\/strong><\/em><br \/>\nDel 1 de julio al 2 de septiembre<br \/>\nTipo de m\u00fasica: Variada<br \/>\n<a href=\"https:\/\/www.costadebarcelonamaresme.cat\/sites\/default\/files\/agenda\/adjunts\/programaneccat2022.pdf\" target=\"_blank\" rel=\"noopener\">Programa<\/a><\/p>\n<p><b>Canet de Mar<\/b><br \/>\n<em><strong>Festival Jardins Comediants<\/strong><\/em><br \/>\nFechas: 17 de julio, 24 de julio, 31 de julio, 7 de agosto, 14 de agosto, 21 de agosto, 28 de agosto, 4 de septiembre y 10 de septiembre<br \/>\nLugar: Jardins Comediants. (Riera Gavarra, 69)<br \/>\nTipo de m\u00fasica: gospel, jazz, l\u00edrica, catalana, rock\u2026<br \/>\n<a href=\"https:\/\/www.canetdemar.cat\/agenda.php\" target=\"_blank\" rel=\"noopener\">Programa<\/a><\/p>\n<p><b>Pineda de Mar<\/b><br \/>\n<em><strong><a href=\"https:\/\/psychobillymeeting.com\/es\/\" target=\"_blank\" rel=\"noopener\">Psychobilly Meeting<\/a><\/strong><\/em><br \/>\nHasta el 12 de julio<br \/>\nTipo de m\u00fasica: Psychobilly, Rockabilly, Ska, Punk<br \/>\nLugar: Playa de los Pins<\/p>\n<p><a href=\"https:\/\/bestmaresme.com\/Premia_de_Dalt\/\"><b>Premi\u00e0 de Dalt<\/b><\/a><br \/>\n<em><strong>Jazz a la Nit<\/strong><\/em><br \/>\n8, 15, 22 y 29 de julio<br \/>\nLugar y direcci\u00f3n: Jard\u00edn de Can Figueres &#8211; Riera de Sant Pere, 88<br \/>\nTipo de m\u00fasica: Jazz<br \/>\nPrograma<\/p>\n<p><b>Premi\u00e0 de Mar<\/b><br \/>\n<em><strong>Nits de Veu<\/strong><\/em><br \/>\nIn Crescendo (16 de julio, 22 horas), y Joana Serrat (23 de julio, 22 horas).<br \/>\nTipo de m\u00fasica: Gospel y Soul<br \/>\nLugar: Jard\u00edn de la Escola Municipal de M\u00fasica.<\/p>\n<p><a href=\"https:\/\/bestmaresme.com\/Teia\/\"><b>Tei\u00e0<\/b><\/a><br \/>\n<em><strong><a href=\"https:\/\/www.teia.cat\/remor\" target=\"_blank\" rel=\"noopener\">Remor<\/a><\/strong><\/em><br \/>\nHasta el 28 de julio<br \/>\nTipo m\u00fasica: Diferentes estilos<br \/>\nLugar: Mas\u00eda Can Padell\u00e0s<\/p>\n<h5>Agosto<\/h5>\n<figure id=\"attachment_15133\" aria-describedby=\"caption-attachment-15133\" style=\"width: 790px\" class=\"wp-caption aligncenter\"><img decoding=\"async\" loading=\"lazy\" class=\"size-large wp-image-15133\" src=\"https:\/\/bestmaresme.com\/blog\/wp-content\/uploads\/2022\/07\/musica-a-la-gruta-Arenys-1024x683.jpg\" alt=\"\" width=\"790\" height=\"527\" srcset=\"https:\/\/bestmaresme.com\/blog\/wp-content\/uploads\/2022\/07\/musica-a-la-gruta-Arenys-1024x683.jpg 1024w, https:\/\/bestmaresme.com\/blog\/wp-content\/uploads\/2022\/07\/musica-a-la-gruta-Arenys-300x200.jpg 300w, https:\/\/bestmaresme.com\/blog\/wp-content\/uploads\/2022\/07\/musica-a-la-gruta-Arenys-768x512.jpg 768w, https:\/\/bestmaresme.com\/blog\/wp-content\/uploads\/2022\/07\/musica-a-la-gruta-Arenys-1536x1024.jpg 1536w, https:\/\/bestmaresme.com\/blog\/wp-content\/uploads\/2022\/07\/musica-a-la-gruta-Arenys.jpg 2048w\" sizes=\"(max-width: 790px) 100vw, 790px\" \/><figcaption id=\"caption-attachment-15133\" class=\"wp-caption-text\">Festival M\u00fasica a la Gruta d Arenys de Mar<\/figcaption><\/figure>\n<p><b>Arenys de Mar<\/b><br \/>\n<em><strong>Festival de M\u00fasica a la Gruta<\/strong><\/em><br \/>\n6, 14, 20 y 27 de agosto<br \/>\nLugar y direcci\u00f3n: Gruta de Lurdes (C\/ Doedes, s\/n)<br \/>\nTipo m\u00fasica: Cl\u00e1sica<br \/>\n<a href=\"https:\/\/arenysdemar.cat\/42476\" target=\"_blank\" rel=\"noopener\">Programa<\/a><\/p>\n<p><a href=\"https:\/\/bestmaresme.com\/Cabrera_de_mar\/\"><b>Cabrera de Mar<\/b><\/a><br \/>\n<em><strong>XXIV Curs d&#8217;Orgue del Maresme<\/strong><\/em><br \/>\nDel 22 al 27 de agosto<br \/>\nTipo de m\u00fasica: Cl\u00e1sica<br \/>\nParticipantes y oyentes.<br \/>\n<a href=\"https:\/\/www.cursorgue.com\/\" target=\"_blank\" rel=\"noopener\">Programa<\/a><\/p>\n<p><b>Calella<\/b><br \/>\n<em><strong><a href=\"https:\/\/www.entrapolis.com\/entradas\/tavernhava-2022-2a-mostra-cant-de-taverna-i-havaneres-del-maresme\">Tavernhava<\/a>, 2a Mostra de Cant de Taverna i Havanera del Maresme<\/strong><\/em><br \/>\n27 de agosto<br \/>\nLugar: Paseo Manuel Puigvert.<br \/>\nTipo de M\u00fasica: Tradicional, taverna, habanera<br \/>\n19 h, sardinada popular;<br \/>\n20 h, actuaci\u00f3n de La Vella Lola de Arenys de Mar y Els Faroners de Calella.<\/p>\n<p><b>Pineda de Mar<\/b><br \/>\n<em><strong>Festival Arts d\u2019Estiu<\/strong><\/em><br \/>\nDel 3 al 20 de agosto<br \/>\nTipo de m\u00fasica: diverso<br \/>\n<a href=\"https:\/\/www.artsdestiu.com\/es\" target=\"_blank\" rel=\"noopener\">Programa<\/a><\/p>\n<p><a href=\"https:\/\/bestmaresme.com\/Llavaneres\/\"><b>Sant Andreu de Llavaneres<\/b><\/a><br \/>\n<em><strong>Concerts de Can Caralt<\/strong><\/em><br \/>\nDel 5 al 26 de agosto<br \/>\nTipo de m\u00fasica: Diferentes estilos<br \/>\nPrimer concierto: Pep Poblet &amp; Nito Figueras con Txell Sust (5 de agosto, 22 h, jardines de Can Caralt).<\/p>\n<h4 style=\"text-align: center;\">\u00bfBuscas una <a href=\"https:\/\/bestmaresme.com\/\">casa en Maresme<\/a>?<\/h4>\n<p>En <strong><a href=\"https:\/\/bestmaresme.com\/\">BestMaresme<\/a><\/strong> disponemos de una gran oferta en las zonas m\u00e1s exclusivas del <strong><a href=\"https:\/\/bestmaresme.com\/\">Maresme<\/a><\/strong>. Somos expertos en <a href=\"https:\/\/bestmaresme.com\/\">propiedades de lujo<\/a> en poblaciones como Cabrils, Premia de Dalt, Vilassar de Dalt o Llavaneres. \u00bfEst\u00e1 buscando una <a href=\"https:\/\/bestmaresme.com\/\">casa de lujo para comprar o alquilar en la Costa de Barcelona<\/a>? Vis\u00edtanos o contacta con nosotros.<\/p>\n<div style=\"width: 100%; text-align: center; margin-bottom: 40px;\">\n<div style=\"padding-top: 10px; font-size: 22px;\"><a style=\"color: #7c2c2d;\" title=\"Env\u00edanos un Wassap!\" href=\"https:\/\/api.whatsapp.com\/send?l=es-ES&amp;phone=34608010051\" target=\"_blank\" rel=\"noopener\">Env\u00edanos un WhatsApp &gt;&gt;<\/a><\/div>\n<div style=\"font-size: 22px;\"><a style=\"color: #7c2c2d;\" title=\"Llamar a la oficina\" href=\"tel:+34937594692\" target=\"_blank\" rel=\"noopener\">Llamanos al 93 759 46 92 &gt;&gt;<\/a><\/div>\n<\/div>\n<p>&nbsp;<!--more--><\/p>","protected":false},"excerpt":{"rendered":"<p>El verano pide m\u00fasica. De acuerdo, m\u00fasica, gastronom\u00eda, playa, tertulias al fresco, encuentros con amigos y familiares\u2026 Pero sobre todo pide m\u00fasica. En el Maresme&hellip; <\/p>\n","protected":false},"author":1,"featured_media":15134,"comment_status":"open","ping_status":"open","sticky":false,"template":"","format":"standard","meta":{"footnotes":""},"categories":[236,135,119,122,117,121,172,234,1],"tags":[52,41,36,69,19,22],"_links":{"self":[{"href":"https:\/\/bestmaresme.com\/blog\/wp-json\/wp\/v2\/posts\/15124"}],"collection":[{"href":"https:\/\/bestmaresme.com\/blog\/wp-json\/wp\/v2\/posts"}],"about":[{"href":"https:\/\/bestmaresme.com\/blog\/wp-json\/wp\/v2\/types\/post"}],"author":[{"embeddable":true,"href":"https:\/\/bestmaresme.com\/blog\/wp-json\/wp\/v2\/users\/1"}],"replies":[{"embeddable":true,"href":"https:\/\/bestmaresme.com\/blog\/wp-json\/wp\/v2\/comments?post=15124"}],"version-history":[{"count":17,"href":"https:\/\/bestmaresme.com\/blog\/wp-json\/wp\/v2\/posts\/15124\/revisions"}],"predecessor-version":[{"id":44262,"href":"https:\/\/bestmaresme.com\/blog\/wp-json\/wp\/v2\/posts\/15124\/revisions\/44262"}],"wp:featuredmedia":[{"embeddable":true,"href":"https:\/\/bestmaresme.com\/blog\/wp-json\/wp\/v2\/media\/15134"}],"wp:attachment":[{"href":"https:\/\/bestmaresme.com\/blog\/wp-json\/wp\/v2\/media?parent=15124"}],"wp:term":[{"taxonomy":"category","embeddable":true,"href":"https:\/\/bestmaresme.com\/blog\/wp-json\/wp\/v2\/categories?post=15124"},{"taxonomy":"post_tag","embeddable":true,"href":"https:\/\/bestmaresme.com\/blog\/wp-json\/wp\/v2\/tags?post=15124"}],"curies":[{"name":"wp","href":"https:\/\/api.w.org\/{rel}","templated":true}]}}