{"id":15225,"date":"2022-07-21T14:15:32","date_gmt":"2022-07-21T14:15:32","guid":{"rendered":"https:\/\/bestmaresme.com\/blog\/?p=15225"},"modified":"2023-07-21T20:11:28","modified_gmt":"2023-07-21T20:11:28","slug":"dos-cementerios-en-el-maresme-con-arte-e-historia","status":"publish","type":"post","link":"https:\/\/bestmaresme.com\/blog\/dos-cementerios-en-el-maresme-con-arte-e-historia\/","title":{"rendered":"Dos cementerios en el Maresme, con arte e historia"},"content":{"rendered":"<p>El turismo tiene muchas vertientes. Hay turismo de playa y turismo de monta\u00f1a, turismo deportivo o turismo de relax, turismo termal o turismo gastron\u00f3mico, turismo familiar o turismo de aventura, turismo cultural o turismo arqueol\u00f3gico\u2026 <strong>Cualquier tipo de turismo que podamos imaginar, cualquiera, lo tenemos en el <a href=\"https:\/\/bestmaresme.com\/\">Maresme<\/a>, a cuatro pasos de <a href=\"https:\/\/bestmaresme.com\/\">Barcelona<\/a>.<\/strong> <strong>Pero es que en el <a href=\"https:\/\/bestmaresme.com\/\">Maresme<\/a> tambi\u00e9n podemos realizar turismo de cementerios. Sobre todo en dos cementerios muy especiales, el de Arenys de Mar y el de Canet de Mar.<\/strong><\/p>\n<h2>Cementerio de <a href=\"https:\/\/bestmaresme.com\/Arenys_de_Mar\/\">Arenys de Mar<\/a><\/h2>\n<p>En <strong>Arenys de Mar<\/strong> y con vistas al mar, se erige el cementerio m\u00e1s literario de Catalunya. En \u00e9l no solo est\u00e1 enterrado el poeta <a href=\"https:\/\/bestmaresme.com\/blog\/arenys-de-mar-el-pueblo-que-inspiro-la-sinera-de-salvador-espriu\/\"><strong>Salvador Espriu<\/strong><\/a>, sino que protagoniza en una de sus obras m\u00e1s emblem\u00e1ticas \u201c<strong>Cementiri de Sinera<\/strong>\u201d (Sinera es Arenys al rev\u00e9s). En esta obra, el poeta se refiere al cementerio con bellos versos \u201cPassejar\u00e9 per l\u2019ordre de verds xiprers imm\u00f2bils damunt la mar en calma\u201d.<\/p>\n<p>El poeta est\u00e1 enterrado en el nicho n\u00famero 381, al final del segundo rellano a mano izquierda. Hasta \u00e9l se llega a trav\u00e9s del camino del cementerio, bordeado de cipreses que se elevan hacia el cielo. Una vez llegados a la cima de la colina tenemos a nuestro alcance unas bellas vistas del pueblo y otros lugares cercanos alrededor de Arenys de Mar.<\/p>\n<figure id=\"attachment_15227\" aria-describedby=\"caption-attachment-15227\" style=\"width: 600px\" class=\"wp-caption aligncenter\"><img decoding=\"async\" loading=\"lazy\" class=\"size-full wp-image-15227\" src=\"https:\/\/bestmaresme.com\/blog\/wp-content\/uploads\/2022\/07\/arenys-1.-Josep-Llimona.jpg\" alt=\"\" width=\"600\" height=\"885\" srcset=\"https:\/\/bestmaresme.com\/blog\/wp-content\/uploads\/2022\/07\/arenys-1.-Josep-Llimona.jpg 600w, https:\/\/bestmaresme.com\/blog\/wp-content\/uploads\/2022\/07\/arenys-1.-Josep-Llimona-203x300.jpg 203w\" sizes=\"(max-width: 600px) 100vw, 600px\" \/><figcaption id=\"caption-attachment-15227\" class=\"wp-caption-text\">Escultura de Josep Llimona en el cementerio de Arenys de Mar<\/figcaption><\/figure>\n<p>El cementerio de Arenys de Mar fue inaugurado en 1868 junto la ermita de la Pietat. Est\u00e1 dividido en tres grandes rellanos atravesados por el paseo de los cipreses. Los dos primeros rellanos est\u00e1n rodeados de nichos y en el tercero hay los panteones construidos por gente adinerada de la poblaci\u00f3n como industriales o \u201camericanos\u201d. En este espacio podemos disfrutar de esculturas de autores como <strong>Josep Llimona<\/strong>, <strong>Frederic Mar\u00e9s<\/strong> o <strong>Venanci Vallmitjana<\/strong>.<\/p>\n<h2>Cementerio de Canet de Mar<\/h2>\n<p>En la \u00e9poca de mayor esplendor del estilo modernista, a finales del siglo XIX principios del XX, <strong>Canet de Mar<\/strong> era una poblaci\u00f3n rural, industrial y pesquera. Los industriales y grandes propietarios rurales se construyeron numerosas casas, muchas de ella siguiendo el estilo modernista imperante. Naturalmente un buen n\u00famero de estos propietarios se hicieron construir un pante\u00f3n familiar en el cementerio<\/p>\n<p>Como el de Arenys de Mar, el cementerio de Canet de Mar es de estilo mediterr\u00e1neo. Adem\u00e1s de los nichos hay algunos panteones muy suntuosos y de gran calidad arquitect\u00f3nica. Estos panteones dan buena fe de la riqueza de quienes los hicieron construir. En ellos trabajaron arquitectos, escultores y artesanos como <strong>Llu\u00eds Dom\u00e8nech i Montaner<\/strong> (pante\u00f3n Dom\u00e8nech), <strong>Eduard Ferr\u00e9s i Puig<\/strong> (pante\u00f3n Busquets), y <strong>Josep Llimona i Bruguera<\/strong> (pante\u00f3n Dom\u00e8nech). Algunas de las esculturas son una muy buena muestra del alto nivel de la escultura modernista catalana.<\/p>\n<p>La mayor parte de los panteones fueron construidos entre 1900 y 1910, aunque alguno, como el <strong>pante\u00f3n de la familia Santiny\u00e0<\/strong>, est\u00e1 fechado en 1927, fuera ya del periodo modernista, y fue proyectado por Josep Viladomat.<\/p>\n<p><strong>Otros panteones<\/strong><\/p>\n<figure id=\"attachment_15228\" aria-describedby=\"caption-attachment-15228\" style=\"width: 760px\" class=\"wp-caption aligncenter\"><img decoding=\"async\" loading=\"lazy\" class=\"size-full wp-image-15228\" src=\"https:\/\/bestmaresme.com\/blog\/wp-content\/uploads\/2022\/07\/Panteo-Busquets-al-cementiri-de-Canet.jpg\" alt=\"\" width=\"760\" height=\"570\" srcset=\"https:\/\/bestmaresme.com\/blog\/wp-content\/uploads\/2022\/07\/Panteo-Busquets-al-cementiri-de-Canet.jpg 760w, https:\/\/bestmaresme.com\/blog\/wp-content\/uploads\/2022\/07\/Panteo-Busquets-al-cementiri-de-Canet-300x225.jpg 300w\" sizes=\"(max-width: 760px) 100vw, 760px\" \/><figcaption id=\"caption-attachment-15228\" class=\"wp-caption-text\">Pante\u00f3n Busquets, uno de los m\u00e1s impresionantes del cementerio de Canet de Mar<\/figcaption><\/figure>\n<p><strong>Pante\u00f3n Busquets<\/strong>. Seguramente el m\u00e1s impresionante del cementerio gracias a su monumentalidad, fue proyectado por el arquitecto Eudard Ferr\u00e9s i Puig.<\/p>\n<p><strong>Pante\u00f3n Magdalena Casals i Roura<\/strong>. Es una mezcla de estilos con una fachada coronada por un front\u00f3n y flanqueada por dos pin\u00e1culos con una estatua central que representa la fe. Los desag\u00fces se realizan a trav\u00e9s de unas g\u00e1rgolas con figuras de monstruos.<\/p>\n<figure id=\"attachment_15229\" aria-describedby=\"caption-attachment-15229\" style=\"width: 760px\" class=\"wp-caption aligncenter\"><img decoding=\"async\" loading=\"lazy\" class=\"size-full wp-image-15229\" src=\"https:\/\/bestmaresme.com\/blog\/wp-content\/uploads\/2022\/07\/tomba-domenech.jpg\" alt=\"\" width=\"760\" height=\"570\" srcset=\"https:\/\/bestmaresme.com\/blog\/wp-content\/uploads\/2022\/07\/tomba-domenech.jpg 760w, https:\/\/bestmaresme.com\/blog\/wp-content\/uploads\/2022\/07\/tomba-domenech-300x225.jpg 300w\" sizes=\"(max-width: 760px) 100vw, 760px\" \/><figcaption id=\"caption-attachment-15229\" class=\"wp-caption-text\">En el pante\u00f3n Dom\u00e8nech i Muntaner destaca la malograda escultura de Josep Llimona<\/figcaption><\/figure>\n<p><strong>Pante\u00f3n Dom\u00e8nech i Montaner<\/strong>. Pante\u00f3n muy sencillo en el que se intuye la figura de un Cristo mostrando la cruz. La obra original de esta escultura era de Josep Llimona fue parcialmente destruida durante la Guerra. Al fallecer durante la dictadura del general Primo de Rivera, Llu\u00eds Dom\u00e8nech i Muntaner no fue enterrado en \u00e9l, aunque en la tumba figura su nombre. Las cenizas del arquitecto reposan en el cementerio de Sant Gervasi en Barcelona. En el pante\u00f3n s\u00ed que hay las l\u00e1pidas de su esposa Maria Roura y del hijo de ambos, Ricard.<\/p>\n<p><strong>Pante\u00f3n Font<\/strong>. Pante\u00f3n proyectado por <strong>Llu\u00eds Dom\u00e8nech i Montaner<\/strong> con la colaboraci\u00f3n del su hijo <strong>Pere Dom\u00e8nech i Roura<\/strong>. Es un pante\u00f3n lujoso y sobrio a la vez, construido b\u00e1sicamente con piedra natural con adornos cer\u00e1micos y vitrales.<\/p>\n<p><strong>Pante\u00f3n Domingo Pascual<\/strong>. Inicialmente fue la tumba del forjador modernista Domingo Pascual, realizado por \u00e9l mismo. Pascual trabaj\u00f3 para arquitecto modernistas como Dom\u00e9nech i Muntaner y <strong>Gaud\u00ed<\/strong>, por lo que se cree que \u00e9ste \u00faltimo intervino en el dise\u00f1o de la barandilla. Los trabajos de hierro forjado de este pante\u00f3n son de una gran calidad.<\/p>\n<p><strong>Pante\u00f3n Pau Font<\/strong>. Importante pante\u00f3n propiedad de una familia de capitanes de barco. Es un gran edificio de planta cuadrada construido en piedra, con numerosos detalles de hierro forjado como las rejas de las ventanas o los ornamentos de la parte superior. El edificio est\u00e1 coronado por un gran \u00e1ngel del juicio final obra del escultor <strong>Pag\u00e8s Serratosa<\/strong>.<\/p>\n<h4 style=\"text-align: center;\">\u00bfBuscas una <a href=\"https:\/\/bestmaresme.com\/\">casa de lujo en Barcelona<\/a>?<\/h4>\n<p>En <strong><a href=\"https:\/\/bestmaresme.com\/\">BestMaresme<\/a><\/strong> disponemos de una gran oferta en las zonas m\u00e1s exclusivas del <a href=\"https:\/\/bestmaresme.com\/\">Maresme<\/a>. Somos expertos en propiedades de lujo en poblaciones como Cabrils, Premia de Dalt, Vilassar de Dalt o Llavaneres. \u00bfEst\u00e1 buscando una <a href=\"https:\/\/bestmaresme.com\/\">casa de lujo para comprar o alquilar en la Costa de Barcelona<\/a>? <strong><a href=\"https:\/\/bestmaresme.com\/\">Vis\u00edtanos o contacta con nosotros.<\/a><\/strong><\/p>\n<div style=\"width: 100%; text-align: center; margin-bottom: 40px;\">\n<div style=\"padding-top: 10px; font-size: 22px;\"><a style=\"color: #7c2c2d;\" title=\"Env\u00edanos un Wassap!\" href=\"https:\/\/api.whatsapp.com\/send?l=es-ES&amp;phone=34608010051\" target=\"_blank\" rel=\"noopener\">Env\u00edanos un WhatsApp &gt;&gt;<\/a><\/div>\n<div style=\"font-size: 22px;\"><a style=\"color: #7c2c2d;\" title=\"Llamar a la oficina\" href=\"tel:+34937594692\" target=\"_blank\" rel=\"noopener\">Llamanos al 93 759 46 92 &gt;&gt;<\/a><\/div>\n<\/div>\n<p>&nbsp;<!--more--><\/p>","protected":false},"excerpt":{"rendered":"<p>El turismo tiene muchas vertientes. Hay turismo de playa y turismo de monta\u00f1a, turismo deportivo o turismo de relax, turismo termal o turismo gastron\u00f3mico, turismo&hellip; <\/p>\n","protected":false},"author":1,"featured_media":15226,"comment_status":"open","ping_status":"open","sticky":false,"template":"","format":"standard","meta":{"footnotes":""},"categories":[112,180,236,119,122,172,1],"tags":[52,68,113,124,19,60],"_links":{"self":[{"href":"https:\/\/bestmaresme.com\/blog\/wp-json\/wp\/v2\/posts\/15225"}],"collection":[{"href":"https:\/\/bestmaresme.com\/blog\/wp-json\/wp\/v2\/posts"}],"about":[{"href":"https:\/\/bestmaresme.com\/blog\/wp-json\/wp\/v2\/types\/post"}],"author":[{"embeddable":true,"href":"https:\/\/bestmaresme.com\/blog\/wp-json\/wp\/v2\/users\/1"}],"replies":[{"embeddable":true,"href":"https:\/\/bestmaresme.com\/blog\/wp-json\/wp\/v2\/comments?post=15225"}],"version-history":[{"count":10,"href":"https:\/\/bestmaresme.com\/blog\/wp-json\/wp\/v2\/posts\/15225\/revisions"}],"predecessor-version":[{"id":44277,"href":"https:\/\/bestmaresme.com\/blog\/wp-json\/wp\/v2\/posts\/15225\/revisions\/44277"}],"wp:featuredmedia":[{"embeddable":true,"href":"https:\/\/bestmaresme.com\/blog\/wp-json\/wp\/v2\/media\/15226"}],"wp:attachment":[{"href":"https:\/\/bestmaresme.com\/blog\/wp-json\/wp\/v2\/media?parent=15225"}],"wp:term":[{"taxonomy":"category","embeddable":true,"href":"https:\/\/bestmaresme.com\/blog\/wp-json\/wp\/v2\/categories?post=15225"},{"taxonomy":"post_tag","embeddable":true,"href":"https:\/\/bestmaresme.com\/blog\/wp-json\/wp\/v2\/tags?post=15225"}],"curies":[{"name":"wp","href":"https:\/\/api.w.org\/{rel}","templated":true}]}}