{"id":15349,"date":"2022-09-28T16:00:34","date_gmt":"2022-09-28T16:00:34","guid":{"rendered":"https:\/\/bestmaresme.com\/blog\/?p=15349"},"modified":"2023-07-21T20:11:30","modified_gmt":"2023-07-21T20:11:30","slug":"exclusiva-casa-de-lujo-unifamiliar-en-venta-en-cabrils-con-unas-bonitas-vistas-al-mar-mediterraneo","status":"publish","type":"post","link":"https:\/\/bestmaresme.com\/blog\/exclusiva-casa-de-lujo-unifamiliar-en-venta-en-cabrils-con-unas-bonitas-vistas-al-mar-mediterraneo\/","title":{"rendered":"Exclusiva casa de lujo unifamiliar en venta en Cabrils, con unas bonitas vistas al mar Mediterr\u00e1neo."},"content":{"rendered":"<p><\/p>\n<h5>VISTAS AL MAR, PRIVACIDAD Y TRANQUILIDAD<\/h5>\n<h3><a href=\"https:\/\/bestmaresme.com\/Cabrils\/1475-casas-Cabrils-1135\/\">+info<\/a><\/h3>\n<h3>C-1135<\/h3>\n<h3>1.150.000 \u20ac<\/h3>\n<p>&nbsp;<\/p>\n<p>&nbsp;<\/p>\n<div>Exclusiva\u00a0<a href=\"https:\/\/bestmaresme.com\/Cabrils\/\"><b>casa de lujo unifamiliar en venta en Cabrils<\/b><\/a>, con unas\u00a0<b>bonitas vistas al mar Mediterr\u00e1neo<\/b>, su espectacular dise\u00f1o y su\u00a0<b>orientaci\u00f3n a sur<\/b>\u00a0inunda la vivienda de luz natural, con\u00a0<b>551 m2 construidos sobre una parcela de 1018 m2, la vivienda cuenta con 308 m2 \u00fatiles y se distribuye en dos c\u00f3modas plantas.<\/b><\/div>\n<div>\n<figure id=\"attachment_15355\" aria-describedby=\"caption-attachment-15355\" style=\"width: 790px\" class=\"wp-caption aligncenter\"><a href=\"https:\/\/bestmaresme.com\/Cabrils\/1475-casas-Cabrils-1135\/\"><img decoding=\"async\" loading=\"lazy\" class=\"wp-image-15355 size-large\" src=\"https:\/\/bestmaresme.com\/blog\/wp-content\/uploads\/2022\/09\/IMG_6224-1024x682.jpg\" alt=\"\" width=\"790\" height=\"526\" srcset=\"https:\/\/bestmaresme.com\/blog\/wp-content\/uploads\/2022\/09\/IMG_6224-1024x682.jpg 1024w, https:\/\/bestmaresme.com\/blog\/wp-content\/uploads\/2022\/09\/IMG_6224-300x200.jpg 300w, https:\/\/bestmaresme.com\/blog\/wp-content\/uploads\/2022\/09\/IMG_6224-768x512.jpg 768w, https:\/\/bestmaresme.com\/blog\/wp-content\/uploads\/2022\/09\/IMG_6224.jpg 1400w\" sizes=\"(max-width: 790px) 100vw, 790px\" \/><\/a><figcaption id=\"caption-attachment-15355\" class=\"wp-caption-text\">551 m2 construidos sobre una parcela de 1018 m2<\/figcaption><\/figure>\n<\/div>\n<div><b>Al entrar<\/b>, encontramos un bonito recibidor que nos permite acceder a las diferentes \u00e1reas de la casa, entre ellas un gran sal\u00f3n comedor con grandes ventanales con salida a una c\u00f3moda terraza cubierta que abarca la totalidad de la fachada.<\/div>\n<div>\n<figure id=\"attachment_15356\" aria-describedby=\"caption-attachment-15356\" style=\"width: 790px\" class=\"wp-caption aligncenter\"><a href=\"https:\/\/bestmaresme.com\/Cabrils\/1475-casas-Cabrils-1135\/\"><img decoding=\"async\" loading=\"lazy\" class=\"size-large wp-image-15356\" src=\"https:\/\/bestmaresme.com\/blog\/wp-content\/uploads\/2022\/09\/IMG_6254-1024x682.jpg\" alt=\"\" width=\"790\" height=\"526\" srcset=\"https:\/\/bestmaresme.com\/blog\/wp-content\/uploads\/2022\/09\/IMG_6254-1024x682.jpg 1024w, https:\/\/bestmaresme.com\/blog\/wp-content\/uploads\/2022\/09\/IMG_6254-300x200.jpg 300w, https:\/\/bestmaresme.com\/blog\/wp-content\/uploads\/2022\/09\/IMG_6254-768x512.jpg 768w, https:\/\/bestmaresme.com\/blog\/wp-content\/uploads\/2022\/09\/IMG_6254.jpg 1400w\" sizes=\"(max-width: 790px) 100vw, 790px\" \/><\/a><figcaption id=\"caption-attachment-15356\" class=\"wp-caption-text\">Sal\u00f3n comedor con c\u00f3moda terraza cubierta<\/figcaption><\/figure>\n<\/div>\n<div>Desde el mismo hall de entrada podemos acceder a una amplia, luminosa y pr\u00e1ctica cocina completamente reformada y equipada, con zona de servicio (dormitorio y ba\u00f1o con ducha) m\u00e1s lavadero independiente..<b><br \/>\n<\/b><\/div>\n<div>\n<figure id=\"attachment_15357\" aria-describedby=\"caption-attachment-15357\" style=\"width: 790px\" class=\"wp-caption aligncenter\"><a href=\"c\u00f3moda terraza cubierta \"><img decoding=\"async\" loading=\"lazy\" class=\"size-large wp-image-15357\" src=\"https:\/\/bestmaresme.com\/blog\/wp-content\/uploads\/2022\/09\/IMG_6246-1024x682.jpg\" alt=\"\" width=\"790\" height=\"526\" srcset=\"https:\/\/bestmaresme.com\/blog\/wp-content\/uploads\/2022\/09\/IMG_6246-1024x682.jpg 1024w, https:\/\/bestmaresme.com\/blog\/wp-content\/uploads\/2022\/09\/IMG_6246-300x200.jpg 300w, https:\/\/bestmaresme.com\/blog\/wp-content\/uploads\/2022\/09\/IMG_6246-768x512.jpg 768w, https:\/\/bestmaresme.com\/blog\/wp-content\/uploads\/2022\/09\/IMG_6246.jpg 1400w\" sizes=\"(max-width: 790px) 100vw, 790px\" \/><\/a><figcaption id=\"caption-attachment-15357\" class=\"wp-caption-text\">Cocina reformada y equipada<\/figcaption><\/figure>\n<\/div>\n<div><strong>La zona de noche\u00a0<\/strong>tambi\u00e9n parte desde el hall de entrada y cuenta con cuatro dormitorios, uno de ellos la suite principal m\u00e1s un ba\u00f1o completo que da servicio a las otras tres. Todas las estancias disponen de impresionantes vistas al mar, amplios armarios empotrados, y grandes ventanales que proporcionan mucha luz con acceso a la terraza.<\/div>\n<div>\n<figure id=\"attachment_15358\" aria-describedby=\"caption-attachment-15358\" style=\"width: 790px\" class=\"wp-caption aligncenter\"><a href=\"c\u00f3moda terraza cubierta \"><img decoding=\"async\" loading=\"lazy\" class=\"size-large wp-image-15358\" src=\"https:\/\/bestmaresme.com\/blog\/wp-content\/uploads\/2022\/09\/IMG_6272-1024x682.jpg\" alt=\"\" width=\"790\" height=\"526\" srcset=\"https:\/\/bestmaresme.com\/blog\/wp-content\/uploads\/2022\/09\/IMG_6272-1024x682.jpg 1024w, https:\/\/bestmaresme.com\/blog\/wp-content\/uploads\/2022\/09\/IMG_6272-300x200.jpg 300w, https:\/\/bestmaresme.com\/blog\/wp-content\/uploads\/2022\/09\/IMG_6272-768x512.jpg 768w, https:\/\/bestmaresme.com\/blog\/wp-content\/uploads\/2022\/09\/IMG_6272.jpg 1400w\" sizes=\"(max-width: 790px) 100vw, 790px\" \/><\/a><figcaption id=\"caption-attachment-15358\" class=\"wp-caption-text\">Todasa las habitaciones son exteriores y con vistas<\/figcaption><\/figure>\n<\/div>\n<div>Desde el mismo hall de entada se accede a la<b>\u00a0segunda planta<\/b>, la cual tiene salida directa al jard\u00edn. Esta planta distribuye un gran sal\u00f3n con chimenea, un dormitorio para invitados, un ba\u00f1o completo con acceso, tanto desde el interior del sal\u00f3n como desde el jard\u00edn a modo de vestuarios para la piscina y el front\u00f3n, y el garaje con capacidad para dos coches y otros veh\u00edculos con zona de almacenaje, peque\u00f1a bodega y cuarto t\u00e9cnico.<\/div>\n<div>\n<figure id=\"attachment_15359\" aria-describedby=\"caption-attachment-15359\" style=\"width: 790px\" class=\"wp-caption aligncenter\"><a href=\"https:\/\/bestmaresme.com\/Cabrils\/1475-casas-Cabrils-1135\/\"><img decoding=\"async\" loading=\"lazy\" class=\"size-large wp-image-15359\" src=\"https:\/\/bestmaresme.com\/blog\/wp-content\/uploads\/2022\/09\/IMG_6282-1024x682.jpg\" alt=\"\" width=\"790\" height=\"526\" srcset=\"https:\/\/bestmaresme.com\/blog\/wp-content\/uploads\/2022\/09\/IMG_6282-1024x682.jpg 1024w, https:\/\/bestmaresme.com\/blog\/wp-content\/uploads\/2022\/09\/IMG_6282-300x200.jpg 300w, https:\/\/bestmaresme.com\/blog\/wp-content\/uploads\/2022\/09\/IMG_6282-768x512.jpg 768w, https:\/\/bestmaresme.com\/blog\/wp-content\/uploads\/2022\/09\/IMG_6282.jpg 1400w\" sizes=\"(max-width: 790px) 100vw, 790px\" \/><\/a><figcaption id=\"caption-attachment-15359\" class=\"wp-caption-text\">Gran sal\u00f3n con chimenea, un dormitorio para invitados, un ba\u00f1o completo<\/figcaption><\/figure>\n<\/div>\n<div><b>En la zona exterior de la casa <\/b>nos encontramos con un espectacular y cuidado jard\u00edn, con preciosas plantas ex\u00f3ticas y mediterr\u00e1neas, una preciosa piscina con pr\u00e1ctica barbacoa de obra y front\u00f3n.<\/div>\n<div>\n<figure id=\"attachment_15360\" aria-describedby=\"caption-attachment-15360\" style=\"width: 790px\" class=\"wp-caption aligncenter\"><a href=\"https:\/\/bestmaresme.com\/Cabrils\/1475-casas-Cabrils-1135\/\"><img decoding=\"async\" loading=\"lazy\" class=\"size-large wp-image-15360\" src=\"https:\/\/bestmaresme.com\/blog\/wp-content\/uploads\/2022\/09\/IMG_6210-1024x682.jpg\" alt=\"\" width=\"790\" height=\"526\" srcset=\"https:\/\/bestmaresme.com\/blog\/wp-content\/uploads\/2022\/09\/IMG_6210-1024x682.jpg 1024w, https:\/\/bestmaresme.com\/blog\/wp-content\/uploads\/2022\/09\/IMG_6210-300x200.jpg 300w, https:\/\/bestmaresme.com\/blog\/wp-content\/uploads\/2022\/09\/IMG_6210-768x512.jpg 768w, https:\/\/bestmaresme.com\/blog\/wp-content\/uploads\/2022\/09\/IMG_6210.jpg 1400w\" sizes=\"(max-width: 790px) 100vw, 790px\" \/><\/a><figcaption id=\"caption-attachment-15360\" class=\"wp-caption-text\">Agradable porche exterior con barbacoa<\/figcaption><\/figure>\n<\/div>\n<div>\n<p>La casa tiene entrada por dos calles, una amplia entrada de veh\u00edculos en el lateral m\u00e1s una entrada peatonal en la parte trasera de la vivienda donde se ubica un fresco porche donde podr\u00e1 desayunar, comer o cenar con amigos y familia, adem\u00e1s de un precioso jard\u00edn con infinidad de flores, frutales, grandes \u00e1rboles y diferente vegetaci\u00f3n.<\/p>\n<p><b>Nos ha encantado:<\/b>\u00a0Las bonitas vistas al mar, la tranquilidad y el silencio, la gran luminosidad, los espacios abiertos y el dise\u00f1o de su fachada en elegante obra vista manual que hace de esta vivienda una pieza verdaderamente \u00fanica.<\/p>\n<h4 style=\"text-align: center;\">\u00bfEst\u00e1s buscando una <a href=\"https:\/\/bestmaresme.com\/\">casa de lujo en la zona del Maresme<\/a>?<\/h4>\n<p>En <strong><a href=\"https:\/\/bestmaresme.com\/\">BestMaresme<\/a><\/strong> tenemos una gran oferta en las zonas m\u00e1s exclusivas del <strong><a href=\"https:\/\/bestmaresme.com\/\">Maresme<\/a><\/strong>. Somos expertos en propiedades de lujo en localidades como Cabrils, Premia de Dalt, Vilassar de Dalt o Llavaneres. \u00bfEst\u00e1s buscando una <a href=\"https:\/\/bestmaresme.com\/\">casa de lujo para comprar o alquilar en la Costa de Barcelona<\/a>? Vis\u00edtenos o p\u00f3ngase en contacto con nosotros.<\/p>\n<\/div>\n<div style=\"width: 100%; text-align: center; margin-bottom: 40px;\">\n<div style=\"padding-top: 10px; font-size: 22px;\"><a style=\"color: #7c2c2d;\" title=\"Send us a Wassap!\" href=\"https:\/\/api.whatsapp.com\/send?l=es-ES&amp;phone=34608010051\" target=\"_blank\" rel=\"noopener\">Env\u00edanos un WhatsApp &gt;&gt;<\/a><\/div>\n<div style=\"font-size: 22px;\"><a style=\"color: #7c2c2d;\" title=\"Call our office\" href=\"tel:+34937594692\" target=\"_blank\" rel=\"noopener\">Ll\u00e1manos al 93 759 46 92 &gt;&gt;<\/a><\/div>\n<\/div>\n<p>&nbsp;<\/p>\n<p>&nbsp;<\/p>\n<div><\/div>\n<p><!--more--><\/p>","protected":false},"excerpt":{"rendered":"<p>VISTAS AL MAR, PRIVACIDAD Y TRANQUILIDAD +info C-1135 1.150.000 \u20ac &nbsp; &nbsp; Exclusiva\u00a0casa de lujo unifamiliar en venta en Cabrils, con unas\u00a0bonitas vistas al mar&hellip; <\/p>\n","protected":false},"author":1,"featured_media":15354,"comment_status":"closed","ping_status":"closed","sticky":false,"template":"","format":"standard","meta":{"footnotes":""},"categories":[7,256,122,172,1],"tags":[68,8,41,69,19,60],"_links":{"self":[{"href":"https:\/\/bestmaresme.com\/blog\/wp-json\/wp\/v2\/posts\/15349"}],"collection":[{"href":"https:\/\/bestmaresme.com\/blog\/wp-json\/wp\/v2\/posts"}],"about":[{"href":"https:\/\/bestmaresme.com\/blog\/wp-json\/wp\/v2\/types\/post"}],"author":[{"embeddable":true,"href":"https:\/\/bestmaresme.com\/blog\/wp-json\/wp\/v2\/users\/1"}],"replies":[{"embeddable":true,"href":"https:\/\/bestmaresme.com\/blog\/wp-json\/wp\/v2\/comments?post=15349"}],"version-history":[{"count":16,"href":"https:\/\/bestmaresme.com\/blog\/wp-json\/wp\/v2\/posts\/15349\/revisions"}],"predecessor-version":[{"id":44304,"href":"https:\/\/bestmaresme.com\/blog\/wp-json\/wp\/v2\/posts\/15349\/revisions\/44304"}],"wp:featuredmedia":[{"embeddable":true,"href":"https:\/\/bestmaresme.com\/blog\/wp-json\/wp\/v2\/media\/15354"}],"wp:attachment":[{"href":"https:\/\/bestmaresme.com\/blog\/wp-json\/wp\/v2\/media?parent=15349"}],"wp:term":[{"taxonomy":"category","embeddable":true,"href":"https:\/\/bestmaresme.com\/blog\/wp-json\/wp\/v2\/categories?post=15349"},{"taxonomy":"post_tag","embeddable":true,"href":"https:\/\/bestmaresme.com\/blog\/wp-json\/wp\/v2\/tags?post=15349"}],"curies":[{"name":"wp","href":"https:\/\/api.w.org\/{rel}","templated":true}]}}