{"id":15429,"date":"2022-10-27T14:20:26","date_gmt":"2022-10-27T14:20:26","guid":{"rendered":"https:\/\/bestmaresme.com\/blog\/?p=15429"},"modified":"2023-07-21T20:11:32","modified_gmt":"2023-07-21T20:11:32","slug":"fantastica-casa-esquinera-delante-del-mar-premia-de-mar","status":"publish","type":"post","link":"https:\/\/bestmaresme.com\/blog\/fantastica-casa-esquinera-delante-del-mar-premia-de-mar\/","title":{"rendered":"Fant\u00e1stica casa esquinera delante del mar, Premia de Mar"},"content":{"rendered":"<p><\/p>\n<h5>casa esquinera delante del mar<\/h5>\n<h3><a href=\"https:\/\/bestmaresme.com\/Premia_de_Mar\/1486-casas-Premia_de_Mar-1144\/\">+info<\/a><\/h3>\n<h3>C-1144<\/h3>\n<h3>750.000 \u20ac<\/h3>\n<p>&nbsp;<\/p>\n<p>&nbsp;<\/p>\n<p>Fant\u00e1stica\u00a0<a href=\"https:\/\/bestmaresme.com\/Premia_de_Mar\/\"><b>casa esquinera a la venta<\/b><\/a>\u00a0a\u00a0<a href=\"https:\/\/bestmaresme.com\/Premia_de_Mar\/\"><b>Premia de Mar<\/b><\/a>, en\u00a0<b>ubicaci\u00f3n privilegiada<\/b>, en zona residencial muy tranquila, muy cerca del mar, de la estaci\u00f3n de tren y de todos los servicios y comercios.<\/p>\n<p>La casa forma parte de un peque\u00f1o conjunto de casas adosadas de obra vista del a\u00f1o 2000. Vivienda construida sobre una\u00a0<b>parcela de 351 m2, dispone de una superficie construida de 288m2<\/b>,\u00a0<b>distribuida en tres plantas m\u00e1s un amplio garaje<\/b>\u00a0para dos coches en la planta inferior con acceso directo al resto de la vivienda.<\/p>\n<figure id=\"attachment_15431\" aria-describedby=\"caption-attachment-15431\" style=\"width: 790px\" class=\"wp-caption aligncenter\"><a href=\"https:\/\/bestmaresme.com\/Premia_de_Mar\/1486-casas-Premia_de_Mar-1144\/\"><img decoding=\"async\" loading=\"lazy\" class=\"size-large wp-image-15431\" src=\"https:\/\/bestmaresme.com\/blog\/wp-content\/uploads\/2022\/10\/IMG_6658-1024x682.jpg\" alt=\"\" width=\"790\" height=\"526\" srcset=\"https:\/\/bestmaresme.com\/blog\/wp-content\/uploads\/2022\/10\/IMG_6658-1024x682.jpg 1024w, https:\/\/bestmaresme.com\/blog\/wp-content\/uploads\/2022\/10\/IMG_6658-300x200.jpg 300w, https:\/\/bestmaresme.com\/blog\/wp-content\/uploads\/2022\/10\/IMG_6658-768x512.jpg 768w, https:\/\/bestmaresme.com\/blog\/wp-content\/uploads\/2022\/10\/IMG_6658.jpg 1400w\" sizes=\"(max-width: 790px) 100vw, 790px\" \/><\/a><figcaption id=\"caption-attachment-15431\" class=\"wp-caption-text\">Parcela de 351 m2<\/figcaption><\/figure>\n<p>En la\u00a0<b>planta baja<\/b>\u00a0de esta vivienda se encuentra la zona de d\u00eda con sala de estar, comedor, cocina y un aseo de cortes\u00eda. Tanto la cocina como el comedor tienen un acceso directo al jard\u00edn llano donde celebrar agradables comidas y veladas en compa\u00f1\u00eda de familiares y amigos, darse un refrescante chapuz\u00f3n a la piscina y disfrutar de su \u00e1rea verde. Se trata de un jard\u00edn privado muy cuidado, equipado con riego autom\u00e1tico.<\/p>\n<figure id=\"attachment_15432\" aria-describedby=\"caption-attachment-15432\" style=\"width: 790px\" class=\"wp-caption aligncenter\"><a href=\"https:\/\/bestmaresme.com\/Premia_de_Mar\/1486-casas-Premia_de_Mar-1144\/\"><img decoding=\"async\" loading=\"lazy\" class=\"size-large wp-image-15432\" src=\"https:\/\/bestmaresme.com\/blog\/wp-content\/uploads\/2022\/10\/IMG_6699-1024x682.jpg\" alt=\"\" width=\"790\" height=\"526\" srcset=\"https:\/\/bestmaresme.com\/blog\/wp-content\/uploads\/2022\/10\/IMG_6699-1024x682.jpg 1024w, https:\/\/bestmaresme.com\/blog\/wp-content\/uploads\/2022\/10\/IMG_6699-300x200.jpg 300w, https:\/\/bestmaresme.com\/blog\/wp-content\/uploads\/2022\/10\/IMG_6699-768x512.jpg 768w, https:\/\/bestmaresme.com\/blog\/wp-content\/uploads\/2022\/10\/IMG_6699.jpg 1400w\" sizes=\"(max-width: 790px) 100vw, 790px\" \/><\/a><figcaption id=\"caption-attachment-15432\" class=\"wp-caption-text\">Amplio sal\u00f3n con salida a jard\u00edn con piscina<\/figcaption><\/figure>\n<figure id=\"attachment_15433\" aria-describedby=\"caption-attachment-15433\" style=\"width: 790px\" class=\"wp-caption aligncenter\"><a href=\"https:\/\/bestmaresme.com\/Premia_de_Mar\/1486-casas-Premia_de_Mar-1144\/\"><img decoding=\"async\" loading=\"lazy\" class=\"size-large wp-image-15433\" src=\"https:\/\/bestmaresme.com\/blog\/wp-content\/uploads\/2022\/10\/IMG_6696-1024x682.jpg\" alt=\"\" width=\"790\" height=\"526\" srcset=\"https:\/\/bestmaresme.com\/blog\/wp-content\/uploads\/2022\/10\/IMG_6696-1024x682.jpg 1024w, https:\/\/bestmaresme.com\/blog\/wp-content\/uploads\/2022\/10\/IMG_6696-300x200.jpg 300w, https:\/\/bestmaresme.com\/blog\/wp-content\/uploads\/2022\/10\/IMG_6696-768x512.jpg 768w, https:\/\/bestmaresme.com\/blog\/wp-content\/uploads\/2022\/10\/IMG_6696.jpg 1400w\" sizes=\"(max-width: 790px) 100vw, 790px\" \/><\/a><figcaption id=\"caption-attachment-15433\" class=\"wp-caption-text\">Comedor independiente<\/figcaption><\/figure>\n<h4 style=\"text-align: center;\">\u00bfBuscas una <a href=\"https:\/\/bestmaresme.com\/\">casa de lujo en Barcelona<\/a>?<\/h4>\n<p>En <strong><a href=\"https:\/\/bestmaresme.com\/\">BestMaresme<\/a><\/strong> disponemos de una gran oferta en las zonas m\u00e1s exclusivas del <strong><a href=\"https:\/\/bestmaresme.com\/\">Maresme<\/a><\/strong>. Somos expertos en <a href=\"https:\/\/bestmaresme.com\/\">propiedades de lujo<\/a> en poblaciones como Cabrils, Premia de Dalt, Vilassar de Dalt o Llavaneres. \u00bfEst\u00e1 buscando una <a href=\"https:\/\/bestmaresme.com\/\">casa de lujo para comprar o alquilar en la Costa de Barcelona<\/a>? Vis\u00edtanos o contacta con nosotros.<\/p>\n<div style=\"width: 100%; text-align: center; margin-bottom: 40px;\">\n<div style=\"padding-top: 10px; font-size: 22px;\"><a style=\"color: #7c2c2d;\" title=\"Env\u00edanos un Wassap!\" href=\"https:\/\/api.whatsapp.com\/send?l=es-ES&amp;phone=34608010051\" target=\"_blank\" rel=\"noopener\">Env\u00edanos un WhatsApp &gt;&gt;<\/a><\/div>\n<div style=\"font-size: 22px;\"><a style=\"color: #7c2c2d;\" title=\"Llamar a la oficina\" href=\"tel:+34937594692\" target=\"_blank\" rel=\"noopener\">Llamanos al 93 759 46 92 &gt;&gt;<\/a><\/div>\n<\/div>\n<p>&nbsp;<\/p>\n<figure id=\"attachment_15434\" aria-describedby=\"caption-attachment-15434\" style=\"width: 790px\" class=\"wp-caption aligncenter\"><a href=\"https:\/\/bestmaresme.com\/Premia_de_Mar\/1486-casas-Premia_de_Mar-1144\/\"><img decoding=\"async\" loading=\"lazy\" class=\"size-large wp-image-15434\" src=\"https:\/\/bestmaresme.com\/blog\/wp-content\/uploads\/2022\/10\/IMG_6718-1-1024x682.jpg\" alt=\"\" width=\"790\" height=\"526\" srcset=\"https:\/\/bestmaresme.com\/blog\/wp-content\/uploads\/2022\/10\/IMG_6718-1-1024x682.jpg 1024w, https:\/\/bestmaresme.com\/blog\/wp-content\/uploads\/2022\/10\/IMG_6718-1-300x200.jpg 300w, https:\/\/bestmaresme.com\/blog\/wp-content\/uploads\/2022\/10\/IMG_6718-1-768x512.jpg 768w, https:\/\/bestmaresme.com\/blog\/wp-content\/uploads\/2022\/10\/IMG_6718-1.jpg 1400w\" sizes=\"(max-width: 790px) 100vw, 790px\" \/><\/a><figcaption id=\"caption-attachment-15434\" class=\"wp-caption-text\">Luminosa y practica cocina con salida a exterior<\/figcaption><\/figure>\n<p>En la\u00a0<b>primera planta<\/b>\u00a0se ubica la zona de noche que consta de 4 habitaciones, todas exteriores y muy luminosas. Una de las habitaciones es en suite y las otras 3 comparten un segundo ba\u00f1o completo. La master suite est\u00e1 equipada con aire acondicionado.<\/p>\n<figure id=\"attachment_15435\" aria-describedby=\"caption-attachment-15435\" style=\"width: 790px\" class=\"wp-caption aligncenter\"><a href=\"https:\/\/bestmaresme.com\/Premia_de_Mar\/1486-casas-Premia_de_Mar-1144\/\"><img decoding=\"async\" loading=\"lazy\" class=\"size-large wp-image-15435\" src=\"https:\/\/bestmaresme.com\/blog\/wp-content\/uploads\/2022\/10\/IMG_6741-1024x682.jpg\" alt=\"\" width=\"790\" height=\"526\" srcset=\"https:\/\/bestmaresme.com\/blog\/wp-content\/uploads\/2022\/10\/IMG_6741-1024x682.jpg 1024w, https:\/\/bestmaresme.com\/blog\/wp-content\/uploads\/2022\/10\/IMG_6741-300x200.jpg 300w, https:\/\/bestmaresme.com\/blog\/wp-content\/uploads\/2022\/10\/IMG_6741-768x512.jpg 768w, https:\/\/bestmaresme.com\/blog\/wp-content\/uploads\/2022\/10\/IMG_6741.jpg 1400w\" sizes=\"(max-width: 790px) 100vw, 790px\" \/><\/a><figcaption id=\"caption-attachment-15435\" class=\"wp-caption-text\">4 habitaciones y 2 ba\u00f1os<\/figcaption><\/figure>\n<p>La\u00a0<b>segunda planta<\/b>\u00a0alberga una abuhardillada estancia de uso polivalente y una agradable terraza muy soleada con vistas al mar. Una zona de lavado completa esta planta. Dado que dispone de todas las conexiones de agua necesarias ser\u00eda posible instalar en esta zona otro cuarto de ba\u00f1o.<\/p>\n<figure id=\"attachment_15436\" aria-describedby=\"caption-attachment-15436\" style=\"width: 790px\" class=\"wp-caption aligncenter\"><a href=\"https:\/\/bestmaresme.com\/Premia_de_Mar\/1486-casas-Premia_de_Mar-1144\/\"><img decoding=\"async\" loading=\"lazy\" class=\"size-large wp-image-15436\" src=\"https:\/\/bestmaresme.com\/blog\/wp-content\/uploads\/2022\/10\/IMG_6755-1024x682.jpg\" alt=\"\" width=\"790\" height=\"526\" srcset=\"https:\/\/bestmaresme.com\/blog\/wp-content\/uploads\/2022\/10\/IMG_6755-1024x682.jpg 1024w, https:\/\/bestmaresme.com\/blog\/wp-content\/uploads\/2022\/10\/IMG_6755-300x200.jpg 300w, https:\/\/bestmaresme.com\/blog\/wp-content\/uploads\/2022\/10\/IMG_6755-768x512.jpg 768w, https:\/\/bestmaresme.com\/blog\/wp-content\/uploads\/2022\/10\/IMG_6755.jpg 1400w\" sizes=\"(max-width: 790px) 100vw, 790px\" \/><\/a><figcaption id=\"caption-attachment-15436\" class=\"wp-caption-text\">Luminosa buhardilla con salida a terraza<\/figcaption><\/figure>\n<figure id=\"attachment_15437\" aria-describedby=\"caption-attachment-15437\" style=\"width: 790px\" class=\"wp-caption aligncenter\"><a href=\"https:\/\/bestmaresme.com\/Premia_de_Mar\/1486-casas-Premia_de_Mar-1144\/\"><img decoding=\"async\" loading=\"lazy\" class=\"size-large wp-image-15437\" src=\"https:\/\/bestmaresme.com\/blog\/wp-content\/uploads\/2022\/10\/IMG_6765-1024x682.jpg\" alt=\"\" width=\"790\" height=\"526\" srcset=\"https:\/\/bestmaresme.com\/blog\/wp-content\/uploads\/2022\/10\/IMG_6765-1024x682.jpg 1024w, https:\/\/bestmaresme.com\/blog\/wp-content\/uploads\/2022\/10\/IMG_6765-300x200.jpg 300w, https:\/\/bestmaresme.com\/blog\/wp-content\/uploads\/2022\/10\/IMG_6765-768x512.jpg 768w, https:\/\/bestmaresme.com\/blog\/wp-content\/uploads\/2022\/10\/IMG_6765.jpg 1400w\" sizes=\"(max-width: 790px) 100vw, 790px\" \/><\/a><figcaption id=\"caption-attachment-15437\" class=\"wp-caption-text\">Terraza solarium<\/figcaption><\/figure>\n<p>En la\u00a0<b>planta inferior\u00a0<\/b>de la vivienda encontramos otra sala polivalente de grandes dimensiones, equipada con armarios empotrados. Desde esta sala se accede al espacioso garaje con puerta automatizada que tiene cabida para 2 veh\u00edculos.<\/p>\n<figure id=\"attachment_15438\" aria-describedby=\"caption-attachment-15438\" style=\"width: 790px\" class=\"wp-caption aligncenter\"><a href=\"https:\/\/bestmaresme.com\/Premia_de_Mar\/1486-casas-Premia_de_Mar-1144\/\"><img decoding=\"async\" loading=\"lazy\" class=\"size-large wp-image-15438\" src=\"https:\/\/bestmaresme.com\/blog\/wp-content\/uploads\/2022\/10\/IMG_6704-1024x682.jpg\" alt=\"\" width=\"790\" height=\"526\" srcset=\"https:\/\/bestmaresme.com\/blog\/wp-content\/uploads\/2022\/10\/IMG_6704-1024x682.jpg 1024w, https:\/\/bestmaresme.com\/blog\/wp-content\/uploads\/2022\/10\/IMG_6704-300x200.jpg 300w, https:\/\/bestmaresme.com\/blog\/wp-content\/uploads\/2022\/10\/IMG_6704-768x512.jpg 768w, https:\/\/bestmaresme.com\/blog\/wp-content\/uploads\/2022\/10\/IMG_6704.jpg 1400w\" sizes=\"(max-width: 790px) 100vw, 790px\" \/><\/a><figcaption id=\"caption-attachment-15438\" class=\"wp-caption-text\">Sala polivalente<\/figcaption><\/figure>\n<p>Muy destacables son la\u00a0<b>reciente instalaci\u00f3n de placas fotovoltaicas\u00a0<\/b>y la\u00a0<b>posibilidad de instalar un ascensor que comunica todas las plantas<\/b>.\u00a0<b>Asimismo, la casa goza de una ubicaci\u00f3n y tranquilidad envidiables.<\/b><!--more--><\/p>","protected":false},"excerpt":{"rendered":"<p>casa esquinera delante del mar +info C-1144 750.000 \u20ac &nbsp; &nbsp; Fant\u00e1stica\u00a0casa esquinera a la venta\u00a0a\u00a0Premia de Mar, en\u00a0ubicaci\u00f3n privilegiada, en zona residencial muy tranquila,&hellip; <\/p>\n","protected":false},"author":1,"featured_media":15430,"comment_status":"closed","ping_status":"closed","sticky":false,"template":"","format":"standard","meta":{"footnotes":""},"categories":[229,256,122,172,103,1],"tags":[68,58,69,19,104],"_links":{"self":[{"href":"https:\/\/bestmaresme.com\/blog\/wp-json\/wp\/v2\/posts\/15429"}],"collection":[{"href":"https:\/\/bestmaresme.com\/blog\/wp-json\/wp\/v2\/posts"}],"about":[{"href":"https:\/\/bestmaresme.com\/blog\/wp-json\/wp\/v2\/types\/post"}],"author":[{"embeddable":true,"href":"https:\/\/bestmaresme.com\/blog\/wp-json\/wp\/v2\/users\/1"}],"replies":[{"embeddable":true,"href":"https:\/\/bestmaresme.com\/blog\/wp-json\/wp\/v2\/comments?post=15429"}],"version-history":[{"count":8,"href":"https:\/\/bestmaresme.com\/blog\/wp-json\/wp\/v2\/posts\/15429\/revisions"}],"predecessor-version":[{"id":44319,"href":"https:\/\/bestmaresme.com\/blog\/wp-json\/wp\/v2\/posts\/15429\/revisions\/44319"}],"wp:featuredmedia":[{"embeddable":true,"href":"https:\/\/bestmaresme.com\/blog\/wp-json\/wp\/v2\/media\/15430"}],"wp:attachment":[{"href":"https:\/\/bestmaresme.com\/blog\/wp-json\/wp\/v2\/media?parent=15429"}],"wp:term":[{"taxonomy":"category","embeddable":true,"href":"https:\/\/bestmaresme.com\/blog\/wp-json\/wp\/v2\/categories?post=15429"},{"taxonomy":"post_tag","embeddable":true,"href":"https:\/\/bestmaresme.com\/blog\/wp-json\/wp\/v2\/tags?post=15429"}],"curies":[{"name":"wp","href":"https:\/\/api.w.org\/{rel}","templated":true}]}}