{"id":16015,"date":"2023-02-08T17:00:01","date_gmt":"2023-02-08T17:00:01","guid":{"rendered":"https:\/\/bestmaresme.com\/blog\/?p=16015"},"modified":"2023-07-21T20:11:51","modified_gmt":"2023-07-21T20:11:51","slug":"el-maresme-esta-de-carnaval-2023","status":"publish","type":"post","link":"https:\/\/bestmaresme.com\/blog\/el-maresme-esta-de-carnaval-2023\/","title":{"rendered":"El Maresme est\u00e1 de Carnaval 2023"},"content":{"rendered":"<p><\/p>\n<h1 style=\"text-align: center;\"><strong>\u00bfPreparados para vivir el Carnaval en el Maresme?<\/strong><\/h1>\n<p><strong>\u00a1Animaros a disfrazaros y a salir a la calle para pasarlo bien!<\/strong><\/p>\n<h2><a href=\"https:\/\/bestmaresme.com\/Badalona\/\">Badalona<\/a><\/h2>\n<p><strong>S\u00e1bado 18<\/strong>, 17 h, Torre Mena (C\/ Reus \/ pl Amistat). Preg\u00f3n de la Reina Carnestoltes y su corte. A continuaci\u00f3n inicio de la r\u00faa.<\/p>\n<p><strong>S\u00e1bado, 19<\/strong>, 19 h, plaza Trafalgar. Baile de disfraces con un grupo de versiones.<\/p>\n<p><strong>Mi\u00e9rcoles 22<\/strong>, De 10 a 22 h Entierro de la sardina, en el parque del Escorxador<\/p>\n<h2><a href=\"https:\/\/bestmaresme.com\/Cabrera_de_mar\/\">Cabrera de Mar<\/a><\/h2>\n<p><strong>Viernes 17<\/strong><\/p>\n<p>10 h, RUA DE CARNAVAL DEL INSTITUTO ESCUELA PLA de L\u2019Avella<\/p>\n<p>15h30<b>, <\/b>R\u00daA DE CARNAVAL DE LA ESCUELA SAN FELIU<\/p>\n<p>17h30, Carpa Municipal &#8211; Corrandes Animaci\u00f3n- CONCURSO DE DISFRACES INFANTIL<\/p>\n<p>20h30 &#8211; Carpa Municipal &#8211; Animaci\u00f3n y Dj&#8217;s 3 Butacas- CONCURSO DE DISFRACES ADULTO<\/p>\n<p>BAILE DE CARNAVAL<\/p>\n<p><strong>Lunes 20<\/strong>, 17,30 h, casal de la gent gran El Castellet &#8211; ESPECTACULO MUSICAL &#8220;TRIBUT ALS CARNESTOLTES DEL M\u00d3N&#8221;<\/p>\n<p><strong>Martes, 21,<\/strong> 20 h, envelat municipal. BAILE DE MOMEROTES i MARCHA F\u00daNEBRE<\/p>\n<p><strong>Mi\u00e9rcoles 22<\/strong>, 19 h, terraza de Can Martinet. Despedida del Carnestoltes con la lectura del testamento a la que seguir\u00e1 el entierro de la sardina.<\/p>\n<h2><a href=\"https:\/\/bestmaresme.com\/Argentona\/\">Argentona<\/a><\/h2>\n<p><strong>Jueves 16, <\/strong>19h30- Plaza de Vendre. Cocurso de tortillas y cena popular.<\/p>\n<p><strong>Viernes 17<\/strong><\/p>\n<p>22 h- Ayuntamiento hasta la plaza nueva- Correfoc de Carnestoltes.<\/p>\n<p>23 h- Sal\u00f3 de Pedra-Preg\u00f3n de Carnesoltes, baile de carnestoltes con AKSIS, y a media parte del baile concurso de disfraces.<\/p>\n<p><strong>Domingo 19<\/strong><\/p>\n<p>11h- Plaza del Geganter Joan Padr\u00f3s fins la plaza Nova- R\u00faa de carnaval<\/p>\n<p>12h- Baile Familiar con Landry.<\/p>\n<p><strong>Mi\u00e9rcoles 22<\/strong><\/p>\n<p>19h30- Casal de joves. R\u00faa F\u00fanebre<\/p>\n<p>20h- Plaza del Vendre- Lectura del testamento y despedida del Rey Carnestoltes.<\/p>\n<h2><a href=\"https:\/\/bestmaresme.com\/Mataro\/\">Matar\u00f3<\/a><\/h2>\n<p><strong>Jueves, 16, 19 h<\/strong>\u00a0 Desde la plaza de Santa Maria y la plaza de Can Xammar- Reparto de Tortillas<\/p>\n<p>La Hermand\u00e1 de la Juliana Llardera y la Semproniana Llardosa,con el acompa\u00f1amiento musical del conjunto de grallas del Espacio de M\u00fasica Tradicional de Matar\u00f3 por una<br \/>\nbanda, y la Momerota y la Momeroteta y sus grallers por la otra, se pasear\u00e1n por las calles c\u00e9ntricas de la ciudad.<\/p>\n<p><strong>S\u00e1bado 18<\/strong><\/p>\n<p>11.30 h, plaza Onze de Setiembre. Chirigotas callejeras.<br \/>\n12.00 h. Parque central. Baile de Gitanas.<\/p>\n<p>18.00 h. Parque de Cerdanolya hasta Parque Central- R\u00faa de Carnaval y al finalizar Baile de Carnaval.<\/p>\n<p><strong>Domingo 19<\/strong>, 11.30 h, Parc Central . Baile infantil<br \/>\nPellofa es un culo inquieto y le encanta divertirse con los peque\u00f1os de casa. Ha buscado buena compa\u00f1\u00eda y ha invitado a los alocados m\u00fasicos de La Loca Histeria para que le acompa\u00f1en a hacer jolgorio toda la ma\u00f1ana. El rey del Carnaval har\u00e1 su preg\u00f3n dirigido especialmente a ni\u00f1os y ni\u00f1as, y les animar\u00e1 a participar en el baile infantil.<\/p>\n<p><strong>Mi\u00e9rcoles 2<\/strong>, 17.30 h, Ayuntamiento. Entierro de En Pellofa.<\/p>\n<figure id=\"attachment_14434\" aria-describedby=\"caption-attachment-14434\" style=\"width: 701px\" class=\"wp-caption aligncenter\"><img decoding=\"async\" loading=\"lazy\" class=\" wp-image-14434\" src=\"https:\/\/bestmaresme.com\/blog\/wp-content\/uploads\/2022\/02\/sardina-mataro.jpeg\" alt=\"\" width=\"701\" height=\"389\" srcset=\"https:\/\/bestmaresme.com\/blog\/wp-content\/uploads\/2022\/02\/sardina-mataro.jpeg 768w, https:\/\/bestmaresme.com\/blog\/wp-content\/uploads\/2022\/02\/sardina-mataro-300x166.jpeg 300w\" sizes=\"(max-width: 701px) 100vw, 701px\" \/><figcaption id=\"caption-attachment-14434\" class=\"wp-caption-text\">Entierro de la sardina, en Matar\u00f3<\/figcaption><\/figure>\n<h2>Premi\u00e0 de Mar<\/h2>\n<p><strong>Jueves 16<\/strong>, 17.30 h, pla\u00e7a dels Pa\u00efsos Catalans. Llegada de Sa Majestat Primili\u00e0 acompa\u00f1ado por buena m\u00fasica. Espect\u00e1culo infantil con Toc de Retruc y merienda con butifarra de huevo<br \/>\nPresentan el espect\u00e1culo Tutti Frutti, un baile y animaci\u00f3n para todas las edades. Una hora de m\u00fasica y locura.<\/p>\n<p><strong>S\u00e1bado 18,<\/strong><\/p>\n<p>11-14.00 h, Puertas abiertas en Can Manent<\/p>\n<p>22.45 h, en la plaza del Ayuntamiento- Quilombo amenizar\u00e1 la previa en el Ball de Carnaval para que todo el mundo entre en la Amistad bien animado<\/p>\n<p>23 h, a l\u2019Espai l\u2019Amistat- Baile de Carnaval con Karaokes Band y la Casqui Dj<\/p>\n<p><strong>Domingo 19<\/strong>,<\/p>\n<p>11.30 h, desde la pla\u00e7a Nova.Pasacalles infantil<\/p>\n<p>12 h, la Pla\u00e7a dels Pa\u00efsos Catalans- Carnaval y animaci\u00f3n infantil con espect\u00e1culo Zum.<\/p>\n<p>17 h, des de la pla\u00e7a Joan Coromines- XXXV Rua de Carnaval<\/p>\n<p><strong>Lunes 20<\/strong> 12 h, a la pla\u00e7a de la Sardana- Espect\u00e1culo del circo &#8220;El rpofesor Karoli con el hombre rueda&#8221;<\/p>\n<p><strong>Mi\u00e9rcoles 22,<\/strong> 17.30 h, Plaza Pa\u00efsos Catalans. Testamento del Rei Carnestoltes y Entierro de la sardina.<\/p>\n<h2><a href=\"https:\/\/bestmaresme.com\/Llavaneres\/\">Sant Andreu de Llavaneres<\/a><\/h2>\n<p>Este a\u00f1o, Sant Andreu de Llavaneras, recupera el Carnaval.<\/p>\n<p><strong>S\u00e1bado 18,<\/strong> 18 h. Inicio de la r\u00faa que recorrer\u00e1 las calles del centro. Saldr\u00e1 de Ca L&#8217;Alfaro y recorrer\u00e1 las calles hasta el Pavell\u00f3n de Deportes, d\u00f3nde habr\u00e1 m\u00fasica con DJ Strawberry.<\/p>\n<h4 style=\"text-align: center;\">\u00bfBuscas una <a href=\"https:\/\/bestmaresme.com\/\">casa de lujo en Barcelona<\/a>?<\/h4>\n<p>En <strong><a href=\"https:\/\/bestmaresme.com\/\">BestMaresme<\/a><\/strong> disponemos de una gran oferta en las zonas m\u00e1s exclusivas del <a href=\"https:\/\/bestmaresme.com\/\">Maresme<\/a>. Somos expertos en <a href=\"https:\/\/bestmaresme.com\/\">propiedades de lujo<\/a> en poblaciones como Cabrils, Premia de Dalt, Vilassar de Dalt o Llavaneres. \u00bfEst\u00e1 buscando una <a href=\"https:\/\/bestmaresme.com\/\">casa de lujo para comprar o alquilar en la Costa de Barcelona<\/a>? Vis\u00edtanos o contacta con nosotros.<\/p>\n<div style=\"width: 100%; text-align: center; margin-bottom: 40px;\">\n<div style=\"padding-top: 10px; font-size: 22px;\"><a style=\"color: #7c2c2d;\" title=\"Env\u00edanos un Wassap!\" href=\"https:\/\/api.whatsapp.com\/send?l=es-ES&amp;phone=34608010051\" target=\"_blank\" rel=\"noopener\">Env\u00edanos un WhatsApp &gt;&gt;<\/a><\/div>\n<div style=\"font-size: 22px;\"><a style=\"color: #7c2c2d;\" title=\"Llamar a la oficina\" href=\"tel:+34937594692\" target=\"_blank\" rel=\"noopener\">Llamanos al 93 759 46 92 &gt;&gt;<\/a><span style=\"font-size: 15px;\">\u00a0<\/span><\/div>\n<div><\/div>\n<\/div>\n<h2><a href=\"https:\/\/bestmaresme.com\/Vilassar_de_Mar\/\">Vilassar de Mar<\/a><\/h2>\n<p><strong>Jueves 16<\/strong>, 17.30 h, plaza del Ajuntament. Llegada del Rey y la Reina Carnestoltes que dar\u00e1 inicio a las fiestas. Carnaval infantil con merienda de botifarra de huevo.<\/p>\n<p><b>S\u00e1bado 18<\/b><\/p>\n<p>12 h, plaza Picasso. Carnaval infantil con El Coloraines.<\/p>\n<p>18.00 h. Calle Sant Artur. Concentraci\u00f3n de comparsas .<\/p>\n<p>18.30. Preg\u00f3n del Rey y la Reina Carnestoltes y Gran Rua.<\/p>\n<p>23 h. Plaza Tarradellas. Entrega de Premios, disco m\u00f3bil con Roger Freedom y Foodtrucks.<\/p>\n<p><strong>Domingo 19<\/strong>, 12 h, plaza del C\u00edrcol. XLVI Carnestoltes Firobi, con el espect\u00e1culo Encara farem salat.<\/p>\n<p><strong>Mi\u00e9rcoles 22<\/strong>. 19 h, Can Bisa. Entierro de la sardina con un pasacalle, desde Can Bisa hasta la plaza del Ajuntament.<\/p>\n<p><figure id=\"attachment_14444\" aria-describedby=\"caption-attachment-14444\" style=\"width: 659px\" class=\"wp-caption aligncenter\"><img decoding=\"async\" loading=\"lazy\" class=\" wp-image-14444\" src=\"https:\/\/bestmaresme.com\/blog\/wp-content\/uploads\/2022\/02\/Pregovilassardemar.jpg\" alt=\"\" width=\"659\" height=\"440\" srcset=\"https:\/\/bestmaresme.com\/blog\/wp-content\/uploads\/2022\/02\/Pregovilassardemar.jpg 799w, https:\/\/bestmaresme.com\/blog\/wp-content\/uploads\/2022\/02\/Pregovilassardemar-300x201.jpg 300w, https:\/\/bestmaresme.com\/blog\/wp-content\/uploads\/2022\/02\/Pregovilassardemar-768x513.jpg 768w\" sizes=\"(max-width: 659px) 100vw, 659px\" \/><figcaption id=\"caption-attachment-14444\" class=\"wp-caption-text\">Preg\u00f3n de Vilassar de Mar<\/figcaption><\/figure><\/p>","protected":false},"excerpt":{"rendered":"<p>\u00bfPreparados para vivir el Carnaval en el Maresme? \u00a1Animaros a disfrazaros y a salir a la calle para pasarlo bien! Badalona S\u00e1bado 18, 17 h,&hellip; <\/p>\n","protected":false},"author":1,"featured_media":16025,"comment_status":"closed","ping_status":"closed","sticky":false,"template":"","format":"standard","meta":{"footnotes":""},"categories":[135,121,172,234,1],"tags":[52,36,69,19,22],"_links":{"self":[{"href":"https:\/\/bestmaresme.com\/blog\/wp-json\/wp\/v2\/posts\/16015"}],"collection":[{"href":"https:\/\/bestmaresme.com\/blog\/wp-json\/wp\/v2\/posts"}],"about":[{"href":"https:\/\/bestmaresme.com\/blog\/wp-json\/wp\/v2\/types\/post"}],"author":[{"embeddable":true,"href":"https:\/\/bestmaresme.com\/blog\/wp-json\/wp\/v2\/users\/1"}],"replies":[{"embeddable":true,"href":"https:\/\/bestmaresme.com\/blog\/wp-json\/wp\/v2\/comments?post=16015"}],"version-history":[{"count":9,"href":"https:\/\/bestmaresme.com\/blog\/wp-json\/wp\/v2\/posts\/16015\/revisions"}],"predecessor-version":[{"id":16024,"href":"https:\/\/bestmaresme.com\/blog\/wp-json\/wp\/v2\/posts\/16015\/revisions\/16024"}],"wp:featuredmedia":[{"embeddable":true,"href":"https:\/\/bestmaresme.com\/blog\/wp-json\/wp\/v2\/media\/16025"}],"wp:attachment":[{"href":"https:\/\/bestmaresme.com\/blog\/wp-json\/wp\/v2\/media?parent=16015"}],"wp:term":[{"taxonomy":"category","embeddable":true,"href":"https:\/\/bestmaresme.com\/blog\/wp-json\/wp\/v2\/categories?post=16015"},{"taxonomy":"post_tag","embeddable":true,"href":"https:\/\/bestmaresme.com\/blog\/wp-json\/wp\/v2\/tags?post=16015"}],"curies":[{"name":"wp","href":"https:\/\/api.w.org\/{rel}","templated":true}]}}