{"id":16712,"date":"2023-03-25T16:11:11","date_gmt":"2023-03-25T16:11:11","guid":{"rendered":"https:\/\/bestmaresme.com\/blog\/?p=16712"},"modified":"2023-07-21T20:11:57","modified_gmt":"2023-07-21T20:11:57","slug":"instituto-de-alella","status":"publish","type":"post","link":"https:\/\/bestmaresme.com\/blog\/instituto-de-alella\/","title":{"rendered":"Instituto de Alella"},"content":{"rendered":"<p><\/p>\n<blockquote><p>El instituto de Alella tiene como finalidad conseguir la mejor calidad posible en la educaci\u00f3n de los jovenes de Alella.<\/p><\/blockquote>\n<p><strong>Av. del Bosquet, 7 &#8211; 08328 Alella<br \/>\nTel. 935 40 31 10<br \/>\n<a href=\"https:\/\/agora.xtec.cat\/iesalella\/\">https:\/\/agora.xtec.cat\/iesalella\/<\/a><\/strong><a href=\"http:\/\/agora.xtec.cat\/iesalella\/\"><img decoding=\"async\" loading=\"lazy\" class=\"aligncenter size-full wp-image-16432\" src=\"https:\/\/bestmaresme.com\/blog\/wp-content\/uploads\/2023\/03\/institut-alella.png\" alt=\"\" width=\"168\" height=\"99\" \/><\/a><\/p>\n<p><iframe loading=\"lazy\" style=\"border: 0;\" src=\"https:\/\/www.google.com\/maps\/embed?pb=!1m18!1m12!1m3!1d2988.4424225698344!2d2.297886015715575!3d41.494686397298906!2m3!1f0!2f0!3f0!3m2!1i1024!2i768!4f13.1!3m3!1m2!1s0x12a4ba04ebeefebd%3A0x4a32b61ffe6a2f3c!2sInstitut%20d'Alella!5e0!3m2!1ses!2sbr!4v1679760148920!5m2!1ses!2sbr\" width=\"600\" height=\"450\" allowfullscreen=\"allowfullscreen\"><\/iframe><\/p>\n<p>Ofreciendo ESO y Bachillerato, en las modalidades de Ciencias, Tecnolog\u00eda, Humanidades y Ciencias sociales, el Institut Alella es un centro de educaci\u00f3n secundaria obligatoria y postobligatoria, p\u00fablico de la Generalidad de Catalu\u00f1a.<\/p>\n<p>Durante el curso 2009-2010 empez\u00f3 a ofrecer el ciclo formativo de Grado Superior de Marketing y publicidad, con perfil profesional enol\u00f3gico, que ha permitido profesionalizar a buena parte del sector.<\/p>\n<p>En el curso 2018-2019, ampli\u00f3 su oferta educativa con el ciclo de Grado Medio de Actividades comerciales.<\/p>\n<p>El instituto dispone de aulas generales y aulas espec\u00edficas para dibujo, pl\u00e1stica, fotograf\u00eda, m\u00fasica, tecnolog\u00eda, inform\u00e1tica, audiovisuales, enolog\u00eda, aula de atenci\u00f3n a la diversidad (equipadas con ordenadores). Tambi\u00e9n tiene gimnasio, laboratorios de ciencias, de qu\u00edmica y de f\u00edsica, biblioteca, pistas deportivas, salas de reuniones y sal\u00f3n de actos.<\/p>","protected":false},"excerpt":{"rendered":"<p>El instituto de Alella tiene como finalidad conseguir la mejor calidad posible en la educaci\u00f3n de los jovenes de Alella. Av. del Bosquet, 7 &#8211;&hellip; <\/p>\n","protected":false},"author":9,"featured_media":16431,"comment_status":"closed","ping_status":"closed","sticky":false,"template":"","format":"standard","meta":{"footnotes":""},"categories":[20,144],"tags":[21,192],"_links":{"self":[{"href":"https:\/\/bestmaresme.com\/blog\/wp-json\/wp\/v2\/posts\/16712"}],"collection":[{"href":"https:\/\/bestmaresme.com\/blog\/wp-json\/wp\/v2\/posts"}],"about":[{"href":"https:\/\/bestmaresme.com\/blog\/wp-json\/wp\/v2\/types\/post"}],"author":[{"embeddable":true,"href":"https:\/\/bestmaresme.com\/blog\/wp-json\/wp\/v2\/users\/9"}],"replies":[{"embeddable":true,"href":"https:\/\/bestmaresme.com\/blog\/wp-json\/wp\/v2\/comments?post=16712"}],"version-history":[{"count":5,"href":"https:\/\/bestmaresme.com\/blog\/wp-json\/wp\/v2\/posts\/16712\/revisions"}],"predecessor-version":[{"id":44548,"href":"https:\/\/bestmaresme.com\/blog\/wp-json\/wp\/v2\/posts\/16712\/revisions\/44548"}],"wp:featuredmedia":[{"embeddable":true,"href":"https:\/\/bestmaresme.com\/blog\/wp-json\/wp\/v2\/media\/16431"}],"wp:attachment":[{"href":"https:\/\/bestmaresme.com\/blog\/wp-json\/wp\/v2\/media?parent=16712"}],"wp:term":[{"taxonomy":"category","embeddable":true,"href":"https:\/\/bestmaresme.com\/blog\/wp-json\/wp\/v2\/categories?post=16712"},{"taxonomy":"post_tag","embeddable":true,"href":"https:\/\/bestmaresme.com\/blog\/wp-json\/wp\/v2\/tags?post=16712"}],"curies":[{"name":"wp","href":"https:\/\/api.w.org\/{rel}","templated":true}]}}