{"id":2347,"date":"2017-05-16T11:15:30","date_gmt":"2017-05-16T11:15:30","guid":{"rendered":"http:\/\/bestmaresme.com\/blog\/?p=2347"},"modified":"2023-07-21T20:08:12","modified_gmt":"2023-07-21T20:08:12","slug":"cultura-marinera-del-maresme","status":"publish","type":"post","link":"https:\/\/bestmaresme.com\/blog\/cultura-marinera-del-maresme\/","title":{"rendered":"Cultura Marinera del MARESME"},"content":{"rendered":"<p><\/p>\n<blockquote><p>El litoral del Maresme era conocido como costa torreada por sus numerosas torres de guaita existentes.<\/p><\/blockquote>\n<p>Ten\u00edan por finalidad ser torres de defensa y generalmente formaban parte de un sistema fortificado o estrategia de defensa intercomunicado a trav\u00e9s de se\u00f1ales de humo o fuego.<\/p>\n<p><img decoding=\"async\" loading=\"lazy\" class=\"aligncenter wp-image-2348 size-full\" src=\"http:\/\/bestmaresme.com\/blog\/wp-content\/uploads\/2017\/05\/0-1.jpg\" alt=\"\" width=\"207\" height=\"225\" \/><\/p>\n<p>El Faro de Calella situado en una cima de unos 50 metros, inaugurado en 1859. Siendo la linterna alimentada por aceite hasta 1927 que se cambi\u00f3 a electricidad.<\/p>\n<p><img decoding=\"async\" loading=\"lazy\" class=\"wp-image-2349 alignleft\" src=\"http:\/\/bestmaresme.com\/blog\/wp-content\/uploads\/2017\/05\/1-1.jpg\" alt=\"\" width=\"349\" height=\"275\" \/><img decoding=\"async\" loading=\"lazy\" class=\"aligncenter wp-image-2350 \" src=\"http:\/\/bestmaresme.com\/blog\/wp-content\/uploads\/2017\/05\/2-1.jpg\" alt=\"\" width=\"307\" height=\"333\" \/><\/p>\n<p>Bricbarca es una asociaci\u00f3n cultural sin af\u00e1n de lucro que trabaja para recuperar y promover la cultura marinera. De vela latina realiza salidas y talleres na\u00faticos.<\/p>\n<p><img decoding=\"async\" loading=\"lazy\" class=\"aligncenter wp-image-2351 size-full\" src=\"http:\/\/bestmaresme.com\/blog\/wp-content\/uploads\/2017\/05\/4.jpg\" alt=\"\" width=\"571\" height=\"201\" srcset=\"https:\/\/bestmaresme.com\/blog\/wp-content\/uploads\/2017\/05\/4.jpg 571w, https:\/\/bestmaresme.com\/blog\/wp-content\/uploads\/2017\/05\/4-300x106.jpg 300w, https:\/\/bestmaresme.com\/blog\/wp-content\/uploads\/2017\/05\/4-508x179.jpg 508w\" sizes=\"(max-width: 571px) 100vw, 571px\" \/><\/p>\n<p>&nbsp;<\/p>\n<p>\u27a1Fuentes: <a href=\"https:\/\/www.mataro.cat\">Costa de Barcelona Maresme<\/a><\/p>\n<p>\u27a1\u00a0<a href=\"http:\/\/bestmaresme.com\/\">Ver nuestros inmuebles en nuestra website BEST MARESME<\/a><!--more--><\/p>","protected":false},"excerpt":{"rendered":"<p>El litoral del Maresme era conocido como costa torreada por sus numerosas torres de guaita existentes. Ten\u00edan por finalidad ser torres de defensa y generalmente&hellip; <\/p>\n","protected":false},"author":1,"featured_media":2353,"comment_status":"open","ping_status":"open","sticky":false,"template":"","format":"standard","meta":{"footnotes":""},"categories":[119,122,1],"tags":[52,33,41,3,67,9],"_links":{"self":[{"href":"https:\/\/bestmaresme.com\/blog\/wp-json\/wp\/v2\/posts\/2347"}],"collection":[{"href":"https:\/\/bestmaresme.com\/blog\/wp-json\/wp\/v2\/posts"}],"about":[{"href":"https:\/\/bestmaresme.com\/blog\/wp-json\/wp\/v2\/types\/post"}],"author":[{"embeddable":true,"href":"https:\/\/bestmaresme.com\/blog\/wp-json\/wp\/v2\/users\/1"}],"replies":[{"embeddable":true,"href":"https:\/\/bestmaresme.com\/blog\/wp-json\/wp\/v2\/comments?post=2347"}],"version-history":[{"count":4,"href":"https:\/\/bestmaresme.com\/blog\/wp-json\/wp\/v2\/posts\/2347\/revisions"}],"predecessor-version":[{"id":42225,"href":"https:\/\/bestmaresme.com\/blog\/wp-json\/wp\/v2\/posts\/2347\/revisions\/42225"}],"wp:featuredmedia":[{"embeddable":true,"href":"https:\/\/bestmaresme.com\/blog\/wp-json\/wp\/v2\/media\/2353"}],"wp:attachment":[{"href":"https:\/\/bestmaresme.com\/blog\/wp-json\/wp\/v2\/media?parent=2347"}],"wp:term":[{"taxonomy":"category","embeddable":true,"href":"https:\/\/bestmaresme.com\/blog\/wp-json\/wp\/v2\/categories?post=2347"},{"taxonomy":"post_tag","embeddable":true,"href":"https:\/\/bestmaresme.com\/blog\/wp-json\/wp\/v2\/tags?post=2347"}],"curies":[{"name":"wp","href":"https:\/\/api.w.org\/{rel}","templated":true}]}}