{"id":2441,"date":"2017-05-29T10:22:34","date_gmt":"2017-05-29T10:22:34","guid":{"rendered":"http:\/\/bestmaresme.com\/blog\/?p=2441"},"modified":"2023-07-21T20:08:16","modified_gmt":"2023-07-21T20:08:16","slug":"inauguracion-del-cafe-mar-mas-grande-del-mundo-barcelona","status":"publish","type":"post","link":"https:\/\/bestmaresme.com\/blog\/inauguracion-del-cafe-mar-mas-grande-del-mundo-barcelona\/","title":{"rendered":"Inauguraci\u00f3n del CAF\u00c9 DEL MAR m\u00e1s grande del mundo en BARCELONA"},"content":{"rendered":"<p><\/p>\n<blockquote><p>El \u201cPuerto Ban\u00fas\u201d de Barcelona<\/p><\/blockquote>\n<p>El club aspira a convertirse en un punto de referencia para el ocio de Barcelona y del \u00e1rea metropolitana en general.<\/p>\n<div class=\"story-leaf-despiece\">\n<div class=\"story-leaf-despiece-title\">\n<p>El impulsor del proyecto tambi\u00e9n considera que Caf\u00e9 del Mar ser\u00e1 toda una \u201c<b>locomotora<\/b>\u201d para el <b>Port <\/b><b>F\u00f2rum<\/b>, un equipamiento hasta ahora \u201cestigmatizado\u201d, y que empieza a remontar el vuelo. En este sentido, asegura que ya existe una fuerte <b>demanda <\/b>de negocios, y que, en poco tiempo, se convertir\u00e1 en un enclave con establecimientos de gama alta.<\/p>\n<p><img decoding=\"async\" loading=\"lazy\" class=\"aligncenter wp-image-2444 size-large\" src=\"http:\/\/bestmaresme.com\/blog\/wp-content\/uploads\/2017\/05\/cafe-mar-2-1024x683.jpg\" alt=\"\" width=\"620\" height=\"414\" srcset=\"https:\/\/bestmaresme.com\/blog\/wp-content\/uploads\/2017\/05\/cafe-mar-2-1024x683.jpg 1024w, https:\/\/bestmaresme.com\/blog\/wp-content\/uploads\/2017\/05\/cafe-mar-2-300x200.jpg 300w, https:\/\/bestmaresme.com\/blog\/wp-content\/uploads\/2017\/05\/cafe-mar-2-768x512.jpg 768w, https:\/\/bestmaresme.com\/blog\/wp-content\/uploads\/2017\/05\/cafe-mar-2-973x649.jpg 973w, https:\/\/bestmaresme.com\/blog\/wp-content\/uploads\/2017\/05\/cafe-mar-2-508x339.jpg 508w\" sizes=\"(max-width: 620px) 100vw, 620px\" \/><\/p>\n<\/div>\n<\/div>\n<p>En cuanto a contrataci\u00f3n, Caf\u00e9 del Mar generar\u00e1, en temporada alta, m\u00e1s de 150 <b>puestos <\/b>de <b>trabajos <\/b>directos, y otras decenas m\u00e1s de indirectos.<\/p>\n<p>\u27a1Fuentes: <a href=\"http:\/\/www.lavanguardia.com\">Informaci\u00f3n de La Vanguardia<\/a><\/p>\n<p>\u27a1<a href=\"http:\/\/www.bestmaresme.com\/\">Ver nuestros inmuebles en nuestra website BEST MARESME<\/a><!--more--><\/p>","protected":false},"excerpt":{"rendered":"<p>El \u201cPuerto Ban\u00fas\u201d de Barcelona El club aspira a convertirse en un punto de referencia para el ocio de Barcelona y del \u00e1rea metropolitana en&hellip; <\/p>\n","protected":false},"author":1,"featured_media":2442,"comment_status":"open","ping_status":"open","sticky":false,"template":"","format":"standard","meta":{"footnotes":""},"categories":[11,119,121],"tags":[9,22,60],"_links":{"self":[{"href":"https:\/\/bestmaresme.com\/blog\/wp-json\/wp\/v2\/posts\/2441"}],"collection":[{"href":"https:\/\/bestmaresme.com\/blog\/wp-json\/wp\/v2\/posts"}],"about":[{"href":"https:\/\/bestmaresme.com\/blog\/wp-json\/wp\/v2\/types\/post"}],"author":[{"embeddable":true,"href":"https:\/\/bestmaresme.com\/blog\/wp-json\/wp\/v2\/users\/1"}],"replies":[{"embeddable":true,"href":"https:\/\/bestmaresme.com\/blog\/wp-json\/wp\/v2\/comments?post=2441"}],"version-history":[{"count":4,"href":"https:\/\/bestmaresme.com\/blog\/wp-json\/wp\/v2\/posts\/2441\/revisions"}],"predecessor-version":[{"id":42264,"href":"https:\/\/bestmaresme.com\/blog\/wp-json\/wp\/v2\/posts\/2441\/revisions\/42264"}],"wp:featuredmedia":[{"embeddable":true,"href":"https:\/\/bestmaresme.com\/blog\/wp-json\/wp\/v2\/media\/2442"}],"wp:attachment":[{"href":"https:\/\/bestmaresme.com\/blog\/wp-json\/wp\/v2\/media?parent=2441"}],"wp:term":[{"taxonomy":"category","embeddable":true,"href":"https:\/\/bestmaresme.com\/blog\/wp-json\/wp\/v2\/categories?post=2441"},{"taxonomy":"post_tag","embeddable":true,"href":"https:\/\/bestmaresme.com\/blog\/wp-json\/wp\/v2\/tags?post=2441"}],"curies":[{"name":"wp","href":"https:\/\/api.w.org\/{rel}","templated":true}]}}