{"id":3191,"date":"2018-01-16T17:38:45","date_gmt":"2018-01-16T17:38:45","guid":{"rendered":"https:\/\/bestmaresme.com\/blog\/?p=3191"},"modified":"2023-07-21T20:08:33","modified_gmt":"2023-07-21T20:08:33","slug":"planifica-tu-zona-de-relax-al-aire-libre","status":"publish","type":"post","link":"https:\/\/bestmaresme.com\/blog\/planifica-tu-zona-de-relax-al-aire-libre\/","title":{"rendered":"Planifica tu zona de relax al aire libre"},"content":{"rendered":"<p><\/p>\n<blockquote>\n<p style=\"line-height: 18.0pt; background: white;\"><span style=\"font-family: 'Arial',sans-serif; color: #474744;\">A\u00fan quedan unos meses para que llegue el verano pero es el mejor momento para empezar a pensar c\u00f3mo te gustar\u00eda dise\u00f1ar tu zona para poder relajarte al aire libre. Donde colocar unos acogedores sof\u00e1s, tumbonas o una mesa de te.<\/span><\/p>\n<\/blockquote>\n<p style=\"line-height: 18.0pt; background: white;\"><span style=\"font-family: 'Arial',sans-serif; color: #474744;\"><img decoding=\"async\" loading=\"lazy\" class=\"aligncenter size-full wp-image-3192\" src=\"https:\/\/bestmaresme.com\/blog\/wp-content\/uploads\/2018\/01\/C-289.jpg\" alt=\"\" width=\"1400\" height=\"1050\" srcset=\"https:\/\/bestmaresme.com\/blog\/wp-content\/uploads\/2018\/01\/C-289.jpg 1400w, https:\/\/bestmaresme.com\/blog\/wp-content\/uploads\/2018\/01\/C-289-300x225.jpg 300w, https:\/\/bestmaresme.com\/blog\/wp-content\/uploads\/2018\/01\/C-289-768x576.jpg 768w, https:\/\/bestmaresme.com\/blog\/wp-content\/uploads\/2018\/01\/C-289-1024x768.jpg 1024w, https:\/\/bestmaresme.com\/blog\/wp-content\/uploads\/2018\/01\/C-289-973x730.jpg 973w, https:\/\/bestmaresme.com\/blog\/wp-content\/uploads\/2018\/01\/C-289-508x381.jpg 508w\" sizes=\"(max-width: 1400px) 100vw, 1400px\" \/><\/span><\/p>\n<p><a href=\"https:\/\/bestmaresme.com\/Alella\/214-casas-Alella-289\/\">\u27a1Casa de lujo a 5 min de la playa<\/a><\/p>\n<p style=\"line-height: 18.0pt; background: white;\"><span style=\"font-family: 'Arial',sans-serif; color: #474744;\">Un bonito sal\u00f3n al aire libre cerca de la piscina o aprovechando un bonito patio interior.<\/span><\/p>\n<p><img decoding=\"async\" loading=\"lazy\" class=\"aligncenter size-full wp-image-3193\" src=\"https:\/\/bestmaresme.com\/blog\/wp-content\/uploads\/2018\/01\/C-352.jpg\" alt=\"\" width=\"1400\" height=\"933\" srcset=\"https:\/\/bestmaresme.com\/blog\/wp-content\/uploads\/2018\/01\/C-352.jpg 1400w, https:\/\/bestmaresme.com\/blog\/wp-content\/uploads\/2018\/01\/C-352-300x200.jpg 300w, https:\/\/bestmaresme.com\/blog\/wp-content\/uploads\/2018\/01\/C-352-768x512.jpg 768w, https:\/\/bestmaresme.com\/blog\/wp-content\/uploads\/2018\/01\/C-352-1024x682.jpg 1024w, https:\/\/bestmaresme.com\/blog\/wp-content\/uploads\/2018\/01\/C-352-973x648.jpg 973w, https:\/\/bestmaresme.com\/blog\/wp-content\/uploads\/2018\/01\/C-352-508x339.jpg 508w\" sizes=\"(max-width: 1400px) 100vw, 1400px\" \/><\/p>\n<p><a href=\"https:\/\/bestmaresme.com\/Premia_de_Dalt\/246-casas-Premia_de_Dalt-352\/\">\u27a1Impresionantes vistas al mar desde cualquier rinc\u00f3n<\/a><\/p>\n<p style=\"line-height: 18.0pt; background: white;\"><span style=\"font-family: 'Arial',sans-serif; color: #474744;\">Crea tu rinc\u00f3n secreto para la lectura un lugar intimo para disfrutar de un buen libro.<\/span><\/p>\n<p><img decoding=\"async\" loading=\"lazy\" class=\"aligncenter size-full wp-image-3194\" src=\"https:\/\/bestmaresme.com\/blog\/wp-content\/uploads\/2018\/01\/C-350.jpg\" alt=\"\" width=\"1400\" height=\"933\" srcset=\"https:\/\/bestmaresme.com\/blog\/wp-content\/uploads\/2018\/01\/C-350.jpg 1400w, https:\/\/bestmaresme.com\/blog\/wp-content\/uploads\/2018\/01\/C-350-300x200.jpg 300w, https:\/\/bestmaresme.com\/blog\/wp-content\/uploads\/2018\/01\/C-350-768x512.jpg 768w, https:\/\/bestmaresme.com\/blog\/wp-content\/uploads\/2018\/01\/C-350-1024x682.jpg 1024w, https:\/\/bestmaresme.com\/blog\/wp-content\/uploads\/2018\/01\/C-350-973x648.jpg 973w, https:\/\/bestmaresme.com\/blog\/wp-content\/uploads\/2018\/01\/C-350-508x339.jpg 508w\" sizes=\"(max-width: 1400px) 100vw, 1400px\" \/><\/p>\n<p><a href=\"https:\/\/bestmaresme.com\/Premia_de_Dalt\/244-casas-Premia_de_Dalt-350\/\">\u27a1Acabados de calidad vistas al jard\u00edn y al mar<\/a><\/p>\n<p style=\"line-height: 18.0pt; background: white;\"><span style=\"font-family: 'Arial',sans-serif; color: #474744; background: white;\">Unos bonitos cojines y cortinas blancas o unas sencillas cortinas de bamb\u00fa crearan un lugar m\u00e1gico.<\/span><\/p>\n<p style=\"line-height: 18.0pt; background: white;\"><span style=\"font-family: 'Arial',sans-serif; color: #474744; background: white;\">\u00a0<img decoding=\"async\" loading=\"lazy\" class=\"aligncenter size-full wp-image-3195\" src=\"https:\/\/bestmaresme.com\/blog\/wp-content\/uploads\/2018\/01\/C-377.jpg\" alt=\"\" width=\"1400\" height=\"933\" srcset=\"https:\/\/bestmaresme.com\/blog\/wp-content\/uploads\/2018\/01\/C-377.jpg 1400w, https:\/\/bestmaresme.com\/blog\/wp-content\/uploads\/2018\/01\/C-377-300x200.jpg 300w, https:\/\/bestmaresme.com\/blog\/wp-content\/uploads\/2018\/01\/C-377-768x512.jpg 768w, https:\/\/bestmaresme.com\/blog\/wp-content\/uploads\/2018\/01\/C-377-1024x682.jpg 1024w, https:\/\/bestmaresme.com\/blog\/wp-content\/uploads\/2018\/01\/C-377-973x648.jpg 973w, https:\/\/bestmaresme.com\/blog\/wp-content\/uploads\/2018\/01\/C-377-508x339.jpg 508w\" sizes=\"(max-width: 1400px) 100vw, 1400px\" \/><\/span><\/p>\n<p><a href=\"https:\/\/bestmaresme.com\/Teia\/330-casas-Teia-377\/\">\u27a1Estilo cl\u00e1sico orientada al Sur soleada todo el d\u00eda<\/a><\/p>\n<p><img decoding=\"async\" loading=\"lazy\" class=\"aligncenter size-full wp-image-3196\" src=\"https:\/\/bestmaresme.com\/blog\/wp-content\/uploads\/2018\/01\/C-258.jpg\" alt=\"\" width=\"1244\" height=\"829\" srcset=\"https:\/\/bestmaresme.com\/blog\/wp-content\/uploads\/2018\/01\/C-258.jpg 1244w, https:\/\/bestmaresme.com\/blog\/wp-content\/uploads\/2018\/01\/C-258-300x200.jpg 300w, https:\/\/bestmaresme.com\/blog\/wp-content\/uploads\/2018\/01\/C-258-768x512.jpg 768w, https:\/\/bestmaresme.com\/blog\/wp-content\/uploads\/2018\/01\/C-258-1024x682.jpg 1024w, https:\/\/bestmaresme.com\/blog\/wp-content\/uploads\/2018\/01\/C-258-973x648.jpg 973w, https:\/\/bestmaresme.com\/blog\/wp-content\/uploads\/2018\/01\/C-258-508x339.jpg 508w\" sizes=\"(max-width: 1244px) 100vw, 1244px\" \/><\/p>\n<p><a href=\"https:\/\/bestmaresme.com\/Llavaneres\/202-casas-Llavaneres-258\/\">\u27a1Encanto especial y con sabor a sur<\/a><\/p>\n<p><img decoding=\"async\" loading=\"lazy\" class=\"aligncenter size-full wp-image-3197\" src=\"https:\/\/bestmaresme.com\/blog\/wp-content\/uploads\/2018\/01\/C-393.jpg\" alt=\"\" width=\"1400\" height=\"933\" srcset=\"https:\/\/bestmaresme.com\/blog\/wp-content\/uploads\/2018\/01\/C-393.jpg 1400w, https:\/\/bestmaresme.com\/blog\/wp-content\/uploads\/2018\/01\/C-393-300x200.jpg 300w, https:\/\/bestmaresme.com\/blog\/wp-content\/uploads\/2018\/01\/C-393-768x512.jpg 768w, https:\/\/bestmaresme.com\/blog\/wp-content\/uploads\/2018\/01\/C-393-1024x682.jpg 1024w, https:\/\/bestmaresme.com\/blog\/wp-content\/uploads\/2018\/01\/C-393-973x648.jpg 973w, https:\/\/bestmaresme.com\/blog\/wp-content\/uploads\/2018\/01\/C-393-508x339.jpg 508w\" sizes=\"(max-width: 1400px) 100vw, 1400px\" \/><\/p>\n<p><a href=\"https:\/\/bestmaresme.com\/Cabrils\/346-casas-Cabrils-393\/\">\u27a1Relajantes vistas al jard\u00edn desde la zona chill-out<\/a><\/p>\n<p><img decoding=\"async\" loading=\"lazy\" class=\"aligncenter size-full wp-image-3198\" src=\"https:\/\/bestmaresme.com\/blog\/wp-content\/uploads\/2018\/01\/C-318.jpg\" alt=\"\" width=\"1400\" height=\"933\" srcset=\"https:\/\/bestmaresme.com\/blog\/wp-content\/uploads\/2018\/01\/C-318.jpg 1400w, https:\/\/bestmaresme.com\/blog\/wp-content\/uploads\/2018\/01\/C-318-300x200.jpg 300w, https:\/\/bestmaresme.com\/blog\/wp-content\/uploads\/2018\/01\/C-318-768x512.jpg 768w, https:\/\/bestmaresme.com\/blog\/wp-content\/uploads\/2018\/01\/C-318-1024x682.jpg 1024w, https:\/\/bestmaresme.com\/blog\/wp-content\/uploads\/2018\/01\/C-318-973x648.jpg 973w, https:\/\/bestmaresme.com\/blog\/wp-content\/uploads\/2018\/01\/C-318-508x339.jpg 508w\" sizes=\"(max-width: 1400px) 100vw, 1400px\" \/><\/p>\n<p><a href=\"https:\/\/bestmaresme.com\/El_Masnou\/298-casas-El_Masnou-318\/\">\u27a1Encantador\u00a0 patio interior dise\u00f1ado en esta casa de pueblo<\/a><\/p>\n<p><a href=\"https:\/\/bestmaresme.com\/\">\u27a1Visitar mas propiedades en nuestra web Best Maresme<\/a><\/p>\n<p>&nbsp;<!--more--><\/p>","protected":false},"excerpt":{"rendered":"<p>A\u00fan quedan unos meses para que llegue el verano pero es el mejor momento para empezar a pensar c\u00f3mo te gustar\u00eda dise\u00f1ar tu zona para&hellip; <\/p>\n","protected":false},"author":1,"featured_media":3199,"comment_status":"open","ping_status":"open","sticky":false,"template":"","format":"standard","meta":{"footnotes":""},"categories":[7,118,61,1,46],"tags":[8,33,41,3,67,63,9,19,42,97],"_links":{"self":[{"href":"https:\/\/bestmaresme.com\/blog\/wp-json\/wp\/v2\/posts\/3191"}],"collection":[{"href":"https:\/\/bestmaresme.com\/blog\/wp-json\/wp\/v2\/posts"}],"about":[{"href":"https:\/\/bestmaresme.com\/blog\/wp-json\/wp\/v2\/types\/post"}],"author":[{"embeddable":true,"href":"https:\/\/bestmaresme.com\/blog\/wp-json\/wp\/v2\/users\/1"}],"replies":[{"embeddable":true,"href":"https:\/\/bestmaresme.com\/blog\/wp-json\/wp\/v2\/comments?post=3191"}],"version-history":[{"count":4,"href":"https:\/\/bestmaresme.com\/blog\/wp-json\/wp\/v2\/posts\/3191\/revisions"}],"predecessor-version":[{"id":42478,"href":"https:\/\/bestmaresme.com\/blog\/wp-json\/wp\/v2\/posts\/3191\/revisions\/42478"}],"wp:featuredmedia":[{"embeddable":true,"href":"https:\/\/bestmaresme.com\/blog\/wp-json\/wp\/v2\/media\/3199"}],"wp:attachment":[{"href":"https:\/\/bestmaresme.com\/blog\/wp-json\/wp\/v2\/media?parent=3191"}],"wp:term":[{"taxonomy":"category","embeddable":true,"href":"https:\/\/bestmaresme.com\/blog\/wp-json\/wp\/v2\/categories?post=3191"},{"taxonomy":"post_tag","embeddable":true,"href":"https:\/\/bestmaresme.com\/blog\/wp-json\/wp\/v2\/tags?post=3191"}],"curies":[{"name":"wp","href":"https:\/\/api.w.org\/{rel}","templated":true}]}}