{"id":4167,"date":"2023-03-08T11:17:41","date_gmt":"2023-03-08T11:17:41","guid":{"rendered":"https:\/\/bestmaresme.com\/blog\/?p=4167"},"modified":"2023-07-21T20:11:54","modified_gmt":"2023-07-21T20:11:54","slug":"escuelas-en-alella","status":"publish","type":"post","link":"https:\/\/bestmaresme.com\/blog\/escuelas-en-alella\/","title":{"rendered":"Escuelas en  Alella"},"content":{"rendered":"<p>Si est\u00e1 pensando en <a href=\"https:\/\/bestmaresme.com\/Alella\/\">comprar una casa en Alella<\/a>, la educaci\u00f3n de sus hijos no puede quedarse rezagada. Alella dispone de excelentes escuelas para la formaci\u00f3n de nuestros hijos, ya sean p\u00fablicas o privadas.<\/p>\n<blockquote><p>Conocemos las escuelas porque nuestros hijos han estudiado en ellas.<\/p><\/blockquote>\n<p>BestMaresme existe desde el 2016, pero nuestro equipo vive en el Maresme desde hace muchos a\u00f1os y hemos educado nuestros hijos en el Maresme. A continuaci\u00f3n te presentamos una selecci\u00f3n de las mejores escuelas en Alella.<\/p>\n<p><a href=\"https:\/\/pinoalella.com\/es\/?gclid=Cj0KCQiA0oagBhDHARIsAI-Bbge16oVx0bzxC_Lowm6JgSoVuEk77zy1r2p8MNr5uOuT5jPDH1KzkQcaAh-1EALw_wcB\"><strong>SANTA MARIA DEL PINO<\/strong><\/a><\/p>\n<figure id=\"attachment_16426\" aria-describedby=\"caption-attachment-16426\" style=\"width: 1100px\" class=\"wp-caption aligncenter\"><a href=\"https:\/\/bestmaresme.com\/blog\/santa-maria-del-pino-escuela-privada-en-alella\/del-pino\/\" rel=\"attachment wp-att-16426\"><img decoding=\"async\" loading=\"lazy\" class=\"wp-image-16426 size-full\" title=\"Santa Maria del Pino es un Escuela Privada, triling\u00fce en Alella\" src=\"https:\/\/bestmaresme.com\/blog\/wp-content\/uploads\/2023\/03\/del-pino.jpg\" alt=\"Santa Maria del Pino es un Escuela Privada, triling\u00fce\" width=\"1100\" height=\"500\" srcset=\"https:\/\/bestmaresme.com\/blog\/wp-content\/uploads\/2023\/03\/del-pino.jpg 1100w, https:\/\/bestmaresme.com\/blog\/wp-content\/uploads\/2023\/03\/del-pino-300x136.jpg 300w, https:\/\/bestmaresme.com\/blog\/wp-content\/uploads\/2023\/03\/del-pino-1024x465.jpg 1024w, https:\/\/bestmaresme.com\/blog\/wp-content\/uploads\/2023\/03\/del-pino-768x349.jpg 768w\" sizes=\"(max-width: 1100px) 100vw, 1100px\" \/><\/a><figcaption id=\"caption-attachment-16426\" class=\"wp-caption-text\">Santa Maria del Pino es un Escuela Privada, triling\u00fce<\/figcaption><\/figure>\n<p><a href=\"https:\/\/pinoalella.com\/es\/?gclid=Cj0KCQiA0oagBhDHARIsAI-Bbge16oVx0bzxC_Lowm6JgSoVuEk77zy1r2p8MNr5uOuT5jPDH1KzkQcaAh-1EALw_wcB\"><strong><img decoding=\"async\" loading=\"lazy\" class=\"aligncenter wp-image-16425 size-full\" src=\"https:\/\/bestmaresme.com\/blog\/wp-content\/uploads\/2023\/03\/pino.png\" alt=\"\" width=\"251\" height=\"98\" \/><\/strong><\/a><strong>Santa Maria del Pino es un Escuela Privada<\/strong>, <strong>triling\u00fce<\/strong> ubicada en el centro pero a su vez alejada del pueblo y los ruidos. Entre monta\u00f1as y vi\u00f1edos adem\u00e1s de su proximidad al mar.<\/p>\n<blockquote><p>Un proyecto educativo muy actual y encarado decididamente al futuro. El resultado es un aprendizaje m\u00e1s profundo, amplio y aut\u00f3nomo.<\/p><\/blockquote>\n<p>Este proyecto educativo es resultado de a\u00f1os de estudio, investigaci\u00f3n, cursos, visitas y congresos, con la inquietud permanente de encontrar las mejores metodolog\u00edas para los alumnos, con el convencimiento de que una buena base durante la educaci\u00f3n infantil es la clave.<\/p>\n<p style=\"text-align: center; margin: 20px;\"><a href=\"https:\/\/bestmaresme.com\/blog\/colegio-santa-maria-del-pino-en-alella\/\"><span style=\"background-color: #7c2c2d; color: #ffffff; padding: 10px 20px; border-radius: 25px;\">Informaci\u00f3n y localizaci\u00f3n<\/span><\/a><\/p>\n<p><strong>Carrer Riera Coma Clara, 19 &#8211; 08328 Alella<br \/>\nTel. 935 55 44 11<br \/>\n<a href=\"https:\/\/pinoalella.com\">https:\/\/pinoalella.com<\/a><\/strong><\/p>\n<p><a href=\"https:\/\/www.escolafabra.cat\/\"><strong>ESCOLA FABRA<\/strong><\/a><\/p>\n<figure id=\"attachment_16428\" aria-describedby=\"caption-attachment-16428\" style=\"width: 2560px\" class=\"wp-caption aligncenter\"><a href=\"https:\/\/bestmaresme.com\/blog\/escuelas-en-alella\/escoles_fabra\/\" rel=\"attachment wp-att-16428\"><img decoding=\"async\" loading=\"lazy\" class=\"wp-image-16428 size-full\" title=\"La Escola Fabra cuenta con una larga historia y tradici\u00f3n dentro del municipio de Alella.\" src=\"https:\/\/bestmaresme.com\/blog\/wp-content\/uploads\/2023\/03\/Escoles_Fabra-scaled.jpg\" alt=\"La Escola Fabra cuenta con una larga historia y tradici\u00f3n\" width=\"2560\" height=\"1707\" srcset=\"https:\/\/bestmaresme.com\/blog\/wp-content\/uploads\/2023\/03\/Escoles_Fabra-scaled.jpg 2560w, https:\/\/bestmaresme.com\/blog\/wp-content\/uploads\/2023\/03\/Escoles_Fabra-300x200.jpg 300w, https:\/\/bestmaresme.com\/blog\/wp-content\/uploads\/2023\/03\/Escoles_Fabra-1024x683.jpg 1024w, https:\/\/bestmaresme.com\/blog\/wp-content\/uploads\/2023\/03\/Escoles_Fabra-768x512.jpg 768w, https:\/\/bestmaresme.com\/blog\/wp-content\/uploads\/2023\/03\/Escoles_Fabra-1536x1024.jpg 1536w, https:\/\/bestmaresme.com\/blog\/wp-content\/uploads\/2023\/03\/Escoles_Fabra-2048x1365.jpg 2048w\" sizes=\"(max-width: 2560px) 100vw, 2560px\" \/><\/a><figcaption id=\"caption-attachment-16428\" class=\"wp-caption-text\">La Escola Fabra cuenta con una larga historia y tradici\u00f3n<\/figcaption><\/figure>\n<p><a href=\"https:\/\/bestmaresme.com\/blog\/escuelas-en-alella\/fabra-escola\/\" rel=\"attachment wp-att-16429\"><img decoding=\"async\" loading=\"lazy\" class=\"aligncenter size-full wp-image-16429\" src=\"https:\/\/bestmaresme.com\/blog\/wp-content\/uploads\/2023\/03\/fabra-escola.jpg\" alt=\"\" width=\"225\" height=\"225\" srcset=\"https:\/\/bestmaresme.com\/blog\/wp-content\/uploads\/2023\/03\/fabra-escola.jpg 225w, https:\/\/bestmaresme.com\/blog\/wp-content\/uploads\/2023\/03\/fabra-escola-150x150.jpg 150w\" sizes=\"(max-width: 225px) 100vw, 225px\" \/><\/a><\/p>\n<p>Inaugurada en 1935, en plena Rep\u00fablica, siempre ha sido un referente en el \u00e1mbito local. Durante muchos a\u00f1os, para poder alcanzar la demanda de escolaridad, el centro ha tenido que distribuirse en tres edificios, uno de ellos, el edificio del pueblo, bastante alejado de los otros dos.<\/p>\n<blockquote><p>En su origen la escola Fabra estaba ubicada en el \u201cedificio del pueblo\u201d y fue un donativo del Marqu\u00e9s de Alella.<\/p><\/blockquote>\n<p>En 2010 se inici\u00f3 el proceso de ampliaci\u00f3n en los edificios situados en la avenida del Bosquet. Cabe mencionar que, paralelamente, se cre\u00f3 la escuela La Serreta.<\/p>\n<p><strong>Av. del Bosquet, 1 &#8211; 08328 Alella<br \/>\nTel. 935 55 78 03<br \/>\n<a href=\"https:\/\/www.escolafabra.cat\/\">https:\/\/www.escolafabra.cat\/<\/a><\/strong><\/p>\n<p style=\"text-align: center; margin: 20px;\"><a href=\"https:\/\/bestmaresme.com\/blog\/escola-fabra-alella\/\"><span style=\"background-color: #7c2c2d; color: #ffffff; padding: 10px 20px; border-radius: 25px;\">Informaci\u00f3n y localizaci\u00f3n<\/span><\/a><\/p>\n<p><strong><a href=\"https:\/\/agora.xtec.cat\/iesalella\/institut\/\">INSITITUTO ALELLA<\/a><br \/>\n<\/strong><\/p>\n<figure id=\"attachment_16431\" aria-describedby=\"caption-attachment-16431\" style=\"width: 700px\" class=\"wp-caption aligncenter\"><a href=\"https:\/\/bestmaresme.com\/blog\/escuelas-en-alella\/institut_alella\/\" rel=\"attachment wp-att-16431\"><img decoding=\"async\" loading=\"lazy\" class=\"size-full wp-image-16431\" src=\"https:\/\/bestmaresme.com\/blog\/wp-content\/uploads\/2023\/03\/Institut_alella.jpg\" alt=\"El instituto de Alella nace en 1987\" width=\"700\" height=\"525\" srcset=\"https:\/\/bestmaresme.com\/blog\/wp-content\/uploads\/2023\/03\/Institut_alella.jpg 700w, https:\/\/bestmaresme.com\/blog\/wp-content\/uploads\/2023\/03\/Institut_alella-300x225.jpg 300w\" sizes=\"(max-width: 700px) 100vw, 700px\" \/><\/a><figcaption id=\"caption-attachment-16431\" class=\"wp-caption-text\">El instituto de Alella nace en 1987<\/figcaption><\/figure>\n<p><strong><a href=\"https:\/\/bestmaresme.com\/blog\/escuelas-en-alella\/institut-alella\/\" rel=\"attachment wp-att-16432\"><img decoding=\"async\" loading=\"lazy\" class=\"aligncenter size-full wp-image-16432\" src=\"https:\/\/bestmaresme.com\/blog\/wp-content\/uploads\/2023\/03\/institut-alella.png\" alt=\"\" width=\"168\" height=\"99\" \/><\/a><\/strong><\/p>\n<p>El instituto de Alella tiene como finalidad conseguir la mejor calidad posible en la educaci\u00f3n de los jovenes de Alella. Se trtata de un centro catal\u00e1n, aconfesional, laico, no sexista, participativo que hace suyos los principios y valores de integraci\u00f3n, solidaridad y respeto a las personas y el medio ambiente; abierto a aquellas iniciativas cuyo objetivo sea la mejora de la ense\u00f1anza y de las relaciones humanas.<\/p>\n<p>El instituto de Alella nace en 1987 como extensi\u00f3n del Instituto Mediterr\u00e1neo de El Masnou para dar servicio a las poblaciones de Alella y Tei\u00e0.<br \/>\nEn 1993 se inician las obras del actual edificio y el traslado definitivo se realiza en diciembre de 1994. Se inaugura oficialmente en octubre de 1995. Desde entonces, y con m\u00e1s de 30 a\u00f1os de servicio en la comunidad, el centro ha ido creciendo. Se puede cursar ESO, Bachillerato (modalidades cient\u00edfica, tecnol\u00f3gica, social y human\u00edstica), un Ciclo Formativo de Grado Medio de Actividades Comerciales y el Ciclo Superior de Publicidad y Marketing.<br \/>\nDesde hace unos cursos tambi\u00e9n ofrecen los programas de formaci\u00f3n e inserci\u00f3n (PFI), dirigidos a j\u00f3venes de entre 16 y 21 a\u00f1os que no han finalizado la ESO.<\/p>\n<p><strong>Av. del Bosquet, 7 &#8211; 08328 Alella<br \/>\nTel. 935 40 31 10<br \/>\n<a href=\"https:\/\/agora.xtec.cat\/iesalella\/\">https:\/\/agora.xtec.cat\/iesalella\/<\/a><\/strong><\/p>\n<p style=\"text-align: center; margin: 20px;\"><a title=\"Instituto de Alella\" href=\"https:\/\/bestmaresme.com\/blog\/instituto-de-alella\/\"><span style=\"background-color: #7c2c2d; color: #ffffff; padding: 10px 20px; border-radius: 25px;\">Informaci\u00f3n y localizaci\u00f3n<\/span><\/a><\/p>\n<p><strong><a href=\"https:\/\/agora.xtec.cat\/escolalaserretaalella\/\">ESCUELA LA SERRETA<\/a><br \/>\n<\/strong><\/p>\n<figure id=\"attachment_16434\" aria-describedby=\"caption-attachment-16434\" style=\"width: 1024px\" class=\"wp-caption aligncenter\"><a href=\"https:\/\/bestmaresme.com\/blog\/escuelas-en-alella\/la_serreta\/\" rel=\"attachment wp-att-16434\"><img decoding=\"async\" loading=\"lazy\" class=\"size-full wp-image-16434\" src=\"https:\/\/bestmaresme.com\/blog\/wp-content\/uploads\/2023\/03\/La_Serreta.jpg\" alt=\"La Serreta, un centro joven con una historia muy intensa\" width=\"1024\" height=\"450\" srcset=\"https:\/\/bestmaresme.com\/blog\/wp-content\/uploads\/2023\/03\/La_Serreta.jpg 1024w, https:\/\/bestmaresme.com\/blog\/wp-content\/uploads\/2023\/03\/La_Serreta-300x132.jpg 300w, https:\/\/bestmaresme.com\/blog\/wp-content\/uploads\/2023\/03\/La_Serreta-768x338.jpg 768w\" sizes=\"(max-width: 1024px) 100vw, 1024px\" \/><\/a><figcaption id=\"caption-attachment-16434\" class=\"wp-caption-text\">La Serreta, un centro joven con una historia muy intensa<\/figcaption><\/figure>\n<p><strong><a href=\"https:\/\/bestmaresme.com\/blog\/escuelas-en-alella\/escola-la-serreta\/\" rel=\"attachment wp-att-16435\"><img decoding=\"async\" loading=\"lazy\" class=\"aligncenter wp-image-16435\" src=\"https:\/\/bestmaresme.com\/blog\/wp-content\/uploads\/2023\/03\/escola-la-serreta.jpg\" alt=\"\" width=\"200\" height=\"148\" srcset=\"https:\/\/bestmaresme.com\/blog\/wp-content\/uploads\/2023\/03\/escola-la-serreta.jpg 490w, https:\/\/bestmaresme.com\/blog\/wp-content\/uploads\/2023\/03\/escola-la-serreta-300x222.jpg 300w\" sizes=\"(max-width: 200px) 100vw, 200px\" \/><\/a><\/strong>Un centro que no tiene una larga historia pero s\u00ed podr\u00edamos decir que bastante intensa, ya que abri\u00f3 sus puertas el 7 de septiembre de 2010 con una oferta inicial de P3, P4, P5 y un interciclo de 1\u00ba y 2\u00ba de primaria (un total de ochenta alumnos), que se ha ampliado hasta las fechas actuales con un grupo-clase por cada nivel educativo, de P3 hasta 6\u00ba (en el curso 2020\/21 ya forman parte de la familia de La Serreta 216 alumnos).<\/p>\n<p><strong>Carrer de N\u00faria, 26-28 &#8211; 08328 Alella<br \/>\nTel. 935 40 64 27<br \/>\n<a href=\"https:\/\/agora.xtec.cat\/escolalaserretaalella\/\">https:\/\/agora.xtec.cat\/escolalaserretaalella\/<\/a><\/strong><\/p>\n<p style=\"text-align: center; margin: 20px;\"><a title=\"Escuela La Serreta\" href=\"https:\/\/bestmaresme.com\/blog\/escuela-la-serreta\/\"><span style=\"background-color: #7c2c2d; color: #ffffff; padding: 10px 20px; border-radius: 25px;\">Informaci\u00f3n y localizaci\u00f3n<\/span><\/a><\/p>\n<p><a href=\"https:\/\/api.whatsapp.com\/send?l=es-ES&amp;phone=34608010051\" rel=\"attachment wp-att-17273\"><img decoding=\"async\" loading=\"lazy\" class=\"aligncenter size-full wp-image-17273 desp-petit\" src=\"https:\/\/bestmaresme.com\/blog\/wp-content\/uploads\/2023\/04\/casas-en-el-maresme-mobil.png\" alt=\"\" width=\"400\" height=\"250\" \/><\/a><a href=\"https:\/\/api.whatsapp.com\/send?l=es-ES&amp;phone=34608010051\" rel=\"attachment wp-att-17274\"><img decoding=\"async\" loading=\"lazy\" class=\"aligncenter size-full wp-image-17274 desp-gran\" src=\"https:\/\/bestmaresme.com\/blog\/wp-content\/uploads\/2023\/04\/casas-en-el-maresme.png\" alt=\"\" width=\"700\" height=\"175\" \/><\/a><br \/>\n<a href=\"https:\/\/www.elcampanar.org\/\"><strong>ESCOLA BRESSOL EL CAMPANAR<\/strong><\/a><\/p>\n<figure id=\"attachment_16438\" aria-describedby=\"caption-attachment-16438\" style=\"width: 1600px\" class=\"wp-caption alignnone\"><a style=\"font-weight: bold; background-color: transparent; font-family: 'Noto Sans', sans-serif; text-align: inherit;\" href=\"https:\/\/bestmaresme.com\/blog\/escuelas-en-alella\/bresol\/\"><img decoding=\"async\" loading=\"lazy\" class=\"wp-image-16438 size-full\" title=\"ESCOLA BRESSOL EL CAMPANAR\" src=\"https:\/\/bestmaresme.com\/blog\/wp-content\/uploads\/2023\/03\/bresol.jpg\" alt=\"ESCOLA BRESSOL EL CAMPANAR\" width=\"1600\" height=\"1200\" srcset=\"https:\/\/bestmaresme.com\/blog\/wp-content\/uploads\/2023\/03\/bresol.jpg 1600w, https:\/\/bestmaresme.com\/blog\/wp-content\/uploads\/2023\/03\/bresol-300x225.jpg 300w, https:\/\/bestmaresme.com\/blog\/wp-content\/uploads\/2023\/03\/bresol-1024x768.jpg 1024w, https:\/\/bestmaresme.com\/blog\/wp-content\/uploads\/2023\/03\/bresol-768x576.jpg 768w, https:\/\/bestmaresme.com\/blog\/wp-content\/uploads\/2023\/03\/bresol-1536x1152.jpg 1536w\" sizes=\"(max-width: 1600px) 100vw, 1600px\" \/><\/a><figcaption id=\"caption-attachment-16438\" class=\"wp-caption-text\">ESCOLA BRESSOL EL CAMPANAR<\/figcaption><\/figure>\n<p><a href=\"https:\/\/bestmaresme.com\/blog\/escuelas-en-alella\/escola-bresol-alella\/\" rel=\"attachment wp-att-16439\"><img decoding=\"async\" loading=\"lazy\" class=\"aligncenter size-full wp-image-16439\" src=\"https:\/\/bestmaresme.com\/blog\/wp-content\/uploads\/2023\/03\/escola-bresol-alella.png\" alt=\"\" width=\"207\" height=\"244\" \/><\/a><\/p>\n<p>El \u00e9xito de la escuela es la actitud con los ni\u00f1os, ayudarles a madurar e ir creciendo dentro de un ambiente de ternura, paz, tranquilidad y as\u00ed junto a la familia conseguir que el ni\u00f1o sea feliz. El ni\u00f1o aprende yugando, observando, explorando, experimentando el placer de compartir y aceptar los l\u00edmites para estimular el autocontrol para poder vivir entre todos en armon\u00eda.<br \/>\nEl Campanar es el que es profesionalmente gracias a confianza, ternura y apoyo, que a\u00f1o tras a\u00f1o le dan las familias.<\/p>\n<p><strong>Pla\u00e7a de l&#8217;Esgl\u00e9sia, 6 &#8211; 08328 Alella<\/strong><br \/>\n<strong>Tel. 606 08 51 32<\/strong><br \/>\n<strong><a href=\"https:\/\/www.elcampanar.org\/\">https:\/\/www.elcampanar.org\/<\/a><\/strong><!--more--><\/p>","protected":false},"excerpt":{"rendered":"<p>Si est\u00e1 pensando en comprar una casa en Alella, la educaci\u00f3n de sus hijos no puede quedarse rezagada. Alella dispone de excelentes escuelas para la&hellip; <\/p>\n","protected":false},"author":1,"featured_media":16458,"comment_status":"open","ping_status":"open","sticky":false,"template":"","format":"standard","meta":{"footnotes":""},"categories":[20,144,191,176],"tags":[21,192,19],"_links":{"self":[{"href":"https:\/\/bestmaresme.com\/blog\/wp-json\/wp\/v2\/posts\/4167"}],"collection":[{"href":"https:\/\/bestmaresme.com\/blog\/wp-json\/wp\/v2\/posts"}],"about":[{"href":"https:\/\/bestmaresme.com\/blog\/wp-json\/wp\/v2\/types\/post"}],"author":[{"embeddable":true,"href":"https:\/\/bestmaresme.com\/blog\/wp-json\/wp\/v2\/users\/1"}],"replies":[{"embeddable":true,"href":"https:\/\/bestmaresme.com\/blog\/wp-json\/wp\/v2\/comments?post=4167"}],"version-history":[{"count":34,"href":"https:\/\/bestmaresme.com\/blog\/wp-json\/wp\/v2\/posts\/4167\/revisions"}],"predecessor-version":[{"id":44520,"href":"https:\/\/bestmaresme.com\/blog\/wp-json\/wp\/v2\/posts\/4167\/revisions\/44520"}],"wp:featuredmedia":[{"embeddable":true,"href":"https:\/\/bestmaresme.com\/blog\/wp-json\/wp\/v2\/media\/16458"}],"wp:attachment":[{"href":"https:\/\/bestmaresme.com\/blog\/wp-json\/wp\/v2\/media?parent=4167"}],"wp:term":[{"taxonomy":"category","embeddable":true,"href":"https:\/\/bestmaresme.com\/blog\/wp-json\/wp\/v2\/categories?post=4167"},{"taxonomy":"post_tag","embeddable":true,"href":"https:\/\/bestmaresme.com\/blog\/wp-json\/wp\/v2\/tags?post=4167"}],"curies":[{"name":"wp","href":"https:\/\/api.w.org\/{rel}","templated":true}]}}