{"id":45522,"date":"2023-10-20T09:44:48","date_gmt":"2023-10-20T09:44:48","guid":{"rendered":"https:\/\/bestmaresme.com\/blog\/?p=45522"},"modified":"2023-11-17T11:19:26","modified_gmt":"2023-11-17T11:19:26","slug":"fantastica-vivienda-completamente-reformada-en-cabrera-de-mar","status":"publish","type":"post","link":"https:\/\/bestmaresme.com\/blog\/fantastica-vivienda-completamente-reformada-en-cabrera-de-mar\/","title":{"rendered":"\u00a1Fant\u00e1stica vivienda completamente reformada en Cabrera de Mar!"},"content":{"rendered":"<p><\/p>\n<h5>Simbiosis Perfecta: Modernidad y Tradici\u00f3n<\/h5>\n<p>&nbsp;<\/p>\n<h3><a href=\"https:\/\/bestmaresme.com\/Cabrera_de_Mar\/1638-casas-Cabrera_de_Mar-1273\/\"><span style=\"color: #000000;\">+info<\/span><\/a><\/h3>\n<h3><span style=\"color: #000000;\">C-1273<\/span><\/h3>\n<h3><span style=\"color: #000000;\">1.150.000 \u20ac<\/span><\/h3>\n<p>&nbsp;<\/p>\n<p>&nbsp;<\/p>\n<p><strong>Fant\u00e1stica vivienda completamente reformada<\/strong> ubicada en la apacible urbanizaci\u00f3n Mas Terrillo de <a href=\"https:\/\/bestmaresme.com\/Cabrera_de_mar\/\"><strong>Cabrera de Mar<\/strong><\/a>, con una impresionante superf\u00edcie de 292 metros cuadrados. La casa se compone de un amplio sal\u00f3n-comedor con chimenea y un espectacular techo de madera, una cocina con zona de office, 5 dormitorios dobles exteriores, 3 ba\u00f1os completos y un aseo de cortes\u00eda.<\/p>\n<p><img decoding=\"async\" loading=\"lazy\" class=\"aligncenter size-large wp-image-45531\" src=\"https:\/\/bestmaresme.com\/blog\/wp-content\/uploads\/2023\/10\/IMG_5790-1024x682.jpg\" alt=\"\" width=\"790\" height=\"526\" srcset=\"https:\/\/bestmaresme.com\/blog\/wp-content\/uploads\/2023\/10\/IMG_5790-1024x682.jpg 1024w, https:\/\/bestmaresme.com\/blog\/wp-content\/uploads\/2023\/10\/IMG_5790-300x200.jpg 300w, https:\/\/bestmaresme.com\/blog\/wp-content\/uploads\/2023\/10\/IMG_5790-768x512.jpg 768w, https:\/\/bestmaresme.com\/blog\/wp-content\/uploads\/2023\/10\/IMG_5790.jpg 1400w\" sizes=\"(max-width: 790px) 100vw, 790px\" \/><\/p>\n<p>En la <strong>planta principal<\/strong>, un espacioso recibidor conduce hacia el luminoso sal\u00f3n-comedor que se abre a un encantador porche con barbacoa; subiendo la <strong>escalera<\/strong>, un gran estudio o despacho con vistas zenitales al sal\u00f3n y acceso a una agradable terraza con impresionantes vistas. En la misma planta, hallamos la cocina con zona de office y un peque\u00f1o lavadero, adem\u00e1s de un aseo de cortes\u00eda. Tambi\u00e9n se encuentran 3 dormitorios dobles exteriores con armarios empotrados y 2 ba\u00f1os completos, uno de ellos en suite con un ba\u00f1o abierto que cuenta con dos duchas y una ba\u00f1era, adem\u00e1s de un generoso vestidor (originalmente una habitaci\u00f3n).<\/p>\n<p><img decoding=\"async\" loading=\"lazy\" class=\"aligncenter size-large wp-image-45532\" src=\"https:\/\/bestmaresme.com\/blog\/wp-content\/uploads\/2023\/10\/IMG_7960-1024x682.jpg\" alt=\"\" width=\"790\" height=\"526\" srcset=\"https:\/\/bestmaresme.com\/blog\/wp-content\/uploads\/2023\/10\/IMG_7960-1024x682.jpg 1024w, https:\/\/bestmaresme.com\/blog\/wp-content\/uploads\/2023\/10\/IMG_7960-300x200.jpg 300w, https:\/\/bestmaresme.com\/blog\/wp-content\/uploads\/2023\/10\/IMG_7960-768x512.jpg 768w, https:\/\/bestmaresme.com\/blog\/wp-content\/uploads\/2023\/10\/IMG_7960.jpg 1400w\" sizes=\"(max-width: 790px) 100vw, 790px\" \/><\/p>\n<p><img decoding=\"async\" loading=\"lazy\" class=\"aligncenter size-large wp-image-45533\" src=\"https:\/\/bestmaresme.com\/blog\/wp-content\/uploads\/2023\/10\/IMG_7957-1024x682.jpg\" alt=\"\" width=\"790\" height=\"526\" srcset=\"https:\/\/bestmaresme.com\/blog\/wp-content\/uploads\/2023\/10\/IMG_7957-1024x682.jpg 1024w, https:\/\/bestmaresme.com\/blog\/wp-content\/uploads\/2023\/10\/IMG_7957-300x200.jpg 300w, https:\/\/bestmaresme.com\/blog\/wp-content\/uploads\/2023\/10\/IMG_7957-768x512.jpg 768w, https:\/\/bestmaresme.com\/blog\/wp-content\/uploads\/2023\/10\/IMG_7957.jpg 1400w\" sizes=\"(max-width: 790px) 100vw, 790px\" \/><\/p>\n<p><img decoding=\"async\" loading=\"lazy\" class=\"aligncenter size-large wp-image-45534\" src=\"https:\/\/bestmaresme.com\/blog\/wp-content\/uploads\/2023\/10\/IMG_7964-1024x682.jpg\" alt=\"\" width=\"790\" height=\"526\" srcset=\"https:\/\/bestmaresme.com\/blog\/wp-content\/uploads\/2023\/10\/IMG_7964-1024x682.jpg 1024w, https:\/\/bestmaresme.com\/blog\/wp-content\/uploads\/2023\/10\/IMG_7964-300x200.jpg 300w, https:\/\/bestmaresme.com\/blog\/wp-content\/uploads\/2023\/10\/IMG_7964-768x512.jpg 768w, https:\/\/bestmaresme.com\/blog\/wp-content\/uploads\/2023\/10\/IMG_7964.jpg 1400w\" sizes=\"(max-width: 790px) 100vw, 790px\" \/><\/p>\n<p><b><strong><a href=\"https:\/\/api.whatsapp.com\/send?l=es-ES&amp;phone=34608010051\" rel=\"attachment wp-att-17273\"><img decoding=\"async\" loading=\"lazy\" class=\"desp-petit aligncenter wp-image-17273\" src=\"https:\/\/bestmaresme.com\/blog\/wp-content\/uploads\/2023\/04\/casas-en-el-maresme-mobil.png\" alt=\"\" width=\"394\" height=\"246\" \/><\/a><a href=\"https:\/\/api.whatsapp.com\/send?l=es-ES&amp;phone=34608010051\" rel=\"attachment wp-att-17274\"><img decoding=\"async\" loading=\"lazy\" class=\"desp-gran aligncenter wp-image-17274 size-full\" src=\"https:\/\/bestmaresme.com\/blog\/wp-content\/uploads\/2023\/04\/casas-en-el-maresme.png\" alt=\"\" width=\"700\" height=\"175\" \/><\/a><\/strong><\/b><\/p>\n<p><img decoding=\"async\" loading=\"lazy\" class=\"aligncenter size-large wp-image-45541\" src=\"https:\/\/bestmaresme.com\/blog\/wp-content\/uploads\/2023\/10\/IMG_7955-1024x682.jpg\" alt=\"\" width=\"790\" height=\"526\" srcset=\"https:\/\/bestmaresme.com\/blog\/wp-content\/uploads\/2023\/10\/IMG_7955-1024x682.jpg 1024w, https:\/\/bestmaresme.com\/blog\/wp-content\/uploads\/2023\/10\/IMG_7955-300x200.jpg 300w, https:\/\/bestmaresme.com\/blog\/wp-content\/uploads\/2023\/10\/IMG_7955-768x512.jpg 768w, https:\/\/bestmaresme.com\/blog\/wp-content\/uploads\/2023\/10\/IMG_7955.jpg 1400w\" sizes=\"(max-width: 790px) 100vw, 790px\" \/><\/p>\n<p><img decoding=\"async\" loading=\"lazy\" class=\"aligncenter size-large wp-image-45542\" src=\"https:\/\/bestmaresme.com\/blog\/wp-content\/uploads\/2023\/10\/IMG_7974-1024x682.jpg\" alt=\"\" width=\"790\" height=\"526\" srcset=\"https:\/\/bestmaresme.com\/blog\/wp-content\/uploads\/2023\/10\/IMG_7974-1024x682.jpg 1024w, https:\/\/bestmaresme.com\/blog\/wp-content\/uploads\/2023\/10\/IMG_7974-300x200.jpg 300w, https:\/\/bestmaresme.com\/blog\/wp-content\/uploads\/2023\/10\/IMG_7974-768x512.jpg 768w, https:\/\/bestmaresme.com\/blog\/wp-content\/uploads\/2023\/10\/IMG_7974.jpg 1400w\" sizes=\"(max-width: 790px) 100vw, 790px\" \/><\/p>\n<p><img decoding=\"async\" loading=\"lazy\" class=\"aligncenter size-large wp-image-45543\" src=\"https:\/\/bestmaresme.com\/blog\/wp-content\/uploads\/2023\/10\/IMG_7972-1024x682.jpg\" alt=\"\" width=\"790\" height=\"526\" srcset=\"https:\/\/bestmaresme.com\/blog\/wp-content\/uploads\/2023\/10\/IMG_7972-1024x682.jpg 1024w, https:\/\/bestmaresme.com\/blog\/wp-content\/uploads\/2023\/10\/IMG_7972-300x200.jpg 300w, https:\/\/bestmaresme.com\/blog\/wp-content\/uploads\/2023\/10\/IMG_7972-768x512.jpg 768w, https:\/\/bestmaresme.com\/blog\/wp-content\/uploads\/2023\/10\/IMG_7972.jpg 1400w\" sizes=\"(max-width: 790px) 100vw, 790px\" \/><\/p>\n<p><img decoding=\"async\" loading=\"lazy\" class=\"aligncenter size-large wp-image-45536\" src=\"https:\/\/bestmaresme.com\/blog\/wp-content\/uploads\/2023\/10\/IMG_5781-1024x682.jpg\" alt=\"\" width=\"790\" height=\"526\" srcset=\"https:\/\/bestmaresme.com\/blog\/wp-content\/uploads\/2023\/10\/IMG_5781-1024x682.jpg 1024w, https:\/\/bestmaresme.com\/blog\/wp-content\/uploads\/2023\/10\/IMG_5781-300x200.jpg 300w, https:\/\/bestmaresme.com\/blog\/wp-content\/uploads\/2023\/10\/IMG_5781-768x512.jpg 768w, https:\/\/bestmaresme.com\/blog\/wp-content\/uploads\/2023\/10\/IMG_5781.jpg 1400w\" sizes=\"(max-width: 790px) 100vw, 790px\" \/><\/p>\n<p>Ya en la <strong>planta inferior<\/strong>, dispone de una amplia sala polivalente que puede ser utilizada como gimnasio, sal\u00f3n o zona de juegos, junto con 2 dormitorios dobles exteriores y un ba\u00f1o completo con plato de ducha.<\/p>\n<p><img decoding=\"async\" loading=\"lazy\" class=\"aligncenter size-large wp-image-45537\" src=\"https:\/\/bestmaresme.com\/blog\/wp-content\/uploads\/2023\/10\/IMG_5782-1024x682.jpg\" alt=\"\" width=\"790\" height=\"526\" srcset=\"https:\/\/bestmaresme.com\/blog\/wp-content\/uploads\/2023\/10\/IMG_5782-1024x682.jpg 1024w, https:\/\/bestmaresme.com\/blog\/wp-content\/uploads\/2023\/10\/IMG_5782-300x200.jpg 300w, https:\/\/bestmaresme.com\/blog\/wp-content\/uploads\/2023\/10\/IMG_5782-768x512.jpg 768w, https:\/\/bestmaresme.com\/blog\/wp-content\/uploads\/2023\/10\/IMG_5782.jpg 1400w\" sizes=\"(max-width: 790px) 100vw, 790px\" \/><\/p>\n<p><img decoding=\"async\" loading=\"lazy\" class=\"aligncenter size-large wp-image-45538\" src=\"https:\/\/bestmaresme.com\/blog\/wp-content\/uploads\/2023\/10\/IMG_5787-1024x682.jpg\" alt=\"\" width=\"790\" height=\"526\" srcset=\"https:\/\/bestmaresme.com\/blog\/wp-content\/uploads\/2023\/10\/IMG_5787-1024x682.jpg 1024w, https:\/\/bestmaresme.com\/blog\/wp-content\/uploads\/2023\/10\/IMG_5787-300x200.jpg 300w, https:\/\/bestmaresme.com\/blog\/wp-content\/uploads\/2023\/10\/IMG_5787-768x512.jpg 768w, https:\/\/bestmaresme.com\/blog\/wp-content\/uploads\/2023\/10\/IMG_5787.jpg 1400w\" sizes=\"(max-width: 790px) 100vw, 790px\" \/><\/p>\n<p>En el <strong>exterior<\/strong>, encontramos un amplio y soleado jard\u00edn con una preciosa piscina salina climatizada, un trastero, un cuarto de almacenamiento para le\u00f1a y un garaje cerrado con espacio para dos coches.<\/p>\n<p><img decoding=\"async\" loading=\"lazy\" class=\"aligncenter size-large wp-image-45540\" src=\"https:\/\/bestmaresme.com\/blog\/wp-content\/uploads\/2023\/10\/IMG_5794-1024x682.jpg\" alt=\"\" width=\"790\" height=\"526\" srcset=\"https:\/\/bestmaresme.com\/blog\/wp-content\/uploads\/2023\/10\/IMG_5794-1024x682.jpg 1024w, https:\/\/bestmaresme.com\/blog\/wp-content\/uploads\/2023\/10\/IMG_5794-300x200.jpg 300w, https:\/\/bestmaresme.com\/blog\/wp-content\/uploads\/2023\/10\/IMG_5794-768x512.jpg 768w, https:\/\/bestmaresme.com\/blog\/wp-content\/uploads\/2023\/10\/IMG_5794.jpg 1400w\" sizes=\"(max-width: 790px) 100vw, 790px\" \/><\/p>\n<p><img decoding=\"async\" loading=\"lazy\" class=\"aligncenter size-large wp-image-45539\" src=\"https:\/\/bestmaresme.com\/blog\/wp-content\/uploads\/2023\/10\/IMG_7983-1024x682.jpg\" alt=\"\" width=\"790\" height=\"526\" srcset=\"https:\/\/bestmaresme.com\/blog\/wp-content\/uploads\/2023\/10\/IMG_7983-1024x682.jpg 1024w, https:\/\/bestmaresme.com\/blog\/wp-content\/uploads\/2023\/10\/IMG_7983-300x200.jpg 300w, https:\/\/bestmaresme.com\/blog\/wp-content\/uploads\/2023\/10\/IMG_7983-768x512.jpg 768w, https:\/\/bestmaresme.com\/blog\/wp-content\/uploads\/2023\/10\/IMG_7983.jpg 1400w\" sizes=\"(max-width: 790px) 100vw, 790px\" \/><\/p>\n<p>Por \u00faltimo, cabe resaltar que todos los techos de la casa son abuhardillados con vigas de madera natural, que han sido completamente restauradas, y que todas las estancias de la vivienda son exteriores, disfrutando de abundante luz natural a cualquier hora del d\u00eda.<\/p>\n<p><strong>Extras:<\/strong> Carpinter\u00eda de aluminio con persianas antirrobo, control dom\u00f3tico desde dispositivos m\u00f3viles para la electricidad y las ventanas, aire acondicionado mediante splits en todas las estancias, c\u00e1maras de seguridad en toda la propiedad, puerta blindada y sistema de alarma.<\/p>\n<p>Si est\u00e1s buscando una residencia a tan solo 30 minutos de Barcelona, en una urbanizaci\u00f3n cuidada y hermosa, en un entorno tranquilo y privado, \u00a1esta casa ofrece una oportunidad \u00fanica para hacerla tuya!<\/p>\n<p><b><strong><a href=\"https:\/\/api.whatsapp.com\/send?l=es-ES&amp;phone=34608010051\" rel=\"attachment wp-att-17273\"><img decoding=\"async\" loading=\"lazy\" class=\"desp-petit aligncenter wp-image-17273\" src=\"https:\/\/bestmaresme.com\/blog\/wp-content\/uploads\/2023\/04\/casas-en-el-maresme-mobil.png\" alt=\"\" width=\"394\" height=\"246\" \/><\/a><a href=\"https:\/\/api.whatsapp.com\/send?l=es-ES&amp;phone=34608010051\" rel=\"attachment wp-att-17274\"><img decoding=\"async\" loading=\"lazy\" class=\"desp-gran aligncenter wp-image-17274 size-full\" src=\"https:\/\/bestmaresme.com\/blog\/wp-content\/uploads\/2023\/04\/casas-en-el-maresme.png\" alt=\"\" width=\"700\" height=\"175\" \/><\/a><\/strong><\/b><\/p>","protected":false},"excerpt":{"rendered":"<p>Simbiosis Perfecta: Modernidad y Tradici\u00f3n &nbsp; +info C-1273 1.150.000 \u20ac &nbsp; &nbsp; Fant\u00e1stica vivienda completamente reformada ubicada en la apacible urbanizaci\u00f3n Mas Terrillo de Cabrera&hellip; <\/p>\n","protected":false},"author":1,"featured_media":45523,"comment_status":"closed","ping_status":"closed","sticky":false,"template":"","format":"standard","meta":{"footnotes":""},"categories":[44,120,172],"tags":[68,45,3,19],"_links":{"self":[{"href":"https:\/\/bestmaresme.com\/blog\/wp-json\/wp\/v2\/posts\/45522"}],"collection":[{"href":"https:\/\/bestmaresme.com\/blog\/wp-json\/wp\/v2\/posts"}],"about":[{"href":"https:\/\/bestmaresme.com\/blog\/wp-json\/wp\/v2\/types\/post"}],"author":[{"embeddable":true,"href":"https:\/\/bestmaresme.com\/blog\/wp-json\/wp\/v2\/users\/1"}],"replies":[{"embeddable":true,"href":"https:\/\/bestmaresme.com\/blog\/wp-json\/wp\/v2\/comments?post=45522"}],"version-history":[{"count":23,"href":"https:\/\/bestmaresme.com\/blog\/wp-json\/wp\/v2\/posts\/45522\/revisions"}],"predecessor-version":[{"id":45812,"href":"https:\/\/bestmaresme.com\/blog\/wp-json\/wp\/v2\/posts\/45522\/revisions\/45812"}],"wp:featuredmedia":[{"embeddable":true,"href":"https:\/\/bestmaresme.com\/blog\/wp-json\/wp\/v2\/media\/45523"}],"wp:attachment":[{"href":"https:\/\/bestmaresme.com\/blog\/wp-json\/wp\/v2\/media?parent=45522"}],"wp:term":[{"taxonomy":"category","embeddable":true,"href":"https:\/\/bestmaresme.com\/blog\/wp-json\/wp\/v2\/categories?post=45522"},{"taxonomy":"post_tag","embeddable":true,"href":"https:\/\/bestmaresme.com\/blog\/wp-json\/wp\/v2\/tags?post=45522"}],"curies":[{"name":"wp","href":"https:\/\/api.w.org\/{rel}","templated":true}]}}