{"id":46623,"date":"2024-02-22T16:11:07","date_gmt":"2024-02-22T16:11:07","guid":{"rendered":"https:\/\/bestmaresme.com\/blog\/?p=46623"},"modified":"2024-02-22T16:30:56","modified_gmt":"2024-02-22T16:30:56","slug":"preciosa-vivienda-mediterranea-en-venta-teia","status":"publish","type":"post","link":"https:\/\/bestmaresme.com\/blog\/preciosa-vivienda-mediterranea-en-venta-teia\/","title":{"rendered":"Preciosa vivienda mediterr\u00e1nea en venta en Tei\u00e0"},"content":{"rendered":"<p><\/p>\n<h5>Rodeada de naturaleza y con gran privacidad<\/h5>\n<p>&nbsp;<\/p>\n<h3><a href=\"https:\/\/bestmaresme.com\/Teia\/1703-casas-Teia-1325\/\"><span style=\"color: #000000;\">+info<\/span><\/a><\/h3>\n<h3>C-1325<\/h3>\n<h3><span style=\"color: #000000;\">1.100.000 \u20ac<\/span><\/h3>\n<p>&nbsp;<\/p>\n<p>&nbsp;<\/p>\n<p>Respetuosa con el entorno y arraigada en la tradici\u00f3n mediterr\u00e1nea, esta\u00a0<a href=\"https:\/\/bestmaresme.com\/\" target=\"_blank\" rel=\"noopener\"><b>preciosa vivienda en venta<\/b><\/a>\u00a0en el municipio de\u00a0<a href=\"https:\/\/bestmaresme.com\/Teia\/\" target=\"_blank\" rel=\"noopener\"><b>Tei\u00e0<\/b><\/a> se encuentra inmersa en exuberante vegetaci\u00f3n, garantizando privacidad y deleitando con vistas magn\u00edficas al mar y a las monta\u00f1as. La luz c\u00e1lida del Mediterr\u00e1neo inunda cada rinc\u00f3n de este hogar, penetrando a trav\u00e9s de generosos ventanales que iluminan los espacios interiores, dise\u00f1ados con amplitud, comodidad y una distribuci\u00f3n excelente.<\/p>\n<p><img decoding=\"async\" loading=\"lazy\" class=\"aligncenter size-large wp-image-46630\" src=\"https:\/\/bestmaresme.com\/blog\/wp-content\/uploads\/2024\/02\/IMG_0034-1024x682.jpg\" alt=\"\" width=\"790\" height=\"526\" srcset=\"https:\/\/bestmaresme.com\/blog\/wp-content\/uploads\/2024\/02\/IMG_0034-1024x682.jpg 1024w, https:\/\/bestmaresme.com\/blog\/wp-content\/uploads\/2024\/02\/IMG_0034-300x200.jpg 300w, https:\/\/bestmaresme.com\/blog\/wp-content\/uploads\/2024\/02\/IMG_0034-768x512.jpg 768w, https:\/\/bestmaresme.com\/blog\/wp-content\/uploads\/2024\/02\/IMG_0034.jpg 1400w\" sizes=\"(max-width: 790px) 100vw, 790px\" \/><\/p>\n<p><img decoding=\"async\" loading=\"lazy\" class=\"aligncenter size-large wp-image-46631\" src=\"https:\/\/bestmaresme.com\/blog\/wp-content\/uploads\/2024\/02\/IMG_0016-1024x682.jpg\" alt=\"\" width=\"790\" height=\"526\" srcset=\"https:\/\/bestmaresme.com\/blog\/wp-content\/uploads\/2024\/02\/IMG_0016-1024x682.jpg 1024w, https:\/\/bestmaresme.com\/blog\/wp-content\/uploads\/2024\/02\/IMG_0016-300x200.jpg 300w, https:\/\/bestmaresme.com\/blog\/wp-content\/uploads\/2024\/02\/IMG_0016-768x512.jpg 768w, https:\/\/bestmaresme.com\/blog\/wp-content\/uploads\/2024\/02\/IMG_0016.jpg 1400w\" sizes=\"(max-width: 790px) 100vw, 790px\" \/><\/p>\n<p><b>Completamente renovada en 2012<\/b>, esta casa ofrece comodidades modernas distribuidas en cuatro niveles parciales. En la\u00a0<b>primera planta<\/b>, un espacioso vest\u00edbulo conduce al sal\u00f3n-comedor con chimenea y acceso a una amplia terraza cubierta, desde la cual se puede disfrutar de unas vistas espectaculares al mar. La cocina de estilo americano, completamente equipada y amueblada, complementa este espacio.<\/p>\n<p><img decoding=\"async\" loading=\"lazy\" class=\"aligncenter size-large wp-image-46632\" src=\"https:\/\/bestmaresme.com\/blog\/wp-content\/uploads\/2024\/02\/IMG_0003-1024x682.jpg\" alt=\"\" width=\"790\" height=\"526\" srcset=\"https:\/\/bestmaresme.com\/blog\/wp-content\/uploads\/2024\/02\/IMG_0003-1024x682.jpg 1024w, https:\/\/bestmaresme.com\/blog\/wp-content\/uploads\/2024\/02\/IMG_0003-300x200.jpg 300w, https:\/\/bestmaresme.com\/blog\/wp-content\/uploads\/2024\/02\/IMG_0003-768x512.jpg 768w, https:\/\/bestmaresme.com\/blog\/wp-content\/uploads\/2024\/02\/IMG_0003.jpg 1400w\" sizes=\"(max-width: 790px) 100vw, 790px\" \/><\/p>\n<p><img decoding=\"async\" loading=\"lazy\" class=\"aligncenter size-large wp-image-46633\" src=\"https:\/\/bestmaresme.com\/blog\/wp-content\/uploads\/2024\/02\/IMG_9996-1024x682.jpg\" alt=\"\" width=\"790\" height=\"526\" srcset=\"https:\/\/bestmaresme.com\/blog\/wp-content\/uploads\/2024\/02\/IMG_9996-1024x682.jpg 1024w, https:\/\/bestmaresme.com\/blog\/wp-content\/uploads\/2024\/02\/IMG_9996-300x200.jpg 300w, https:\/\/bestmaresme.com\/blog\/wp-content\/uploads\/2024\/02\/IMG_9996-768x512.jpg 768w, https:\/\/bestmaresme.com\/blog\/wp-content\/uploads\/2024\/02\/IMG_9996.jpg 1400w\" sizes=\"(max-width: 790px) 100vw, 790px\" \/><b><strong><a href=\"https:\/\/api.whatsapp.com\/send?l=es-ES&amp;phone=34608010051\" rel=\"attachment wp-att-17273\"><img decoding=\"async\" loading=\"lazy\" class=\"desp-petit aligncenter wp-image-17273\" src=\"https:\/\/bestmaresme.com\/blog\/wp-content\/uploads\/2023\/04\/casas-en-el-maresme-mobil.png\" alt=\"\" width=\"394\" height=\"246\" \/><\/a><a href=\"https:\/\/api.whatsapp.com\/send?l=es-ES&amp;phone=34608010051\" rel=\"attachment wp-att-17274\"><img decoding=\"async\" loading=\"lazy\" class=\"desp-gran aligncenter wp-image-17274 size-full\" src=\"https:\/\/bestmaresme.com\/blog\/wp-content\/uploads\/2023\/04\/casas-en-el-maresme.png\" alt=\"\" width=\"700\" height=\"175\" \/><\/a><\/strong><\/b><\/p>\n<p><img decoding=\"async\" loading=\"lazy\" class=\"aligncenter size-large wp-image-46634\" src=\"https:\/\/bestmaresme.com\/blog\/wp-content\/uploads\/2024\/02\/IMG_0009-1024x682.jpg\" alt=\"\" width=\"790\" height=\"526\" srcset=\"https:\/\/bestmaresme.com\/blog\/wp-content\/uploads\/2024\/02\/IMG_0009-1024x682.jpg 1024w, https:\/\/bestmaresme.com\/blog\/wp-content\/uploads\/2024\/02\/IMG_0009-300x200.jpg 300w, https:\/\/bestmaresme.com\/blog\/wp-content\/uploads\/2024\/02\/IMG_0009-768x512.jpg 768w, https:\/\/bestmaresme.com\/blog\/wp-content\/uploads\/2024\/02\/IMG_0009.jpg 1400w\" sizes=\"(max-width: 790px) 100vw, 790px\" \/><\/p>\n<p><img decoding=\"async\" loading=\"lazy\" class=\"aligncenter size-large wp-image-46635\" src=\"https:\/\/bestmaresme.com\/blog\/wp-content\/uploads\/2024\/02\/IMG_9988-1024x682.jpg\" alt=\"\" width=\"790\" height=\"526\" srcset=\"https:\/\/bestmaresme.com\/blog\/wp-content\/uploads\/2024\/02\/IMG_9988-1024x682.jpg 1024w, https:\/\/bestmaresme.com\/blog\/wp-content\/uploads\/2024\/02\/IMG_9988-300x200.jpg 300w, https:\/\/bestmaresme.com\/blog\/wp-content\/uploads\/2024\/02\/IMG_9988-768x512.jpg 768w, https:\/\/bestmaresme.com\/blog\/wp-content\/uploads\/2024\/02\/IMG_9988.jpg 1400w\" sizes=\"(max-width: 790px) 100vw, 790px\" \/>En la\u00a0<b>planta intermedia<\/b>, se encuentra una zona independiente con dos dormitorios dobles equipados con amplios armarios empotrados, adem\u00e1s de un ba\u00f1o completo. Subiendo medio nivel m\u00e1s, se accede a la habitaci\u00f3n principal, que incluye un despacho y salida a una espl\u00e9ndida terraza sol\u00e1rium con vistas panor\u00e1micas al mar y al pueblo y otro ba\u00f1o completo.<\/p>\n<p><img decoding=\"async\" loading=\"lazy\" class=\"aligncenter size-large wp-image-46636\" src=\"https:\/\/bestmaresme.com\/blog\/wp-content\/uploads\/2024\/02\/IMG_0062-1024x682.jpg\" alt=\"\" width=\"790\" height=\"526\" srcset=\"https:\/\/bestmaresme.com\/blog\/wp-content\/uploads\/2024\/02\/IMG_0062-1024x682.jpg 1024w, https:\/\/bestmaresme.com\/blog\/wp-content\/uploads\/2024\/02\/IMG_0062-300x200.jpg 300w, https:\/\/bestmaresme.com\/blog\/wp-content\/uploads\/2024\/02\/IMG_0062-768x512.jpg 768w, https:\/\/bestmaresme.com\/blog\/wp-content\/uploads\/2024\/02\/IMG_0062.jpg 1400w\" sizes=\"(max-width: 790px) 100vw, 790px\" \/><\/p>\n<p><img decoding=\"async\" loading=\"lazy\" class=\"aligncenter size-large wp-image-46638\" src=\"https:\/\/bestmaresme.com\/blog\/wp-content\/uploads\/2024\/02\/IMG_0069-1024x682.jpg\" alt=\"\" width=\"790\" height=\"526\" srcset=\"https:\/\/bestmaresme.com\/blog\/wp-content\/uploads\/2024\/02\/IMG_0069-1024x682.jpg 1024w, https:\/\/bestmaresme.com\/blog\/wp-content\/uploads\/2024\/02\/IMG_0069-300x200.jpg 300w, https:\/\/bestmaresme.com\/blog\/wp-content\/uploads\/2024\/02\/IMG_0069-768x512.jpg 768w, https:\/\/bestmaresme.com\/blog\/wp-content\/uploads\/2024\/02\/IMG_0069.jpg 1400w\" sizes=\"(max-width: 790px) 100vw, 790px\" \/><\/p>\n<p><img decoding=\"async\" loading=\"lazy\" class=\"aligncenter size-large wp-image-46639\" src=\"https:\/\/bestmaresme.com\/blog\/wp-content\/uploads\/2024\/02\/IMG_0053-1024x682.jpg\" alt=\"\" width=\"790\" height=\"526\" srcset=\"https:\/\/bestmaresme.com\/blog\/wp-content\/uploads\/2024\/02\/IMG_0053-1024x682.jpg 1024w, https:\/\/bestmaresme.com\/blog\/wp-content\/uploads\/2024\/02\/IMG_0053-300x200.jpg 300w, https:\/\/bestmaresme.com\/blog\/wp-content\/uploads\/2024\/02\/IMG_0053-768x512.jpg 768w, https:\/\/bestmaresme.com\/blog\/wp-content\/uploads\/2024\/02\/IMG_0053.jpg 1400w\" sizes=\"(max-width: 790px) 100vw, 790px\" \/><\/p>\n<p><b><strong><a href=\"https:\/\/api.whatsapp.com\/send?l=es-ES&amp;phone=34608010051\" rel=\"attachment wp-att-17273\"><img decoding=\"async\" loading=\"lazy\" class=\"desp-petit aligncenter wp-image-17273\" src=\"https:\/\/bestmaresme.com\/blog\/wp-content\/uploads\/2023\/04\/casas-en-el-maresme-mobil.png\" alt=\"\" width=\"394\" height=\"246\" \/><\/a><a href=\"https:\/\/api.whatsapp.com\/send?l=es-ES&amp;phone=34608010051\" rel=\"attachment wp-att-17274\"><img decoding=\"async\" loading=\"lazy\" class=\"desp-gran aligncenter wp-image-17274 size-full\" src=\"https:\/\/bestmaresme.com\/blog\/wp-content\/uploads\/2023\/04\/casas-en-el-maresme.png\" alt=\"\" width=\"700\" height=\"175\" \/><\/a><\/strong><\/b><\/p>\n<p>En la\u00a0<b>planta inferior<\/b>, se encuentra un dormitorio de invitados con ba\u00f1o, as\u00ed como un lavadero independiente. Descendiendo unas pocas escaleras m\u00e1s, se encuentra una amplia zona de trabajo con cocina, ba\u00f1o y \u00e1rea de descanso, con acceso independiente.<\/p>\n<p><img decoding=\"async\" loading=\"lazy\" class=\"aligncenter size-large wp-image-46641\" src=\"https:\/\/bestmaresme.com\/blog\/wp-content\/uploads\/2024\/02\/IMG_0083-1024x682.jpg\" alt=\"\" width=\"790\" height=\"526\" srcset=\"https:\/\/bestmaresme.com\/blog\/wp-content\/uploads\/2024\/02\/IMG_0083-1024x682.jpg 1024w, https:\/\/bestmaresme.com\/blog\/wp-content\/uploads\/2024\/02\/IMG_0083-300x200.jpg 300w, https:\/\/bestmaresme.com\/blog\/wp-content\/uploads\/2024\/02\/IMG_0083-768x512.jpg 768w, https:\/\/bestmaresme.com\/blog\/wp-content\/uploads\/2024\/02\/IMG_0083.jpg 1400w\" sizes=\"(max-width: 790px) 100vw, 790px\" \/><\/p>\n<p><img decoding=\"async\" loading=\"lazy\" class=\"aligncenter size-large wp-image-46646\" src=\"https:\/\/bestmaresme.com\/blog\/wp-content\/uploads\/2024\/02\/IMG_0072-1024x682.jpg\" alt=\"\" width=\"790\" height=\"526\" srcset=\"https:\/\/bestmaresme.com\/blog\/wp-content\/uploads\/2024\/02\/IMG_0072-1024x682.jpg 1024w, https:\/\/bestmaresme.com\/blog\/wp-content\/uploads\/2024\/02\/IMG_0072-300x200.jpg 300w, https:\/\/bestmaresme.com\/blog\/wp-content\/uploads\/2024\/02\/IMG_0072-768x512.jpg 768w, https:\/\/bestmaresme.com\/blog\/wp-content\/uploads\/2024\/02\/IMG_0072.jpg 1400w\" sizes=\"(max-width: 790px) 100vw, 790px\" \/><\/p>\n<p><img decoding=\"async\" loading=\"lazy\" class=\"aligncenter size-large wp-image-46645\" src=\"https:\/\/bestmaresme.com\/blog\/wp-content\/uploads\/2024\/02\/IMG_0084-1024x682.jpg\" alt=\"\" width=\"790\" height=\"526\" srcset=\"https:\/\/bestmaresme.com\/blog\/wp-content\/uploads\/2024\/02\/IMG_0084-1024x682.jpg 1024w, https:\/\/bestmaresme.com\/blog\/wp-content\/uploads\/2024\/02\/IMG_0084-300x200.jpg 300w, https:\/\/bestmaresme.com\/blog\/wp-content\/uploads\/2024\/02\/IMG_0084-768x512.jpg 768w, https:\/\/bestmaresme.com\/blog\/wp-content\/uploads\/2024\/02\/IMG_0084.jpg 1400w\" sizes=\"(max-width: 790px) 100vw, 790px\" \/><\/p>\n<p>La propiedad destaca por su\u00a0<b>parcela privada de 962 m2<\/b>, que incluye un c\u00f3modo porche de verano y una magn\u00edfica piscina rodeada de buganvillas y un cuidado dise\u00f1o de jard\u00edn, que a\u00f1ade un toque decorativo adicional a la vivienda.<img decoding=\"async\" loading=\"lazy\" class=\"aligncenter size-large wp-image-46647\" src=\"https:\/\/bestmaresme.com\/blog\/wp-content\/uploads\/2024\/02\/IMG_0024-1024x682.jpg\" alt=\"\" width=\"790\" height=\"526\" srcset=\"https:\/\/bestmaresme.com\/blog\/wp-content\/uploads\/2024\/02\/IMG_0024-1024x682.jpg 1024w, https:\/\/bestmaresme.com\/blog\/wp-content\/uploads\/2024\/02\/IMG_0024-300x200.jpg 300w, https:\/\/bestmaresme.com\/blog\/wp-content\/uploads\/2024\/02\/IMG_0024-768x512.jpg 768w, https:\/\/bestmaresme.com\/blog\/wp-content\/uploads\/2024\/02\/IMG_0024.jpg 1400w\" sizes=\"(max-width: 790px) 100vw, 790px\" \/><\/p>\n<p><img decoding=\"async\" loading=\"lazy\" class=\"aligncenter size-large wp-image-46644\" src=\"https:\/\/bestmaresme.com\/blog\/wp-content\/uploads\/2024\/02\/IMG_9982-1024x682.jpg\" alt=\"\" width=\"790\" height=\"526\" srcset=\"https:\/\/bestmaresme.com\/blog\/wp-content\/uploads\/2024\/02\/IMG_9982-1024x682.jpg 1024w, https:\/\/bestmaresme.com\/blog\/wp-content\/uploads\/2024\/02\/IMG_9982-300x200.jpg 300w, https:\/\/bestmaresme.com\/blog\/wp-content\/uploads\/2024\/02\/IMG_9982-768x512.jpg 768w, https:\/\/bestmaresme.com\/blog\/wp-content\/uploads\/2024\/02\/IMG_9982.jpg 1400w\" sizes=\"(max-width: 790px) 100vw, 790px\" \/><\/p>\n<p>Entre las\u00a0<b>caracter\u00edsticas adicionales<\/b>\u00a0de la casa se incluyen su orientaci\u00f3n sur, dos terrazas con vistas al mar, piscina privada, jard\u00edn privado, porche de verano, despacho, excelente estado de conservaci\u00f3n, cuarto de lavado, sistema de riego, cocina equipada, chimenea, ventanas de aluminio revestidas de madera, descalcificador y sistema de osmosis, as\u00ed como un sistema de alarma para mayor seguridad.<\/p>\n<p><b><strong><a href=\"https:\/\/api.whatsapp.com\/send?l=es-ES&amp;phone=34608010051\" rel=\"attachment wp-att-17273\"><img decoding=\"async\" loading=\"lazy\" class=\"desp-petit aligncenter wp-image-17273\" src=\"https:\/\/bestmaresme.com\/blog\/wp-content\/uploads\/2023\/04\/casas-en-el-maresme-mobil.png\" alt=\"\" width=\"394\" height=\"246\" \/><\/a><a href=\"https:\/\/api.whatsapp.com\/send?l=es-ES&amp;phone=34608010051\" rel=\"attachment wp-att-17274\"><img decoding=\"async\" loading=\"lazy\" class=\"desp-gran aligncenter wp-image-17274 size-full\" src=\"https:\/\/bestmaresme.com\/blog\/wp-content\/uploads\/2023\/04\/casas-en-el-maresme.png\" alt=\"\" width=\"700\" height=\"175\" \/><\/a><\/strong><\/b><\/p>","protected":false},"excerpt":{"rendered":"<p>Rodeada de naturaleza y con gran privacidad &nbsp; +info C-1325 1.100.000 \u20ac &nbsp; &nbsp; Respetuosa con el entorno y arraigada en la tradici\u00f3n mediterr\u00e1nea, esta\u00a0preciosa&hellip; <\/p>\n","protected":false},"author":1,"featured_media":46624,"comment_status":"closed","ping_status":"closed","sticky":false,"template":"","format":"standard","meta":{"footnotes":""},"categories":[120,172,46],"tags":[124,19,97],"_links":{"self":[{"href":"https:\/\/bestmaresme.com\/blog\/wp-json\/wp\/v2\/posts\/46623"}],"collection":[{"href":"https:\/\/bestmaresme.com\/blog\/wp-json\/wp\/v2\/posts"}],"about":[{"href":"https:\/\/bestmaresme.com\/blog\/wp-json\/wp\/v2\/types\/post"}],"author":[{"embeddable":true,"href":"https:\/\/bestmaresme.com\/blog\/wp-json\/wp\/v2\/users\/1"}],"replies":[{"embeddable":true,"href":"https:\/\/bestmaresme.com\/blog\/wp-json\/wp\/v2\/comments?post=46623"}],"version-history":[{"count":13,"href":"https:\/\/bestmaresme.com\/blog\/wp-json\/wp\/v2\/posts\/46623\/revisions"}],"predecessor-version":[{"id":46658,"href":"https:\/\/bestmaresme.com\/blog\/wp-json\/wp\/v2\/posts\/46623\/revisions\/46658"}],"wp:featuredmedia":[{"embeddable":true,"href":"https:\/\/bestmaresme.com\/blog\/wp-json\/wp\/v2\/media\/46624"}],"wp:attachment":[{"href":"https:\/\/bestmaresme.com\/blog\/wp-json\/wp\/v2\/media?parent=46623"}],"wp:term":[{"taxonomy":"category","embeddable":true,"href":"https:\/\/bestmaresme.com\/blog\/wp-json\/wp\/v2\/categories?post=46623"},{"taxonomy":"post_tag","embeddable":true,"href":"https:\/\/bestmaresme.com\/blog\/wp-json\/wp\/v2\/tags?post=46623"}],"curies":[{"name":"wp","href":"https:\/\/api.w.org\/{rel}","templated":true}]}}