{"id":47083,"date":"2024-05-15T12:05:36","date_gmt":"2024-05-15T12:05:36","guid":{"rendered":"https:\/\/bestmaresme.com\/blog\/?p=47083"},"modified":"2024-05-23T11:28:26","modified_gmt":"2024-05-23T11:28:26","slug":"excepcional-casa-unifamiliar-en-venta-en-tiana","status":"publish","type":"post","link":"https:\/\/bestmaresme.com\/blog\/excepcional-casa-unifamiliar-en-venta-en-tiana\/","title":{"rendered":"Excepcional casa unifamiliar en venta en Tiana"},"content":{"rendered":"<p><\/p>\n<h5>Ascensor, vistas al mar &amp; a 2 pasos del centro<\/h5>\n<p>&nbsp;<\/p>\n<h3><a href=\"https:\/\/bestmaresme.com\/Tiana\/1736-casas-Tiana-1352\/\"><span style=\"color: #000000;\">+info<\/span><\/a><\/h3>\n<h3>C-1352<\/h3>\n<h3><span style=\"color: #000000;\">890.000 \u20ac<\/span><\/h3>\n<p>&nbsp;<\/p>\n<p>&nbsp;<\/p>\n<p>En la encantadora localidad de\u00a0<b><a href=\"https:\/\/bestmaresme.com\/Tiana\/\" target=\"_blank\" rel=\"noopener\">Tiana<\/a><\/b>, emerge majestuosa esta excepcional<b>\u00a0<a href=\"https:\/\/bestmaresme.com\/\" target=\"_blank\" rel=\"noopener\">casa unifamiliar en venta<\/a><\/b>, con una construcci\u00f3n de 352 m2 que deslumbra por su elegancia y confort. Estrat\u00e9gicamente ubicada,\u00a0<b>a tan solo 15 minutos de la ciudad de Barcelona y las playas de El Maresme<\/b>, esta propiedad ofrece una conexi\u00f3n privilegiada con lo mejor de ambos mundos.<\/p>\n<p>Con una\u00a0<b>distribuci\u00f3n impecable<\/b>\u00a0en cuatro plantas, todas ellas conectadas por un\u00a0<b>ascensor<\/b>, adem\u00e1s de un generoso garaje, esta casa se distingue por su orientaci\u00f3n al sur, inundando sus espacios con una luminosidad cautivadora y brindando unas vistas panor\u00e1micas al mar que quitan el aliento.<\/p>\n<p><img decoding=\"async\" loading=\"lazy\" class=\"aligncenter size-large wp-image-47090\" src=\"https:\/\/bestmaresme.com\/blog\/wp-content\/uploads\/2024\/05\/IMG_1655-copia-1024x682.jpg\" alt=\"\" width=\"790\" height=\"526\" srcset=\"https:\/\/bestmaresme.com\/blog\/wp-content\/uploads\/2024\/05\/IMG_1655-copia-1024x682.jpg 1024w, https:\/\/bestmaresme.com\/blog\/wp-content\/uploads\/2024\/05\/IMG_1655-copia-300x200.jpg 300w, https:\/\/bestmaresme.com\/blog\/wp-content\/uploads\/2024\/05\/IMG_1655-copia-768x512.jpg 768w, https:\/\/bestmaresme.com\/blog\/wp-content\/uploads\/2024\/05\/IMG_1655-copia.jpg 1400w\" sizes=\"(max-width: 790px) 100vw, 790px\" \/><\/p>\n<p><img decoding=\"async\" loading=\"lazy\" class=\"aligncenter size-large wp-image-47091\" src=\"https:\/\/bestmaresme.com\/blog\/wp-content\/uploads\/2024\/05\/IMG_1654-copia-1024x682.jpg\" alt=\"\" width=\"790\" height=\"526\" srcset=\"https:\/\/bestmaresme.com\/blog\/wp-content\/uploads\/2024\/05\/IMG_1654-copia-1024x682.jpg 1024w, https:\/\/bestmaresme.com\/blog\/wp-content\/uploads\/2024\/05\/IMG_1654-copia-300x200.jpg 300w, https:\/\/bestmaresme.com\/blog\/wp-content\/uploads\/2024\/05\/IMG_1654-copia-768x512.jpg 768w, https:\/\/bestmaresme.com\/blog\/wp-content\/uploads\/2024\/05\/IMG_1654-copia.jpg 1400w\" sizes=\"(max-width: 790px) 100vw, 790px\" \/><\/p>\n<p><b>Al adentrarnos,<\/b>\u00a0nos recibe una sensaci\u00f3n de serenidad en cada rinc\u00f3n, destacando su car\u00e1cter de &#8220;tres vientos&#8221;, que garantiza una ventilaci\u00f3n natural y una atm\u00f3sfera de calma. En la primera planta, el \u00e1rea diurna invita a la relajaci\u00f3n con un amplio sal\u00f3n-comedor, dotado de una acogedora chimenea y un techo abierto que amplifica la sensaci\u00f3n de espacio. Complementando esta planta, encontramos un aseo de cortes\u00eda y una cocina office, con acceso directo a una encantadora terraza. Esta terraza, verdadero oasis al aire libre, ofrece una\u00a0<b>piscina con hidromasaje y sistema de nataci\u00f3n contracorriente<\/b>, una zona de barbacoa y una barra de bar, perfecta para deleitarse con el clima Mediterr\u00e1neo.<\/p>\n<p><img decoding=\"async\" loading=\"lazy\" class=\"aligncenter size-large wp-image-47092\" src=\"https:\/\/bestmaresme.com\/blog\/wp-content\/uploads\/2024\/05\/IMG_1659-copia-1024x682.jpg\" alt=\"\" width=\"790\" height=\"526\" srcset=\"https:\/\/bestmaresme.com\/blog\/wp-content\/uploads\/2024\/05\/IMG_1659-copia-1024x682.jpg 1024w, https:\/\/bestmaresme.com\/blog\/wp-content\/uploads\/2024\/05\/IMG_1659-copia-300x200.jpg 300w, https:\/\/bestmaresme.com\/blog\/wp-content\/uploads\/2024\/05\/IMG_1659-copia-768x512.jpg 768w, https:\/\/bestmaresme.com\/blog\/wp-content\/uploads\/2024\/05\/IMG_1659-copia.jpg 1400w\" sizes=\"(max-width: 790px) 100vw, 790px\" \/><\/p>\n<p><img decoding=\"async\" loading=\"lazy\" class=\"aligncenter size-large wp-image-47093\" src=\"https:\/\/bestmaresme.com\/blog\/wp-content\/uploads\/2024\/05\/IMG_1664-copia-1024x682.jpg\" alt=\"\" width=\"790\" height=\"526\" srcset=\"https:\/\/bestmaresme.com\/blog\/wp-content\/uploads\/2024\/05\/IMG_1664-copia-1024x682.jpg 1024w, https:\/\/bestmaresme.com\/blog\/wp-content\/uploads\/2024\/05\/IMG_1664-copia-300x200.jpg 300w, https:\/\/bestmaresme.com\/blog\/wp-content\/uploads\/2024\/05\/IMG_1664-copia-768x512.jpg 768w, https:\/\/bestmaresme.com\/blog\/wp-content\/uploads\/2024\/05\/IMG_1664-copia.jpg 1400w\" sizes=\"(max-width: 790px) 100vw, 790px\" \/><\/p>\n<p><img decoding=\"async\" loading=\"lazy\" class=\"aligncenter size-large wp-image-47094\" src=\"https:\/\/bestmaresme.com\/blog\/wp-content\/uploads\/2024\/05\/IMG_1675-copia-1024x682.jpg\" alt=\"\" width=\"790\" height=\"526\" srcset=\"https:\/\/bestmaresme.com\/blog\/wp-content\/uploads\/2024\/05\/IMG_1675-copia-1024x682.jpg 1024w, https:\/\/bestmaresme.com\/blog\/wp-content\/uploads\/2024\/05\/IMG_1675-copia-300x200.jpg 300w, https:\/\/bestmaresme.com\/blog\/wp-content\/uploads\/2024\/05\/IMG_1675-copia-768x512.jpg 768w, https:\/\/bestmaresme.com\/blog\/wp-content\/uploads\/2024\/05\/IMG_1675-copia.jpg 1400w\" sizes=\"(max-width: 790px) 100vw, 790px\" \/><\/p>\n<p><b><strong><a href=\"https:\/\/api.whatsapp.com\/send?l=es-ES&amp;phone=34608010051\" rel=\"attachment wp-att-17273\"><img decoding=\"async\" loading=\"lazy\" class=\"desp-petit aligncenter wp-image-17273\" src=\"https:\/\/bestmaresme.com\/blog\/wp-content\/uploads\/2023\/04\/casas-en-el-maresme-mobil.png\" alt=\"\" width=\"394\" height=\"246\" \/><\/a><a href=\"https:\/\/api.whatsapp.com\/send?l=es-ES&amp;phone=34608010051\" rel=\"attachment wp-att-17274\"><img decoding=\"async\" loading=\"lazy\" class=\"desp-gran aligncenter wp-image-17274 size-full\" src=\"https:\/\/bestmaresme.com\/blog\/wp-content\/uploads\/2023\/04\/casas-en-el-maresme.png\" alt=\"\" width=\"700\" height=\"175\" \/><\/a><\/strong><\/b><\/p>\n<p><b>La segunda planta<\/b>\u00a0alberga el \u00e1rea de descanso, con una lujosa suite que incluye un amplio vestidor y un ba\u00f1o equipado con ba\u00f1era y ducha, otra suite con ba\u00f1o propio y una habitaci\u00f3n individual, as\u00ed como un ba\u00f1o completo adicional con ducha.<\/p>\n<p><img decoding=\"async\" loading=\"lazy\" class=\"aligncenter size-large wp-image-47095\" src=\"https:\/\/bestmaresme.com\/blog\/wp-content\/uploads\/2024\/05\/IMG_1685-copia-1024x682.jpg\" alt=\"\" width=\"790\" height=\"526\" srcset=\"https:\/\/bestmaresme.com\/blog\/wp-content\/uploads\/2024\/05\/IMG_1685-copia-1024x682.jpg 1024w, https:\/\/bestmaresme.com\/blog\/wp-content\/uploads\/2024\/05\/IMG_1685-copia-300x200.jpg 300w, https:\/\/bestmaresme.com\/blog\/wp-content\/uploads\/2024\/05\/IMG_1685-copia-768x512.jpg 768w, https:\/\/bestmaresme.com\/blog\/wp-content\/uploads\/2024\/05\/IMG_1685-copia.jpg 1400w\" sizes=\"(max-width: 790px) 100vw, 790px\" \/><\/p>\n<p><img decoding=\"async\" loading=\"lazy\" class=\"aligncenter size-large wp-image-47097\" src=\"https:\/\/bestmaresme.com\/blog\/wp-content\/uploads\/2024\/05\/IMG_1699-copia-1024x682.jpg\" alt=\"\" width=\"790\" height=\"526\" srcset=\"https:\/\/bestmaresme.com\/blog\/wp-content\/uploads\/2024\/05\/IMG_1699-copia-1024x682.jpg 1024w, https:\/\/bestmaresme.com\/blog\/wp-content\/uploads\/2024\/05\/IMG_1699-copia-300x200.jpg 300w, https:\/\/bestmaresme.com\/blog\/wp-content\/uploads\/2024\/05\/IMG_1699-copia-768x512.jpg 768w, https:\/\/bestmaresme.com\/blog\/wp-content\/uploads\/2024\/05\/IMG_1699-copia.jpg 1400w\" sizes=\"(max-width: 790px) 100vw, 790px\" \/><\/p>\n<p><img decoding=\"async\" loading=\"lazy\" class=\"aligncenter size-large wp-image-47096\" src=\"https:\/\/bestmaresme.com\/blog\/wp-content\/uploads\/2024\/05\/IMG_1706-copia-1024x682.jpg\" alt=\"\" width=\"790\" height=\"526\" srcset=\"https:\/\/bestmaresme.com\/blog\/wp-content\/uploads\/2024\/05\/IMG_1706-copia-1024x682.jpg 1024w, https:\/\/bestmaresme.com\/blog\/wp-content\/uploads\/2024\/05\/IMG_1706-copia-300x200.jpg 300w, https:\/\/bestmaresme.com\/blog\/wp-content\/uploads\/2024\/05\/IMG_1706-copia-768x512.jpg 768w, https:\/\/bestmaresme.com\/blog\/wp-content\/uploads\/2024\/05\/IMG_1706-copia.jpg 1400w\" sizes=\"(max-width: 790px) 100vw, 790px\" \/><\/p>\n<p><img decoding=\"async\" loading=\"lazy\" class=\"aligncenter size-large wp-image-47098\" src=\"https:\/\/bestmaresme.com\/blog\/wp-content\/uploads\/2024\/05\/IMG_1690-copia-1024x682.jpg\" alt=\"\" width=\"790\" height=\"526\" srcset=\"https:\/\/bestmaresme.com\/blog\/wp-content\/uploads\/2024\/05\/IMG_1690-copia-1024x682.jpg 1024w, https:\/\/bestmaresme.com\/blog\/wp-content\/uploads\/2024\/05\/IMG_1690-copia-300x200.jpg 300w, https:\/\/bestmaresme.com\/blog\/wp-content\/uploads\/2024\/05\/IMG_1690-copia-768x512.jpg 768w, https:\/\/bestmaresme.com\/blog\/wp-content\/uploads\/2024\/05\/IMG_1690-copia.jpg 1400w\" sizes=\"(max-width: 790px) 100vw, 790px\" \/><\/p>\n<p><b>En la tercera planta<\/b>, nos aguarda otra sorpresa: una suite con ba\u00f1era y una habitaci\u00f3n individual, ambas inundadas de luz natural. Desde la suite principal, se accede a una gran terraza sol\u00e1rium, desde donde se pueden contemplar vistas panor\u00e1micas incomparables.<\/p>\n<p><img decoding=\"async\" loading=\"lazy\" class=\"aligncenter size-large wp-image-47099\" src=\"https:\/\/bestmaresme.com\/blog\/wp-content\/uploads\/2024\/05\/IMG_1710-copia-1024x682.jpg\" alt=\"\" width=\"790\" height=\"526\" srcset=\"https:\/\/bestmaresme.com\/blog\/wp-content\/uploads\/2024\/05\/IMG_1710-copia-1024x682.jpg 1024w, https:\/\/bestmaresme.com\/blog\/wp-content\/uploads\/2024\/05\/IMG_1710-copia-300x200.jpg 300w, https:\/\/bestmaresme.com\/blog\/wp-content\/uploads\/2024\/05\/IMG_1710-copia-768x512.jpg 768w, https:\/\/bestmaresme.com\/blog\/wp-content\/uploads\/2024\/05\/IMG_1710-copia.jpg 1400w\" sizes=\"(max-width: 790px) 100vw, 790px\" \/><\/p>\n<p><img decoding=\"async\" loading=\"lazy\" class=\"aligncenter size-large wp-image-47100\" src=\"https:\/\/bestmaresme.com\/blog\/wp-content\/uploads\/2024\/05\/IMG_1714-copia-1024x682.jpg\" alt=\"\" width=\"790\" height=\"526\" srcset=\"https:\/\/bestmaresme.com\/blog\/wp-content\/uploads\/2024\/05\/IMG_1714-copia-1024x682.jpg 1024w, https:\/\/bestmaresme.com\/blog\/wp-content\/uploads\/2024\/05\/IMG_1714-copia-300x200.jpg 300w, https:\/\/bestmaresme.com\/blog\/wp-content\/uploads\/2024\/05\/IMG_1714-copia-768x512.jpg 768w, https:\/\/bestmaresme.com\/blog\/wp-content\/uploads\/2024\/05\/IMG_1714-copia.jpg 1400w\" sizes=\"(max-width: 790px) 100vw, 790px\" \/><\/p>\n<p><b>A nivel de calle<\/b>, se encuentra un\u00a0<b>espacioso garaje<\/b>\u00a0con capacidad para hasta 4 veh\u00edculos de forma c\u00f3moda, as\u00ed como una zona de lavander\u00eda, un aseo, una despensa, una sala de m\u00e1quinas y una gran sala polivalente, ideal para utilizar como gimnasio, cine\u2026<\/p>\n<p><img decoding=\"async\" loading=\"lazy\" class=\"aligncenter size-large wp-image-47103\" src=\"https:\/\/bestmaresme.com\/blog\/wp-content\/uploads\/2024\/05\/IMG_1732-copia-1024x682.jpg\" alt=\"\" width=\"790\" height=\"526\" srcset=\"https:\/\/bestmaresme.com\/blog\/wp-content\/uploads\/2024\/05\/IMG_1732-copia-1024x682.jpg 1024w, https:\/\/bestmaresme.com\/blog\/wp-content\/uploads\/2024\/05\/IMG_1732-copia-300x200.jpg 300w, https:\/\/bestmaresme.com\/blog\/wp-content\/uploads\/2024\/05\/IMG_1732-copia-768x512.jpg 768w, https:\/\/bestmaresme.com\/blog\/wp-content\/uploads\/2024\/05\/IMG_1732-copia.jpg 1400w\" sizes=\"(max-width: 790px) 100vw, 790px\" \/><\/p>\n<p><img decoding=\"async\" loading=\"lazy\" class=\"aligncenter size-large wp-image-47101\" src=\"https:\/\/bestmaresme.com\/blog\/wp-content\/uploads\/2024\/05\/IMG_1727-copia-1024x682.jpg\" alt=\"\" width=\"790\" height=\"526\" srcset=\"https:\/\/bestmaresme.com\/blog\/wp-content\/uploads\/2024\/05\/IMG_1727-copia-1024x682.jpg 1024w, https:\/\/bestmaresme.com\/blog\/wp-content\/uploads\/2024\/05\/IMG_1727-copia-300x200.jpg 300w, https:\/\/bestmaresme.com\/blog\/wp-content\/uploads\/2024\/05\/IMG_1727-copia-768x512.jpg 768w, https:\/\/bestmaresme.com\/blog\/wp-content\/uploads\/2024\/05\/IMG_1727-copia.jpg 1400w\" sizes=\"(max-width: 790px) 100vw, 790px\" \/><\/p>\n<p><img decoding=\"async\" loading=\"lazy\" class=\"aligncenter size-large wp-image-47102\" src=\"https:\/\/bestmaresme.com\/blog\/wp-content\/uploads\/2024\/05\/IMG_1722-copia-1024x682.jpg\" alt=\"\" width=\"790\" height=\"526\" srcset=\"https:\/\/bestmaresme.com\/blog\/wp-content\/uploads\/2024\/05\/IMG_1722-copia-1024x682.jpg 1024w, https:\/\/bestmaresme.com\/blog\/wp-content\/uploads\/2024\/05\/IMG_1722-copia-300x200.jpg 300w, https:\/\/bestmaresme.com\/blog\/wp-content\/uploads\/2024\/05\/IMG_1722-copia-768x512.jpg 768w, https:\/\/bestmaresme.com\/blog\/wp-content\/uploads\/2024\/05\/IMG_1722-copia.jpg 1400w\" sizes=\"(max-width: 790px) 100vw, 790px\" \/><\/p>\n<p>Esta vivienda, dise\u00f1ada para el confort y la funcionalidad, cuenta con\u00a0<b>acabados de alta calidad<\/b>, como calefacci\u00f3n por suelo radiante, ventanas de aluminio Technal, persianas motorizadas, sistema de alarma integrada y perimetral, descalcificador de agua y un ascensor adaptado para silla de ruedas que conecta con todas las plantas, garantizando accesibilidad para todos.<\/p>\n<p><b><strong><a href=\"https:\/\/api.whatsapp.com\/send?l=es-ES&amp;phone=34608010051\" rel=\"attachment wp-att-17273\"><img decoding=\"async\" loading=\"lazy\" class=\"desp-petit aligncenter wp-image-17273\" src=\"https:\/\/bestmaresme.com\/blog\/wp-content\/uploads\/2023\/04\/casas-en-el-maresme-mobil.png\" alt=\"\" width=\"394\" height=\"246\" \/><\/a><a href=\"https:\/\/api.whatsapp.com\/send?l=es-ES&amp;phone=34608010051\" rel=\"attachment wp-att-17274\"><img decoding=\"async\" loading=\"lazy\" class=\"desp-gran aligncenter wp-image-17274 size-full\" src=\"https:\/\/bestmaresme.com\/blog\/wp-content\/uploads\/2023\/04\/casas-en-el-maresme.png\" alt=\"\" width=\"700\" height=\"175\" \/><\/a><\/strong><\/b><\/p>","protected":false},"excerpt":{"rendered":"<p>Ascensor, vistas al mar &amp; a 2 pasos del centro &nbsp; +info C-1352 890.000 \u20ac &nbsp; &nbsp; En la encantadora localidad de\u00a0Tiana, emerge majestuosa esta&hellip; <\/p>\n","protected":false},"author":1,"featured_media":47196,"comment_status":"closed","ping_status":"closed","sticky":false,"template":"","format":"standard","meta":{"footnotes":""},"categories":[239,120,172,80],"tags":[124,19,81],"_links":{"self":[{"href":"https:\/\/bestmaresme.com\/blog\/wp-json\/wp\/v2\/posts\/47083"}],"collection":[{"href":"https:\/\/bestmaresme.com\/blog\/wp-json\/wp\/v2\/posts"}],"about":[{"href":"https:\/\/bestmaresme.com\/blog\/wp-json\/wp\/v2\/types\/post"}],"author":[{"embeddable":true,"href":"https:\/\/bestmaresme.com\/blog\/wp-json\/wp\/v2\/users\/1"}],"replies":[{"embeddable":true,"href":"https:\/\/bestmaresme.com\/blog\/wp-json\/wp\/v2\/comments?post=47083"}],"version-history":[{"count":12,"href":"https:\/\/bestmaresme.com\/blog\/wp-json\/wp\/v2\/posts\/47083\/revisions"}],"predecessor-version":[{"id":47197,"href":"https:\/\/bestmaresme.com\/blog\/wp-json\/wp\/v2\/posts\/47083\/revisions\/47197"}],"wp:featuredmedia":[{"embeddable":true,"href":"https:\/\/bestmaresme.com\/blog\/wp-json\/wp\/v2\/media\/47196"}],"wp:attachment":[{"href":"https:\/\/bestmaresme.com\/blog\/wp-json\/wp\/v2\/media?parent=47083"}],"wp:term":[{"taxonomy":"category","embeddable":true,"href":"https:\/\/bestmaresme.com\/blog\/wp-json\/wp\/v2\/categories?post=47083"},{"taxonomy":"post_tag","embeddable":true,"href":"https:\/\/bestmaresme.com\/blog\/wp-json\/wp\/v2\/tags?post=47083"}],"curies":[{"name":"wp","href":"https:\/\/api.w.org\/{rel}","templated":true}]}}