{"id":47693,"date":"2024-09-13T11:15:27","date_gmt":"2024-09-13T11:15:27","guid":{"rendered":"https:\/\/bestmaresme.com\/blog\/?p=47693"},"modified":"2024-09-16T13:37:43","modified_gmt":"2024-09-16T13:37:43","slug":"casa-de-diseno-vanguardista-en-venta-sant-vicenc-de-montalt","status":"publish","type":"post","link":"https:\/\/bestmaresme.com\/blog\/casa-de-diseno-vanguardista-en-venta-sant-vicenc-de-montalt\/","title":{"rendered":"Casa de dise\u00f1o vanguardista en venta, Sant Vicen\u00e7 de Montalt"},"content":{"rendered":"<p><\/p>\n<h5>En un entorno id\u00edlico &amp; Vistas al mar<\/h5>\n<p>&nbsp;<\/p>\n<h3><span style=\"color: #000000;\"><a href=\"https:\/\/bestmaresme.com\/St_Vicenc_Montalt\/1771-casas-St_Vicenc_Montalt-1383\/\">+info<\/a><\/span><\/h3>\n<h3>C-1383<\/h3>\n<h3><span style=\"color: #000000;\">1.350.000 \u20ac<\/span><\/h3>\n<p>&nbsp;<\/p>\n<p>&nbsp;<\/p>\n<p>Esta exclusiva\u00a0<a href=\"https:\/\/bestmaresme.com\/\" target=\"_blank\" rel=\"noopener\"><b>propiedad de dise\u00f1o vanguardista en venta<\/b><\/a>, de\u00a0<b>514 m2<\/b>\u00a0construidos sobre una bonita parcela de\u00a0<b>824 m2<\/b>, est\u00e1 ubicada en una de las poblaciones m\u00e1s bonitas del Maresme,\u00a0<a href=\"https:\/\/bestmaresme.com\/St_Vicenc_Montalt\/\" target=\"_blank\" rel=\"noopener\"><b>Sant Vicen\u00e7 de Montalt<\/b><\/a>, a tan solo 40 minutos del centro de Barcelona.<\/p>\n<p><img decoding=\"async\" loading=\"lazy\" class=\"aligncenter size-large wp-image-47702\" src=\"https:\/\/bestmaresme.com\/blog\/wp-content\/uploads\/2024\/09\/sin-titulo-7-1024x682.jpg\" alt=\"\" width=\"790\" height=\"526\" srcset=\"https:\/\/bestmaresme.com\/blog\/wp-content\/uploads\/2024\/09\/sin-titulo-7-1024x682.jpg 1024w, https:\/\/bestmaresme.com\/blog\/wp-content\/uploads\/2024\/09\/sin-titulo-7-300x200.jpg 300w, https:\/\/bestmaresme.com\/blog\/wp-content\/uploads\/2024\/09\/sin-titulo-7-768x512.jpg 768w, https:\/\/bestmaresme.com\/blog\/wp-content\/uploads\/2024\/09\/sin-titulo-7.jpg 1400w\" sizes=\"(max-width: 790px) 100vw, 790px\" \/><\/p>\n<p><img decoding=\"async\" loading=\"lazy\" class=\"aligncenter size-large wp-image-47701\" src=\"https:\/\/bestmaresme.com\/blog\/wp-content\/uploads\/2024\/09\/sin-titulo-1-1024x682.jpg\" alt=\"\" width=\"790\" height=\"526\" srcset=\"https:\/\/bestmaresme.com\/blog\/wp-content\/uploads\/2024\/09\/sin-titulo-1-1024x682.jpg 1024w, https:\/\/bestmaresme.com\/blog\/wp-content\/uploads\/2024\/09\/sin-titulo-1-300x200.jpg 300w, https:\/\/bestmaresme.com\/blog\/wp-content\/uploads\/2024\/09\/sin-titulo-1-768x512.jpg 768w, https:\/\/bestmaresme.com\/blog\/wp-content\/uploads\/2024\/09\/sin-titulo-1.jpg 1400w\" sizes=\"(max-width: 790px) 100vw, 790px\" \/><\/p>\n<p>De distribuci\u00f3n pr\u00e1ctica y funcional, la vivienda est\u00e1 construida con materiales de alta calidad y con los mejores equipamientos. Alberga espacios di\u00e1fanos abiertos al exterior donde la luz natural, las l\u00edneas minimalistas, los grandes ventanales y las impresionantes vistas son los protagonistas. Su forma c\u00fabica con amplias \u00e1reas exteriores, piscina y zona verde son id\u00f3neos para disfrutar de agradables jornadas al aire libre.<\/p>\n<p><b><strong><a href=\"https:\/\/api.whatsapp.com\/send?l=es-ES&amp;phone=34608010051\" rel=\"attachment wp-att-17273\"><img decoding=\"async\" loading=\"lazy\" class=\"desp-petit aligncenter wp-image-17273\" src=\"https:\/\/bestmaresme.com\/blog\/wp-content\/uploads\/2023\/04\/casas-en-el-maresme-mobil.png\" alt=\"\" width=\"394\" height=\"246\" \/><\/a><a href=\"https:\/\/api.whatsapp.com\/send?l=es-ES&amp;phone=34608010051\" rel=\"attachment wp-att-17274\"><img decoding=\"async\" loading=\"lazy\" class=\"desp-gran aligncenter wp-image-17274 size-full\" src=\"https:\/\/bestmaresme.com\/blog\/wp-content\/uploads\/2023\/04\/casas-en-el-maresme.png\" alt=\"\" width=\"700\" height=\"175\" \/><\/a><\/strong><\/b><\/p>\n<p>En la\u00a0<b>planta baja<\/b>\u00a0encontramos un amplio recibidor, un acogedor sal\u00f3n comedor con una estufa de pellets y salida directa a la fant\u00e1stica terraza con zona de descanso, la cocina completamente equipada con lavadero independiente, un aseo de cortes\u00eda y un estudio de 21 m2 insonorizado.<\/p>\n<p><img decoding=\"async\" loading=\"lazy\" class=\"aligncenter size-large wp-image-47703\" src=\"https:\/\/bestmaresme.com\/blog\/wp-content\/uploads\/2024\/09\/sin-titulo-31-1024x682.jpg\" alt=\"\" width=\"790\" height=\"526\" srcset=\"https:\/\/bestmaresme.com\/blog\/wp-content\/uploads\/2024\/09\/sin-titulo-31-1024x682.jpg 1024w, https:\/\/bestmaresme.com\/blog\/wp-content\/uploads\/2024\/09\/sin-titulo-31-300x200.jpg 300w, https:\/\/bestmaresme.com\/blog\/wp-content\/uploads\/2024\/09\/sin-titulo-31-768x512.jpg 768w, https:\/\/bestmaresme.com\/blog\/wp-content\/uploads\/2024\/09\/sin-titulo-31.jpg 1400w\" sizes=\"(max-width: 790px) 100vw, 790px\" \/><\/p>\n<p><img decoding=\"async\" loading=\"lazy\" class=\"aligncenter size-large wp-image-47704\" src=\"https:\/\/bestmaresme.com\/blog\/wp-content\/uploads\/2024\/09\/sin-titulo-23-1024x682.jpg\" alt=\"\" width=\"790\" height=\"526\" srcset=\"https:\/\/bestmaresme.com\/blog\/wp-content\/uploads\/2024\/09\/sin-titulo-23-1024x682.jpg 1024w, https:\/\/bestmaresme.com\/blog\/wp-content\/uploads\/2024\/09\/sin-titulo-23-300x200.jpg 300w, https:\/\/bestmaresme.com\/blog\/wp-content\/uploads\/2024\/09\/sin-titulo-23-768x512.jpg 768w, https:\/\/bestmaresme.com\/blog\/wp-content\/uploads\/2024\/09\/sin-titulo-23.jpg 1400w\" sizes=\"(max-width: 790px) 100vw, 790px\" \/><\/p>\n<p><img decoding=\"async\" loading=\"lazy\" class=\"aligncenter size-large wp-image-47705\" src=\"https:\/\/bestmaresme.com\/blog\/wp-content\/uploads\/2024\/09\/sin-titulo-33-1024x682.jpg\" alt=\"\" width=\"790\" height=\"526\" srcset=\"https:\/\/bestmaresme.com\/blog\/wp-content\/uploads\/2024\/09\/sin-titulo-33-1024x682.jpg 1024w, https:\/\/bestmaresme.com\/blog\/wp-content\/uploads\/2024\/09\/sin-titulo-33-300x200.jpg 300w, https:\/\/bestmaresme.com\/blog\/wp-content\/uploads\/2024\/09\/sin-titulo-33-768x512.jpg 768w, https:\/\/bestmaresme.com\/blog\/wp-content\/uploads\/2024\/09\/sin-titulo-33.jpg 1400w\" sizes=\"(max-width: 790px) 100vw, 790px\" \/><\/p>\n<p>En\u00a0<b>planta piso<\/b>: Fant\u00e1stica suite principal con vestidor y ba\u00f1o completo con ba\u00f1era y ducha, dos amplias habitaciones m\u00e1s en suite y un despacho. Todas las habitaciones tienen preciosas vistas al mar.<\/p>\n<p><img decoding=\"async\" loading=\"lazy\" class=\"aligncenter size-large wp-image-47706\" src=\"https:\/\/bestmaresme.com\/blog\/wp-content\/uploads\/2024\/09\/sin-titulo-20-1024x682.jpg\" alt=\"\" width=\"790\" height=\"526\" srcset=\"https:\/\/bestmaresme.com\/blog\/wp-content\/uploads\/2024\/09\/sin-titulo-20-1024x682.jpg 1024w, https:\/\/bestmaresme.com\/blog\/wp-content\/uploads\/2024\/09\/sin-titulo-20-300x200.jpg 300w, https:\/\/bestmaresme.com\/blog\/wp-content\/uploads\/2024\/09\/sin-titulo-20-768x512.jpg 768w, https:\/\/bestmaresme.com\/blog\/wp-content\/uploads\/2024\/09\/sin-titulo-20.jpg 1400w\" sizes=\"(max-width: 790px) 100vw, 790px\" \/><\/p>\n<p><img decoding=\"async\" loading=\"lazy\" class=\"aligncenter size-large wp-image-47707\" src=\"https:\/\/bestmaresme.com\/blog\/wp-content\/uploads\/2024\/09\/sin-titulo-43-1024x682.jpg\" alt=\"\" width=\"790\" height=\"526\" srcset=\"https:\/\/bestmaresme.com\/blog\/wp-content\/uploads\/2024\/09\/sin-titulo-43-1024x682.jpg 1024w, https:\/\/bestmaresme.com\/blog\/wp-content\/uploads\/2024\/09\/sin-titulo-43-300x200.jpg 300w, https:\/\/bestmaresme.com\/blog\/wp-content\/uploads\/2024\/09\/sin-titulo-43-768x512.jpg 768w, https:\/\/bestmaresme.com\/blog\/wp-content\/uploads\/2024\/09\/sin-titulo-43.jpg 1400w\" sizes=\"(max-width: 790px) 100vw, 790px\" \/><\/p>\n<p><img decoding=\"async\" loading=\"lazy\" class=\"aligncenter size-large wp-image-47709\" src=\"https:\/\/bestmaresme.com\/blog\/wp-content\/uploads\/2024\/09\/sin-titulo-53-1024x682.jpg\" alt=\"\" width=\"790\" height=\"526\" srcset=\"https:\/\/bestmaresme.com\/blog\/wp-content\/uploads\/2024\/09\/sin-titulo-53-1024x682.jpg 1024w, https:\/\/bestmaresme.com\/blog\/wp-content\/uploads\/2024\/09\/sin-titulo-53-300x200.jpg 300w, https:\/\/bestmaresme.com\/blog\/wp-content\/uploads\/2024\/09\/sin-titulo-53-768x512.jpg 768w, https:\/\/bestmaresme.com\/blog\/wp-content\/uploads\/2024\/09\/sin-titulo-53.jpg 1400w\" sizes=\"(max-width: 790px) 100vw, 790px\" \/><\/p>\n<p><img decoding=\"async\" loading=\"lazy\" class=\"aligncenter size-large wp-image-47708\" src=\"https:\/\/bestmaresme.com\/blog\/wp-content\/uploads\/2024\/09\/sin-titulo-45-1024x682.jpg\" alt=\"\" width=\"790\" height=\"526\" srcset=\"https:\/\/bestmaresme.com\/blog\/wp-content\/uploads\/2024\/09\/sin-titulo-45-1024x682.jpg 1024w, https:\/\/bestmaresme.com\/blog\/wp-content\/uploads\/2024\/09\/sin-titulo-45-300x200.jpg 300w, https:\/\/bestmaresme.com\/blog\/wp-content\/uploads\/2024\/09\/sin-titulo-45-768x512.jpg 768w, https:\/\/bestmaresme.com\/blog\/wp-content\/uploads\/2024\/09\/sin-titulo-45.jpg 1400w\" sizes=\"(max-width: 790px) 100vw, 790px\" \/><\/p>\n<p>En\u00a0<b>planta inferior<\/b>\u00a0y gozando de luz natural encontramos una sala polivalente con otra estufa de pellets, un ba\u00f1o completo, garaje para 4 coches y sala de m\u00e1quinas.<\/p>\n<p><img decoding=\"async\" loading=\"lazy\" class=\"aligncenter size-large wp-image-47710\" src=\"https:\/\/bestmaresme.com\/blog\/wp-content\/uploads\/2024\/09\/sin-titulo-54-1024x682.jpg\" alt=\"\" width=\"790\" height=\"526\" srcset=\"https:\/\/bestmaresme.com\/blog\/wp-content\/uploads\/2024\/09\/sin-titulo-54-1024x682.jpg 1024w, https:\/\/bestmaresme.com\/blog\/wp-content\/uploads\/2024\/09\/sin-titulo-54-300x200.jpg 300w, https:\/\/bestmaresme.com\/blog\/wp-content\/uploads\/2024\/09\/sin-titulo-54-768x512.jpg 768w, https:\/\/bestmaresme.com\/blog\/wp-content\/uploads\/2024\/09\/sin-titulo-54.jpg 1400w\" sizes=\"(max-width: 790px) 100vw, 790px\" \/><\/p>\n<p><img decoding=\"async\" loading=\"lazy\" class=\"aligncenter size-large wp-image-47711\" src=\"https:\/\/bestmaresme.com\/blog\/wp-content\/uploads\/2024\/09\/sin-titulo-55-1024x682.jpg\" alt=\"\" width=\"790\" height=\"526\" srcset=\"https:\/\/bestmaresme.com\/blog\/wp-content\/uploads\/2024\/09\/sin-titulo-55-1024x682.jpg 1024w, https:\/\/bestmaresme.com\/blog\/wp-content\/uploads\/2024\/09\/sin-titulo-55-300x200.jpg 300w, https:\/\/bestmaresme.com\/blog\/wp-content\/uploads\/2024\/09\/sin-titulo-55-768x512.jpg 768w, https:\/\/bestmaresme.com\/blog\/wp-content\/uploads\/2024\/09\/sin-titulo-55.jpg 1400w\" sizes=\"(max-width: 790px) 100vw, 790px\" \/><\/p>\n<p>La profundidad de espacios y el uso de la luz natural son las claves del dise\u00f1o de esta singular propiedad que conjuga de manera magistral una est\u00e9tica de absoluta funcionalidad, 15 paneles fotovoltaicos, acumulador de agua caliente sanitaria por aerotermia, descalcificador, sistema de climatizaci\u00f3n por conductos, iluminaci\u00f3n LED, 2 estufas de pellets, cerramiento exterior de aluminio con rotura de puente t\u00e9rmico y vidrio doble c\u00e1mara, persianas de seguridad, alarma, toldos autom\u00e1ticos en la terraza con sensor de viento, riego autom\u00e1tico y c\u00e9sped artificial.<\/p>\n<p><b><strong><a href=\"https:\/\/api.whatsapp.com\/send?l=es-ES&amp;phone=34608010051\" rel=\"attachment wp-att-17273\"><img decoding=\"async\" loading=\"lazy\" class=\"desp-petit aligncenter wp-image-17273\" src=\"https:\/\/bestmaresme.com\/blog\/wp-content\/uploads\/2023\/04\/casas-en-el-maresme-mobil.png\" alt=\"\" width=\"394\" height=\"246\" \/><\/a><a href=\"https:\/\/api.whatsapp.com\/send?l=es-ES&amp;phone=34608010051\" rel=\"attachment wp-att-17274\"><img decoding=\"async\" loading=\"lazy\" class=\"desp-gran aligncenter wp-image-17274 size-full\" src=\"https:\/\/bestmaresme.com\/blog\/wp-content\/uploads\/2023\/04\/casas-en-el-maresme.png\" alt=\"\" width=\"700\" height=\"175\" \/><\/a><\/strong><\/b><\/p>","protected":false},"excerpt":{"rendered":"<p>En un entorno id\u00edlico &amp; Vistas al mar &nbsp; +info C-1383 1.350.000 \u20ac &nbsp; &nbsp; Esta exclusiva\u00a0propiedad de dise\u00f1o vanguardista en venta, de\u00a0514 m2\u00a0construidos sobre&hellip; <\/p>\n","protected":false},"author":1,"featured_media":47694,"comment_status":"closed","ping_status":"closed","sticky":false,"template":"","format":"standard","meta":{"footnotes":""},"categories":[255,172,29],"tags":[6,19,32],"_links":{"self":[{"href":"https:\/\/bestmaresme.com\/blog\/wp-json\/wp\/v2\/posts\/47693"}],"collection":[{"href":"https:\/\/bestmaresme.com\/blog\/wp-json\/wp\/v2\/posts"}],"about":[{"href":"https:\/\/bestmaresme.com\/blog\/wp-json\/wp\/v2\/types\/post"}],"author":[{"embeddable":true,"href":"https:\/\/bestmaresme.com\/blog\/wp-json\/wp\/v2\/users\/1"}],"replies":[{"embeddable":true,"href":"https:\/\/bestmaresme.com\/blog\/wp-json\/wp\/v2\/comments?post=47693"}],"version-history":[{"count":15,"href":"https:\/\/bestmaresme.com\/blog\/wp-json\/wp\/v2\/posts\/47693\/revisions"}],"predecessor-version":[{"id":47721,"href":"https:\/\/bestmaresme.com\/blog\/wp-json\/wp\/v2\/posts\/47693\/revisions\/47721"}],"wp:featuredmedia":[{"embeddable":true,"href":"https:\/\/bestmaresme.com\/blog\/wp-json\/wp\/v2\/media\/47694"}],"wp:attachment":[{"href":"https:\/\/bestmaresme.com\/blog\/wp-json\/wp\/v2\/media?parent=47693"}],"wp:term":[{"taxonomy":"category","embeddable":true,"href":"https:\/\/bestmaresme.com\/blog\/wp-json\/wp\/v2\/categories?post=47693"},{"taxonomy":"post_tag","embeddable":true,"href":"https:\/\/bestmaresme.com\/blog\/wp-json\/wp\/v2\/tags?post=47693"}],"curies":[{"name":"wp","href":"https:\/\/api.w.org\/{rel}","templated":true}]}}