{"id":48009,"date":"2024-11-20T10:52:07","date_gmt":"2024-11-20T10:52:07","guid":{"rendered":"https:\/\/bestmaresme.com\/blog\/?p=48009"},"modified":"2024-11-20T10:52:07","modified_gmt":"2024-11-20T10:52:07","slug":"exclusivo-chalet-en-venta-en-premia-de-dalt","status":"publish","type":"post","link":"https:\/\/bestmaresme.com\/blog\/exclusivo-chalet-en-venta-en-premia-de-dalt\/","title":{"rendered":"Exclusivo chalet en venta en Premi\u00e0 de Dalt"},"content":{"rendered":"<p><\/p>\n<h5>Completamente amueblada y equipada<\/h5>\n<p>&nbsp;<\/p>\n<h3><a href=\"https:\/\/bestmaresme.com\/Premia_de_Dalt\/1322-casas-Premia_de_Dalt-1009\/\"><span style=\"color: #000000;\">+info<\/span><\/a><\/h3>\n<h3>C-1009<\/h3>\n<h3><span style=\"color: #000000;\">986.000 \u20ac<\/span><\/h3>\n<p>&nbsp;<\/p>\n<p>&nbsp;<\/p>\n<p>Fant\u00e1stica\u00a0<b><a href=\"https:\/\/bestmaresme.com\/\" target=\"_blank\" rel=\"noopener\">casa en venta<\/a><\/b>\u00a0completamente amueblada y equipada de estilo moderno a 4 vientos en la urbanizaci\u00f3n m\u00e1s exclusiva de\u00a0<b><a href=\"https:\/\/bestmaresme.com\/Premia_de_Dalt\/\" target=\"_blank\" rel=\"noopener\">Premi\u00e0 de Dalt<\/a><\/b>. En una parcela de 500 m2 y con una superficie construida de 436 m2.<\/p>\n<p><img decoding=\"async\" loading=\"lazy\" class=\"aligncenter size-large wp-image-48018\" src=\"https:\/\/bestmaresme.com\/blog\/wp-content\/uploads\/2024\/11\/IMG_4443-1024x682.jpg\" alt=\"\" width=\"790\" height=\"526\" srcset=\"https:\/\/bestmaresme.com\/blog\/wp-content\/uploads\/2024\/11\/IMG_4443-1024x682.jpg 1024w, https:\/\/bestmaresme.com\/blog\/wp-content\/uploads\/2024\/11\/IMG_4443-300x200.jpg 300w, https:\/\/bestmaresme.com\/blog\/wp-content\/uploads\/2024\/11\/IMG_4443-768x512.jpg 768w, https:\/\/bestmaresme.com\/blog\/wp-content\/uploads\/2024\/11\/IMG_4443.jpg 1400w\" sizes=\"(max-width: 790px) 100vw, 790px\" \/><\/p>\n<p>Entrando en la\u00a0<b>planta principal<\/b>\u00a0de la casa encontramos un recibidor con armarios empotrados, un luminoso sal\u00f3n-comedor con vistas a la piscina a trav\u00e9s de sus amplios ventanales. La cocina con salida a un precioso porche cubierto est\u00e1 abierta al sal\u00f3n y est\u00e1 equipada con electrodom\u00e9sticos de gama alta. Acabamos en esta planta con dos dormitorios muy amplios, uno en suite con vestidor y otro que tiene su ba\u00f1o al lado.<\/p>\n<p><img decoding=\"async\" loading=\"lazy\" class=\"aligncenter size-large wp-image-48019\" src=\"https:\/\/bestmaresme.com\/blog\/wp-content\/uploads\/2024\/11\/IMG_4459-1024x682.jpg\" alt=\"\" width=\"790\" height=\"526\" srcset=\"https:\/\/bestmaresme.com\/blog\/wp-content\/uploads\/2024\/11\/IMG_4459-1024x682.jpg 1024w, https:\/\/bestmaresme.com\/blog\/wp-content\/uploads\/2024\/11\/IMG_4459-300x200.jpg 300w, https:\/\/bestmaresme.com\/blog\/wp-content\/uploads\/2024\/11\/IMG_4459-768x512.jpg 768w, https:\/\/bestmaresme.com\/blog\/wp-content\/uploads\/2024\/11\/IMG_4459.jpg 1400w\" sizes=\"(max-width: 790px) 100vw, 790px\" \/><img decoding=\"async\" loading=\"lazy\" class=\"aligncenter size-large wp-image-48020\" src=\"https:\/\/bestmaresme.com\/blog\/wp-content\/uploads\/2024\/11\/IMG_4458-1024x682.jpg\" alt=\"\" width=\"790\" height=\"526\" srcset=\"https:\/\/bestmaresme.com\/blog\/wp-content\/uploads\/2024\/11\/IMG_4458-1024x682.jpg 1024w, https:\/\/bestmaresme.com\/blog\/wp-content\/uploads\/2024\/11\/IMG_4458-300x200.jpg 300w, https:\/\/bestmaresme.com\/blog\/wp-content\/uploads\/2024\/11\/IMG_4458-768x512.jpg 768w, https:\/\/bestmaresme.com\/blog\/wp-content\/uploads\/2024\/11\/IMG_4458.jpg 1400w\" sizes=\"(max-width: 790px) 100vw, 790px\" \/><\/p>\n<p><img decoding=\"async\" loading=\"lazy\" class=\"aligncenter size-large wp-image-48021\" src=\"https:\/\/bestmaresme.com\/blog\/wp-content\/uploads\/2024\/11\/IMG_4455-1024x682.jpg\" alt=\"\" width=\"790\" height=\"526\" srcset=\"https:\/\/bestmaresme.com\/blog\/wp-content\/uploads\/2024\/11\/IMG_4455-1024x682.jpg 1024w, https:\/\/bestmaresme.com\/blog\/wp-content\/uploads\/2024\/11\/IMG_4455-300x200.jpg 300w, https:\/\/bestmaresme.com\/blog\/wp-content\/uploads\/2024\/11\/IMG_4455-768x512.jpg 768w, https:\/\/bestmaresme.com\/blog\/wp-content\/uploads\/2024\/11\/IMG_4455.jpg 1400w\" sizes=\"(max-width: 790px) 100vw, 790px\" \/><\/p>\n<p><img decoding=\"async\" loading=\"lazy\" class=\"aligncenter size-large wp-image-48022\" src=\"https:\/\/bestmaresme.com\/blog\/wp-content\/uploads\/2024\/11\/IMG_4451-1024x682.jpg\" alt=\"\" width=\"790\" height=\"526\" srcset=\"https:\/\/bestmaresme.com\/blog\/wp-content\/uploads\/2024\/11\/IMG_4451-1024x682.jpg 1024w, https:\/\/bestmaresme.com\/blog\/wp-content\/uploads\/2024\/11\/IMG_4451-300x200.jpg 300w, https:\/\/bestmaresme.com\/blog\/wp-content\/uploads\/2024\/11\/IMG_4451-768x512.jpg 768w, https:\/\/bestmaresme.com\/blog\/wp-content\/uploads\/2024\/11\/IMG_4451.jpg 1400w\" sizes=\"(max-width: 790px) 100vw, 790px\" \/><\/p>\n<p><b><strong><a href=\"https:\/\/api.whatsapp.com\/send?l=es-ES&amp;phone=34608010051\" rel=\"attachment wp-att-17273\"><img decoding=\"async\" loading=\"lazy\" class=\"desp-petit aligncenter wp-image-17273\" src=\"https:\/\/bestmaresme.com\/blog\/wp-content\/uploads\/2023\/04\/casas-en-el-maresme-mobil.png\" alt=\"\" width=\"394\" height=\"246\" \/><\/a><a href=\"https:\/\/api.whatsapp.com\/send?l=es-ES&amp;phone=34608010051\" rel=\"attachment wp-att-17274\"><img decoding=\"async\" loading=\"lazy\" class=\"desp-gran aligncenter wp-image-17274 size-full\" src=\"https:\/\/bestmaresme.com\/blog\/wp-content\/uploads\/2023\/04\/casas-en-el-maresme.png\" alt=\"\" width=\"700\" height=\"175\" \/><\/a><\/strong><\/b><\/p>\n<p>La\u00a0<b>primera planta<\/b>\u00a0consta de dos habitaciones y dos ba\u00f1os, uno de ellos en suite con vestidor y amplio sal\u00f3n-despacho privado con fant\u00e1stica terraza-sol\u00e1rium.<\/p>\n<p><img decoding=\"async\" loading=\"lazy\" class=\"aligncenter size-large wp-image-48023\" src=\"https:\/\/bestmaresme.com\/blog\/wp-content\/uploads\/2024\/11\/IMG_4475-1024x682.jpg\" alt=\"\" width=\"790\" height=\"526\" srcset=\"https:\/\/bestmaresme.com\/blog\/wp-content\/uploads\/2024\/11\/IMG_4475-1024x682.jpg 1024w, https:\/\/bestmaresme.com\/blog\/wp-content\/uploads\/2024\/11\/IMG_4475-300x200.jpg 300w, https:\/\/bestmaresme.com\/blog\/wp-content\/uploads\/2024\/11\/IMG_4475-768x512.jpg 768w, https:\/\/bestmaresme.com\/blog\/wp-content\/uploads\/2024\/11\/IMG_4475.jpg 1400w\" sizes=\"(max-width: 790px) 100vw, 790px\" \/><\/p>\n<p><img decoding=\"async\" loading=\"lazy\" class=\"aligncenter size-large wp-image-48024\" src=\"https:\/\/bestmaresme.com\/blog\/wp-content\/uploads\/2024\/11\/IMG_4474-1024x682.jpg\" alt=\"\" width=\"790\" height=\"526\" srcset=\"https:\/\/bestmaresme.com\/blog\/wp-content\/uploads\/2024\/11\/IMG_4474-1024x682.jpg 1024w, https:\/\/bestmaresme.com\/blog\/wp-content\/uploads\/2024\/11\/IMG_4474-300x200.jpg 300w, https:\/\/bestmaresme.com\/blog\/wp-content\/uploads\/2024\/11\/IMG_4474-768x512.jpg 768w, https:\/\/bestmaresme.com\/blog\/wp-content\/uploads\/2024\/11\/IMG_4474.jpg 1400w\" sizes=\"(max-width: 790px) 100vw, 790px\" \/><\/p>\n<p><img decoding=\"async\" loading=\"lazy\" class=\"aligncenter size-large wp-image-48027\" src=\"https:\/\/bestmaresme.com\/blog\/wp-content\/uploads\/2024\/11\/IMG_4483-1024x682.jpg\" alt=\"\" width=\"790\" height=\"526\" srcset=\"https:\/\/bestmaresme.com\/blog\/wp-content\/uploads\/2024\/11\/IMG_4483-1024x682.jpg 1024w, https:\/\/bestmaresme.com\/blog\/wp-content\/uploads\/2024\/11\/IMG_4483-300x200.jpg 300w, https:\/\/bestmaresme.com\/blog\/wp-content\/uploads\/2024\/11\/IMG_4483-768x512.jpg 768w, https:\/\/bestmaresme.com\/blog\/wp-content\/uploads\/2024\/11\/IMG_4483.jpg 1400w\" sizes=\"(max-width: 790px) 100vw, 790px\" \/><\/p>\n<p>En el\u00a0<b>s\u00f3tano<\/b>: un garaje para 4 coches, gimnasio equipado con maquinaria Panatta y sauna, lavandero (con lavadora y secadora), sala de m\u00e1quinas, sistema de suministro y extracci\u00f3n de aire en el s\u00f3tano.<\/p>\n<p><img decoding=\"async\" loading=\"lazy\" class=\"aligncenter size-large wp-image-48025\" src=\"https:\/\/bestmaresme.com\/blog\/wp-content\/uploads\/2024\/11\/IMG_4488-1024x682.jpg\" alt=\"\" width=\"790\" height=\"526\" srcset=\"https:\/\/bestmaresme.com\/blog\/wp-content\/uploads\/2024\/11\/IMG_4488-1024x682.jpg 1024w, https:\/\/bestmaresme.com\/blog\/wp-content\/uploads\/2024\/11\/IMG_4488-300x200.jpg 300w, https:\/\/bestmaresme.com\/blog\/wp-content\/uploads\/2024\/11\/IMG_4488-768x512.jpg 768w, https:\/\/bestmaresme.com\/blog\/wp-content\/uploads\/2024\/11\/IMG_4488.jpg 1400w\" sizes=\"(max-width: 790px) 100vw, 790px\" \/><\/p>\n<p><img decoding=\"async\" loading=\"lazy\" class=\"aligncenter size-large wp-image-48026\" src=\"https:\/\/bestmaresme.com\/blog\/wp-content\/uploads\/2024\/11\/IMG_4491-1024x682.jpg\" alt=\"\" width=\"790\" height=\"526\" srcset=\"https:\/\/bestmaresme.com\/blog\/wp-content\/uploads\/2024\/11\/IMG_4491-1024x682.jpg 1024w, https:\/\/bestmaresme.com\/blog\/wp-content\/uploads\/2024\/11\/IMG_4491-300x200.jpg 300w, https:\/\/bestmaresme.com\/blog\/wp-content\/uploads\/2024\/11\/IMG_4491-768x512.jpg 768w, https:\/\/bestmaresme.com\/blog\/wp-content\/uploads\/2024\/11\/IMG_4491.jpg 1400w\" sizes=\"(max-width: 790px) 100vw, 790px\" \/><\/p>\n<p>El jard\u00edn de bajo mantenimiento con piscina a nivel del sal\u00f3n y fant\u00e1stico porche con barbacoa, esta residencia ofrece un oasis privado y es ideal para pasar tiempo con la familia y amigos.<\/p>\n<p>Adem\u00e1s, la casa est\u00e1 equipada con calefacci\u00f3n radial, aire acondicionado, alarma y riego autom\u00e1tico. Suelos de m\u00e1rmol y Porcelanosa, muebles de Latorre y Higold, revestimientos murales de Arte y Roberto Cavalli, armarios empotrados de CARRE y grifer\u00eda de Zucchetti y DornBracht.<b><strong><a href=\"https:\/\/api.whatsapp.com\/send?l=es-ES&amp;phone=34608010051\" rel=\"attachment wp-att-17273\"><img decoding=\"async\" loading=\"lazy\" class=\"desp-petit aligncenter wp-image-17273\" src=\"https:\/\/bestmaresme.com\/blog\/wp-content\/uploads\/2023\/04\/casas-en-el-maresme-mobil.png\" alt=\"\" width=\"394\" height=\"246\" \/><\/a><a href=\"https:\/\/api.whatsapp.com\/send?l=es-ES&amp;phone=34608010051\" rel=\"attachment wp-att-17274\"><img decoding=\"async\" loading=\"lazy\" class=\"desp-gran aligncenter wp-image-17274 size-full\" src=\"https:\/\/bestmaresme.com\/blog\/wp-content\/uploads\/2023\/04\/casas-en-el-maresme.png\" alt=\"\" width=\"700\" height=\"175\" \/><\/a><\/strong><\/b><\/p>","protected":false},"excerpt":{"rendered":"<p>Completamente amueblada y equipada &nbsp; +info C-1009 986.000 \u20ac &nbsp; &nbsp; Fant\u00e1stica\u00a0casa en venta\u00a0completamente amueblada y equipada de estilo moderno a 4 vientos en la&hellip; <\/p>\n","protected":false},"author":1,"featured_media":48010,"comment_status":"closed","ping_status":"closed","sticky":false,"template":"","format":"standard","meta":{"footnotes":""},"categories":[255,172,2],"tags":[124,19,5],"_links":{"self":[{"href":"https:\/\/bestmaresme.com\/blog\/wp-json\/wp\/v2\/posts\/48009"}],"collection":[{"href":"https:\/\/bestmaresme.com\/blog\/wp-json\/wp\/v2\/posts"}],"about":[{"href":"https:\/\/bestmaresme.com\/blog\/wp-json\/wp\/v2\/types\/post"}],"author":[{"embeddable":true,"href":"https:\/\/bestmaresme.com\/blog\/wp-json\/wp\/v2\/users\/1"}],"replies":[{"embeddable":true,"href":"https:\/\/bestmaresme.com\/blog\/wp-json\/wp\/v2\/comments?post=48009"}],"version-history":[{"count":12,"href":"https:\/\/bestmaresme.com\/blog\/wp-json\/wp\/v2\/posts\/48009\/revisions"}],"predecessor-version":[{"id":48032,"href":"https:\/\/bestmaresme.com\/blog\/wp-json\/wp\/v2\/posts\/48009\/revisions\/48032"}],"wp:featuredmedia":[{"embeddable":true,"href":"https:\/\/bestmaresme.com\/blog\/wp-json\/wp\/v2\/media\/48010"}],"wp:attachment":[{"href":"https:\/\/bestmaresme.com\/blog\/wp-json\/wp\/v2\/media?parent=48009"}],"wp:term":[{"taxonomy":"category","embeddable":true,"href":"https:\/\/bestmaresme.com\/blog\/wp-json\/wp\/v2\/categories?post=48009"},{"taxonomy":"post_tag","embeddable":true,"href":"https:\/\/bestmaresme.com\/blog\/wp-json\/wp\/v2\/tags?post=48009"}],"curies":[{"name":"wp","href":"https:\/\/api.w.org\/{rel}","templated":true}]}}