{"id":48107,"date":"2024-12-03T11:28:11","date_gmt":"2024-12-03T11:28:11","guid":{"rendered":"https:\/\/bestmaresme.com\/blog\/?p=48107"},"modified":"2024-12-03T11:28:11","modified_gmt":"2024-12-03T11:28:11","slug":"preciosa-finca-en-venta-en-pleno-centro-de-cabrera-de-mar","status":"publish","type":"post","link":"https:\/\/bestmaresme.com\/blog\/preciosa-finca-en-venta-en-pleno-centro-de-cabrera-de-mar\/","title":{"rendered":"Preciosa finca en venta en pleno centro de Cabrera de Mar"},"content":{"rendered":"<p><\/p>\n<h5>Rehabilitada en el a\u00f1o 2023<\/h5>\n<p>&nbsp;<\/p>\n<h3><a href=\"https:\/\/bestmaresme.com\/Cabrera_de_Mar\/1828-casas-Cabrera_de_Mar-1414\/\"><span style=\"color: #000000;\">+info<\/span><\/a><\/h3>\n<h3>C-1414<\/h3>\n<h3><span style=\"color: #000000;\">1.895.000 \u20ac<\/span><\/h3>\n<p>&nbsp;<\/p>\n<p>&nbsp;<\/p>\n<p>Preciosa\u00a0<a href=\"https:\/\/bestmaresme.com\/\" target=\"_blank\" rel=\"noopener\"><b>finca en venta<\/b><\/a>\u00a0con mucho encanto e \u00edntegramente rehabilitada en el a\u00f1o 2023 en pleno centro de\u00a0<a href=\"https:\/\/bestmaresme.com\/Cabrera_de_mar\/\" target=\"_blank\" rel=\"noopener\"><b>Cabrera de Mar<\/b><\/a>. A tres minutos del Ayuntamiento, del colegio y las tiendas, pero rodeada de pinos y en plena naturaleza. La casa est\u00e1 construida sobre una amplia parcela de 3.325 m2.<\/p>\n<p>El total de la construcci\u00f3n son 832 m2, de los cuales 595 m2 corresponden a la vivienda en s\u00ed, m\u00e1s un gran s\u00f3tano de 107 m2 y un fant\u00e1stico porche de 130 m2 con piscina. La casa se distribuye en dos c\u00f3modas plantas m\u00e1s el s\u00f3tano.<\/p>\n<p><img decoding=\"async\" loading=\"lazy\" class=\"aligncenter size-large wp-image-48114\" src=\"https:\/\/bestmaresme.com\/blog\/wp-content\/uploads\/2024\/12\/IMG_5123-1024x682.jpg\" alt=\"\" width=\"790\" height=\"526\" srcset=\"https:\/\/bestmaresme.com\/blog\/wp-content\/uploads\/2024\/12\/IMG_5123-1024x682.jpg 1024w, https:\/\/bestmaresme.com\/blog\/wp-content\/uploads\/2024\/12\/IMG_5123-300x200.jpg 300w, https:\/\/bestmaresme.com\/blog\/wp-content\/uploads\/2024\/12\/IMG_5123-768x512.jpg 768w, https:\/\/bestmaresme.com\/blog\/wp-content\/uploads\/2024\/12\/IMG_5123.jpg 1400w\" sizes=\"(max-width: 790px) 100vw, 790px\" \/><\/p>\n<p><img decoding=\"async\" loading=\"lazy\" class=\"aligncenter size-large wp-image-48115\" src=\"https:\/\/bestmaresme.com\/blog\/wp-content\/uploads\/2024\/12\/IMG_5125-1024x682.jpg\" alt=\"\" width=\"790\" height=\"526\" srcset=\"https:\/\/bestmaresme.com\/blog\/wp-content\/uploads\/2024\/12\/IMG_5125-1024x682.jpg 1024w, https:\/\/bestmaresme.com\/blog\/wp-content\/uploads\/2024\/12\/IMG_5125-300x200.jpg 300w, https:\/\/bestmaresme.com\/blog\/wp-content\/uploads\/2024\/12\/IMG_5125-768x512.jpg 768w, https:\/\/bestmaresme.com\/blog\/wp-content\/uploads\/2024\/12\/IMG_5125.jpg 1400w\" sizes=\"(max-width: 790px) 100vw, 790px\" \/><\/p>\n<p>En la\u00a0<b>planta principal<\/b>\u00a0encontramos: recibidor, amplio sal\u00f3n-comedor con chimenea y con techo de doble altura, cocina abierta al sal\u00f3n con isla central, todo ello en un solo ambiente. Los techos altos y los grandes ventanales abiertos al porche proporcionan gran luminosidad, pues la orientaci\u00f3n al sur nos ofrece sol todo el d\u00eda. Por \u00faltimo, en la zona de d\u00eda disponemos tambi\u00e9n de un aseo de cortes\u00eda. Por su parte, la zona de noche de esta misma planta est\u00e1 compuesta por cuatro dormitorios muy amplios, todos en suite y con ba\u00f1o propio. A\u00f1adir tambi\u00e9n que esta misma planta cuenta con entrada independiente que da acceso a un pr\u00e1ctico apartamento para el servicio, que cuenta con un sal\u00f3n con cocina americana, un dormitorio, un ba\u00f1o con ducha y un lavadero.<\/p>\n<p><img decoding=\"async\" loading=\"lazy\" class=\"aligncenter size-large wp-image-48116\" src=\"https:\/\/bestmaresme.com\/blog\/wp-content\/uploads\/2024\/12\/IMG_5141-1024x682.jpg\" alt=\"\" width=\"790\" height=\"526\" srcset=\"https:\/\/bestmaresme.com\/blog\/wp-content\/uploads\/2024\/12\/IMG_5141-1024x682.jpg 1024w, https:\/\/bestmaresme.com\/blog\/wp-content\/uploads\/2024\/12\/IMG_5141-300x200.jpg 300w, https:\/\/bestmaresme.com\/blog\/wp-content\/uploads\/2024\/12\/IMG_5141-768x512.jpg 768w, https:\/\/bestmaresme.com\/blog\/wp-content\/uploads\/2024\/12\/IMG_5141.jpg 1400w\" sizes=\"(max-width: 790px) 100vw, 790px\" \/><\/p>\n<p><img decoding=\"async\" loading=\"lazy\" class=\"aligncenter size-large wp-image-48117\" src=\"https:\/\/bestmaresme.com\/blog\/wp-content\/uploads\/2024\/12\/IMG_5148-1024x682.jpg\" alt=\"\" width=\"790\" height=\"526\" srcset=\"https:\/\/bestmaresme.com\/blog\/wp-content\/uploads\/2024\/12\/IMG_5148-1024x682.jpg 1024w, https:\/\/bestmaresme.com\/blog\/wp-content\/uploads\/2024\/12\/IMG_5148-300x200.jpg 300w, https:\/\/bestmaresme.com\/blog\/wp-content\/uploads\/2024\/12\/IMG_5148-768x512.jpg 768w, https:\/\/bestmaresme.com\/blog\/wp-content\/uploads\/2024\/12\/IMG_5148.jpg 1400w\" sizes=\"(max-width: 790px) 100vw, 790px\" \/><\/p>\n<p><b><strong><a href=\"https:\/\/api.whatsapp.com\/send?l=es-ES&amp;phone=34608010051\" rel=\"attachment wp-att-17273\"><img decoding=\"async\" loading=\"lazy\" class=\"desp-petit aligncenter wp-image-17273\" src=\"https:\/\/bestmaresme.com\/blog\/wp-content\/uploads\/2023\/04\/casas-en-el-maresme-mobil.png\" alt=\"\" width=\"394\" height=\"246\" \/><\/a><a href=\"https:\/\/api.whatsapp.com\/send?l=es-ES&amp;phone=34608010051\" rel=\"attachment wp-att-17274\"><img decoding=\"async\" loading=\"lazy\" class=\"desp-gran aligncenter wp-image-17274 size-full\" src=\"https:\/\/bestmaresme.com\/blog\/wp-content\/uploads\/2023\/04\/casas-en-el-maresme.png\" alt=\"\" width=\"700\" height=\"175\" \/><\/a><\/strong><\/b><\/p>\n<p>En la\u00a0<b>planta piso<\/b>, a la cual accedemos mediante una preciosa y amplia escalera, encontramos la suite principal con estudio y terraza privada, desde donde contemplar las preciosas vistas a mar y monta\u00f1a. Adicionalmente, esta planta tambi\u00e9n ofrece dos dormitorios m\u00e1s, ambos tambi\u00e9n en suite.<\/p>\n<p><img decoding=\"async\" loading=\"lazy\" class=\"aligncenter size-large wp-image-48118\" src=\"https:\/\/bestmaresme.com\/blog\/wp-content\/uploads\/2024\/12\/IMG_5152-1024x682.jpg\" alt=\"\" width=\"790\" height=\"526\" srcset=\"https:\/\/bestmaresme.com\/blog\/wp-content\/uploads\/2024\/12\/IMG_5152-1024x682.jpg 1024w, https:\/\/bestmaresme.com\/blog\/wp-content\/uploads\/2024\/12\/IMG_5152-300x200.jpg 300w, https:\/\/bestmaresme.com\/blog\/wp-content\/uploads\/2024\/12\/IMG_5152-768x512.jpg 768w, https:\/\/bestmaresme.com\/blog\/wp-content\/uploads\/2024\/12\/IMG_5152.jpg 1400w\" sizes=\"(max-width: 790px) 100vw, 790px\" \/><\/p>\n<p><img decoding=\"async\" loading=\"lazy\" class=\"aligncenter size-large wp-image-48119\" src=\"https:\/\/bestmaresme.com\/blog\/wp-content\/uploads\/2024\/12\/IMG_5180-1024x682.jpg\" alt=\"\" width=\"790\" height=\"526\" srcset=\"https:\/\/bestmaresme.com\/blog\/wp-content\/uploads\/2024\/12\/IMG_5180-1024x682.jpg 1024w, https:\/\/bestmaresme.com\/blog\/wp-content\/uploads\/2024\/12\/IMG_5180-300x200.jpg 300w, https:\/\/bestmaresme.com\/blog\/wp-content\/uploads\/2024\/12\/IMG_5180-768x512.jpg 768w, https:\/\/bestmaresme.com\/blog\/wp-content\/uploads\/2024\/12\/IMG_5180.jpg 1400w\" sizes=\"(max-width: 790px) 100vw, 790px\" \/><\/p>\n<p><img decoding=\"async\" loading=\"lazy\" class=\"aligncenter size-large wp-image-48120\" src=\"https:\/\/bestmaresme.com\/blog\/wp-content\/uploads\/2024\/12\/IMG_5178-1024x682.jpg\" alt=\"\" width=\"790\" height=\"526\" srcset=\"https:\/\/bestmaresme.com\/blog\/wp-content\/uploads\/2024\/12\/IMG_5178-1024x682.jpg 1024w, https:\/\/bestmaresme.com\/blog\/wp-content\/uploads\/2024\/12\/IMG_5178-300x200.jpg 300w, https:\/\/bestmaresme.com\/blog\/wp-content\/uploads\/2024\/12\/IMG_5178-768x512.jpg 768w, https:\/\/bestmaresme.com\/blog\/wp-content\/uploads\/2024\/12\/IMG_5178.jpg 1400w\" sizes=\"(max-width: 790px) 100vw, 790px\" \/><\/p>\n<p>Ya en el\u00a0<b>s\u00f3tano<\/b>\u00a0encontramos una sala polivalente (bodega, gimnasio&#8230;), un trastero, una sala de m\u00e1quinas y el garaje con capacidad para tres coches.<\/p>\n<p><img decoding=\"async\" loading=\"lazy\" class=\"aligncenter size-large wp-image-48121\" src=\"https:\/\/bestmaresme.com\/blog\/wp-content\/uploads\/2024\/12\/IMG_5200-1024x682.jpg\" alt=\"\" width=\"790\" height=\"526\" srcset=\"https:\/\/bestmaresme.com\/blog\/wp-content\/uploads\/2024\/12\/IMG_5200-1024x682.jpg 1024w, https:\/\/bestmaresme.com\/blog\/wp-content\/uploads\/2024\/12\/IMG_5200-300x200.jpg 300w, https:\/\/bestmaresme.com\/blog\/wp-content\/uploads\/2024\/12\/IMG_5200-768x512.jpg 768w, https:\/\/bestmaresme.com\/blog\/wp-content\/uploads\/2024\/12\/IMG_5200.jpg 1400w\" sizes=\"(max-width: 790px) 100vw, 790px\" \/><\/p>\n<p>Casa energ\u00e9ticamente eficiente, dotada con placas solares, A\/C en todas las estancias, armarios empotrados, alarma, calefacci\u00f3n\u2026<br \/>\n<b><strong><a href=\"https:\/\/api.whatsapp.com\/send?l=es-ES&amp;phone=34608010051\" rel=\"attachment wp-att-17273\"><img decoding=\"async\" loading=\"lazy\" class=\"desp-petit aligncenter wp-image-17273\" src=\"https:\/\/bestmaresme.com\/blog\/wp-content\/uploads\/2023\/04\/casas-en-el-maresme-mobil.png\" alt=\"\" width=\"394\" height=\"246\" \/><\/a><a href=\"https:\/\/api.whatsapp.com\/send?l=es-ES&amp;phone=34608010051\" rel=\"attachment wp-att-17274\"><img decoding=\"async\" loading=\"lazy\" class=\"desp-gran aligncenter wp-image-17274 size-full\" src=\"https:\/\/bestmaresme.com\/blog\/wp-content\/uploads\/2023\/04\/casas-en-el-maresme.png\" alt=\"\" width=\"700\" height=\"175\" \/><\/a><\/strong><\/b><\/p>","protected":false},"excerpt":{"rendered":"<p>Rehabilitada en el a\u00f1o 2023 &nbsp; +info C-1414 1.895.000 \u20ac &nbsp; &nbsp; Preciosa\u00a0finca en venta\u00a0con mucho encanto e \u00edntegramente rehabilitada en el a\u00f1o 2023 en&hellip; <\/p>\n","protected":false},"author":1,"featured_media":48108,"comment_status":"closed","ping_status":"closed","sticky":false,"template":"","format":"standard","meta":{"footnotes":""},"categories":[44,255,172],"tags":[45,6,19],"_links":{"self":[{"href":"https:\/\/bestmaresme.com\/blog\/wp-json\/wp\/v2\/posts\/48107"}],"collection":[{"href":"https:\/\/bestmaresme.com\/blog\/wp-json\/wp\/v2\/posts"}],"about":[{"href":"https:\/\/bestmaresme.com\/blog\/wp-json\/wp\/v2\/types\/post"}],"author":[{"embeddable":true,"href":"https:\/\/bestmaresme.com\/blog\/wp-json\/wp\/v2\/users\/1"}],"replies":[{"embeddable":true,"href":"https:\/\/bestmaresme.com\/blog\/wp-json\/wp\/v2\/comments?post=48107"}],"version-history":[{"count":13,"href":"https:\/\/bestmaresme.com\/blog\/wp-json\/wp\/v2\/posts\/48107\/revisions"}],"predecessor-version":[{"id":48129,"href":"https:\/\/bestmaresme.com\/blog\/wp-json\/wp\/v2\/posts\/48107\/revisions\/48129"}],"wp:featuredmedia":[{"embeddable":true,"href":"https:\/\/bestmaresme.com\/blog\/wp-json\/wp\/v2\/media\/48108"}],"wp:attachment":[{"href":"https:\/\/bestmaresme.com\/blog\/wp-json\/wp\/v2\/media?parent=48107"}],"wp:term":[{"taxonomy":"category","embeddable":true,"href":"https:\/\/bestmaresme.com\/blog\/wp-json\/wp\/v2\/categories?post=48107"},{"taxonomy":"post_tag","embeddable":true,"href":"https:\/\/bestmaresme.com\/blog\/wp-json\/wp\/v2\/tags?post=48107"}],"curies":[{"name":"wp","href":"https:\/\/api.w.org\/{rel}","templated":true}]}}