{"id":48301,"date":"2025-01-03T17:09:26","date_gmt":"2025-01-03T17:09:26","guid":{"rendered":"https:\/\/bestmaresme.com\/blog\/?p=48301"},"modified":"2025-01-03T17:09:26","modified_gmt":"2025-01-03T17:09:26","slug":"cabalgata-de-los-reyes-magos-2025","status":"publish","type":"post","link":"https:\/\/bestmaresme.com\/blog\/cabalgata-de-los-reyes-magos-2025\/","title":{"rendered":"\u00a1Cabalgata de los Reyes Magos 2025!"},"content":{"rendered":"<p>Como cada a\u00f1o, la <b>Cabalgata de los Reyes Magos<\/b> llega a todas las localidades de Espa\u00f1a, acontecimiento durante el que Sus Majestades de Oriente <strong>Melchor<\/strong>, <strong>Gaspar<\/strong> y <strong>Baltasar<\/strong>, acompa\u00f1ados de sus fieles pajes y ayudantes, saludar\u00e1n y lanzar\u00e1n caramelos y golosinas a todos los ni\u00f1os y ni\u00f1as en la v\u00edspera de la fiesta de Epifan\u00eda.<\/p>\n<p>Como es bien sabido, la Cabalgata se celebra cada a\u00f1o el d\u00eda <strong>5 de enero<\/strong> al atardecer, siguiendo la tradici\u00f3n, antes de que los Reyes de Oriente dejen durante la noche los regalos en las casas. Y es que dice la leyenda que fue durante la noche, cuando Sus Majestades visitaron a Mar\u00eda, Jos\u00e9 y al ni\u00f1o Jes\u00fas reci\u00e9n nacido en el portal de Bel\u00e9n, portando como presentes <strong>oro<\/strong>, <strong>incienso<\/strong> y <strong>mirra<\/strong>.<\/p>\n<p><img decoding=\"async\" loading=\"lazy\" class=\"aligncenter size-full wp-image-48308\" src=\"https:\/\/bestmaresme.com\/blog\/wp-content\/uploads\/2025\/01\/Oro-incienso-mirra.jpg\" alt=\"\" width=\"746\" height=\"492\" srcset=\"https:\/\/bestmaresme.com\/blog\/wp-content\/uploads\/2025\/01\/Oro-incienso-mirra.jpg 746w, https:\/\/bestmaresme.com\/blog\/wp-content\/uploads\/2025\/01\/Oro-incienso-mirra-300x198.jpg 300w\" sizes=\"(max-width: 746px) 100vw, 746px\" \/><\/p>\n<p>Aqu\u00ed os dejamos algunas de las muchas actividades que se realizar\u00e1n a lo largo de los municipios del <strong><a href=\"https:\/\/bestmaresme.com\/\">Maresme<\/a><\/strong> en esta jornada tan especial:<\/p>\n<p>&nbsp;<\/p>\n<h6><strong><a href=\"https:\/\/bestmaresme.com\/Mataro\/\"><span style=\"color: #ffffff;\">MATAR\u00d3<\/span><\/a><span style=\"color: #ffffff;\">:<\/span><\/strong><\/h6>\n<p>En <strong>Matar\u00f3<\/strong>, la gran semana comienza con el <strong>Campamento Real<\/strong>, ubicado en el Parc Central, donde los ni\u00f1os podr\u00e1n entregar sus cartas a las Mensajeras Reales mientras disfrutan de decoraciones espectaculares y actividades relacionadas con la Cabalgata.<\/p>\n<p><strong>Horario:<\/strong><\/p>\n<ul>\n<li style=\"list-style-type: none;\">\n<ul>\n<li><strong>1 de enero:<\/strong> de 17:00h a 21:00h<\/li>\n<li><strong>2, 3 y 4 de enero:<\/strong> de 11:00h a 14:00h y de 16:00h a 21:00 h<\/li>\n<\/ul>\n<\/li>\n<\/ul>\n<p>Asimismo, del 2 al 4 de enero, los\u00a0<strong>Carteros Reales<\/strong>\u00a0recorrer\u00e1n\u00a0diversos puntos de la ciudad para garantizar que ning\u00fan ni\u00f1o se quede sin entregar su carta, adem\u00e1s de repartir caramelos.<\/p>\n<p>Y finalmente, el tan esperado momento llegar\u00e1 el <strong>5 de enero<\/strong> a las 12:00h, con la llegada de <strong>Sus Majestades<\/strong> al Puerto de Matar\u00f3. Con la ayuda de Tempus, Tic-Tac y la nueva incorporaci\u00f3n, <strong>Polaris<\/strong> (que simboliza la luz de la Navidad), el llaut Sant Ramon guiar\u00e1 a los Reyes hasta el punto de amarre. All\u00ed, saludar\u00e1n a los ni\u00f1os y recibir\u00e1n la llave de la ciudad de manos del alcalde, un momento muy esperado que dar\u00e1 paso a la Cabalgata que comenzar\u00e1 a\u00a0las <strong>17:00h <\/strong>y seguir\u00e1 la siguiente ruta:<\/p>\n<ul>\n<li style=\"list-style-type: none;\">\n<ul>\n<li>Plaza de Josep Cusachs<\/li>\n<li>Plaza de Espa\u00f1a<\/li>\n<li>Avenida de la Gatassa<\/li>\n<li>Ronda de Francesc Maci\u00e0<\/li>\n<li>Plaza de Santa Anna<\/li>\n<li>La Riera<\/li>\n<li>Plaza del Ayuntamiento (llegada prevista alrededor de las 21:00h)<\/li>\n<\/ul>\n<\/li>\n<\/ul>\n<p>Ya en la <strong>Plaza del Ayuntamiento<\/strong>, Sus Majestades se dirigir\u00e1n al p\u00fablico presente desde el balc\u00f3n consistorial, cerrando una jornada llena de emociones.<\/p>\n<h6><strong><a href=\"https:\/\/bestmaresme.com\/Premia_de_Dalt\/\"><span style=\"color: #ffffff;\">PREMI\u00c0 DE DALT<\/span><\/a><span style=\"color: #ffffff;\">:<\/span><\/strong><\/h6>\n<p>En <strong>Premi\u00e0 de Dalt<\/strong>, la Cabalgata de Reyes tendr\u00e1 un nuevo recorrido, y es que Sus Majestades pasar\u00e1n por m\u00e1s calles del pueblo para hacer disfrutar grandes y peque\u00f1os.<\/p>\n<p>La cabalgata de los esperados <strong>Melchor<\/strong>, <strong>Gaspar<\/strong> y <strong>Baltasar<\/strong> arrancar\u00e1 a las 17:00h con el siguiente recorrido:<\/p>\n<ul>\n<li style=\"list-style-type: none;\">\n<ul>\n<li>V\u00eda Primilia, traves\u00eda Can Maresme, torrente de Santa Anna y rotonda de les Flors.<\/li>\n<li>Carretera de Vilassar de Dalt, calle Pened\u00e8s, torrente de la B\u00f2bila, carretera de Enlace.<\/li>\n<li>Carretera de los Seis Pueblos, carretera Premi\u00e0 de Mar.<\/li>\n<li>Carretera de los Seis Pueblos, torrente Castells, av. Sant Pere, calle Sant Jaume, Guillem Tell, Torras i Bages, Balmes y Jaume I.<\/li>\n<li>Calle Ciudad de Olot, Josep Carner, Can Malagrida, La Teta, Riera de Sant Pere y plaza de la Vila.<\/li>\n<\/ul>\n<\/li>\n<\/ul>\n<p>Una vez Sus Majestades lleguen a la Pla\u00e7a de la Vila, y despu\u00e9s de saludar a los ni\u00f1os, se desplazar\u00e1n a la Parroquia de Sant Pere. Posteriormente, empezar\u00e1 el reparto del primer regalo de la Noche de Reyes a todas las ni\u00f1as y ni\u00f1os.<\/p>\n<p><b><strong><a href=\"https:\/\/api.whatsapp.com\/send?l=es-ES&amp;phone=34608010051\" rel=\"attachment wp-att-17273\"><img decoding=\"async\" loading=\"lazy\" class=\"desp-petit aligncenter wp-image-17273\" src=\"https:\/\/bestmaresme.com\/blog\/wp-content\/uploads\/2023\/04\/casas-en-el-maresme-mobil.png\" alt=\"\" width=\"394\" height=\"246\" \/><\/a><a href=\"https:\/\/api.whatsapp.com\/send?l=es-ES&amp;phone=34608010051\" rel=\"attachment wp-att-17274\"><img decoding=\"async\" loading=\"lazy\" class=\"desp-gran aligncenter wp-image-17274 size-full\" src=\"https:\/\/bestmaresme.com\/blog\/wp-content\/uploads\/2023\/04\/casas-en-el-maresme.png\" alt=\"\" width=\"700\" height=\"175\" \/><\/a><\/strong><\/b><\/p>\n<h6><span style=\"color: #ffffff;\"><strong><a style=\"color: #ffffff;\" href=\"https:\/\/bestmaresme.com\/Cabrils\/\">CABRILS<\/a>:<\/strong><\/span><\/h6>\n<p>El pr\u00f3ximo domingo 5 de enero, Sus Majestades tambi\u00e9n visitar\u00e1n <strong>Cabrils<\/strong> y recoger\u00e1n todas las cartas de ni\u00f1os y ni\u00f1as en la puerta del <strong>Centre C\u00edvic la F\u00e0brica<\/strong>, donde estar\u00e1n ubicados los buzones reales.<\/p>\n<p>A las 18:00h iniciar\u00e1 la cabalgata 2025 desde la <strong>escuela L&#8217;Olivera<\/strong> por las calles del pueblo. Una vez finalizada la ruta, tendr\u00e1 lugar el tradicional gran recibimiento en la Porxada de la escuela L&#8217;Olivera, a cargo de la astr\u00f3loga PRUNA y la alcaldesa de Cabrils. Acto seguido, empezar\u00e1 la entrega de cartas a Sus Majestades.<\/p>\n<h6><strong><a href=\"https:\/\/bestmaresme.com\/Cabrera_de_mar\/\"><span style=\"color: #ffffff;\">CABRERA DE MAR<\/span><\/a><span style=\"color: #ffffff;\">:<\/span><\/strong><\/h6>\n<p>El s\u00e1bado 4 de enero, el <strong>Viaje al Mundo M\u00e1gico de los Reyes<\/strong> volver\u00e1 a ofrecer una experiencia para todo el pueblo de <strong>Cabrera de Mar<\/strong>, con un recorrido m\u00e1gico para descubrir el viaje y los preparativos de Sus Majestades para la noche m\u00e1s m\u00e1gica del a\u00f1o.<\/p>\n<p>La celebraci\u00f3n culminar\u00e1 con la Cabalgata de Reyes el 5 de enero, donde peque\u00f1os y mayores tendr\u00e1n la oportunidad de recibir un a\u00f1o m\u00e1s a los tan esperados Reyes Magos, una tradici\u00f3n que vuelve al pueblo con ilusi\u00f3n renovada. La comitiva saldr\u00e1 a las 17:00h desde la Pla\u00e7a de l&#8217;Egl\u00e9sia y terminar\u00e1 su recorrido en Cal Conde.<\/p>\n<h6><strong><a href=\"https:\/\/bestmaresme.com\/Argentona\/\"><span style=\"color: #ffffff;\">ARGENTONA<\/span><\/a><span style=\"color: #ffffff;\">:<\/span><\/strong><\/h6>\n<p>Sus Majestades llegar\u00e1n a <strong>Argentona<\/strong> el 5 de enero a las 18:00h y har\u00e1n el tradicional recorrido por las calles del pueblo. La cabalgata empezar\u00e1 en la calle Sant Sebasti\u00e0 para continuar por la calle Gran, Pla\u00e7a Nova, calle Jacint Verdaguer, avenida Nostra Senyora de Montserrat, carretera de Vilassar, avenida Puig i Cadafalch y por \u00faltimo Pla\u00e7a Nova.<\/p>\n<p>Desde el teatro municipal <strong>La Sala<\/strong>, Sus Majestades recibir\u00e1n la llave de la villa de la mano de la alcaldesa y se dirigir\u00e1n brevemente a todos los ni\u00f1os y ni\u00f1as.<\/p>\n<h6><strong><a href=\"https:\/\/bestmaresme.com\/Vilassar_de_Mar\/\"><span style=\"color: #ffffff;\">VILASSAR DE MAR<\/span><\/a><span style=\"color: #ffffff;\">:<\/span><\/strong><\/h6>\n<p>El domingo 5 de enero a las 17:30h, Sus Majestades llegar\u00e1n a <strong>Vilassar de Mar<\/strong>, en la que ser\u00e1 la noche m\u00e1s m\u00e1gica del a\u00f1o. El recorrido de la cabalgata ser\u00e1 el siguiente: Pol\u00edgono industrial Els Garrofers, Avenida Montevideo, Narc\u00eds Monturiol, Ctra. de Cabrils, Santa Mar\u00eda, V\u00eda Octaviana, Mar\u00eda Vidal, Sant Gen\u00eds, Ctra. de Cabrils, Montserrat, Sant Josep, Mare Catalina Coromina, Riera d&#8217;en Cintet, Colom, Sant Joan, Pla\u00e7a de l&#8217;Egl\u00e9sia, Sant Joan y Pla\u00e7a de l&#8217;Ajuntament (llegada aprox. 20:15h). La entrega de cartas a los Reyes Magos tendr\u00e1 lugar en la Plaza del Ayuntamiento.<\/p>\n<h6><strong><a href=\"https:\/\/bestmaresme.com\/St_Vicenc_Montalt\/\"><span style=\"color: #ffffff;\">SANT VICEN\u00c7 DE MONTALT<\/span><\/a><span style=\"color: #ffffff;\">:<\/span><\/strong><\/h6>\n<p>Sus Majestades de Oriente llegar\u00e1n el domingo 5 de enero a <strong>Sant Vicen\u00e7 de Montalt<\/strong> bien cargados de regalos. Lo har\u00e1n en carrozas y acompa\u00f1ados por sus pajes y carteros reales que les ayudar\u00e1n a repartir caramelos sin gluten y recoger las cartas de todos los ni\u00f1os y ni\u00f1as.<\/p>\n<p>La Cabalgata Real empezar\u00e1 su recorrido a las 18:00h desde el camino del Padr\u00f3n hasta la Pla\u00e7a de l&#8217;Esg\u00e9sia, donde llegar\u00e1n alrededor de las 19:00h despu\u00e9s de hacer la tradicional ofrenda al ni\u00f1o Jes\u00fas en la iglesia.<\/p>\n<p><strong>Gaspar<\/strong>, <strong>Melchor<\/strong> y <strong>Baltasar<\/strong> ser\u00e1n recibidos por el alcalde del municipio en la jaima, y \u200b\u200blos ni\u00f1os que quieran podr\u00e1n saludarles y entregarles sus cartas.<\/p>\n<p><strong>Recorrido de la Cabalgata:<\/strong> Camino del Padr\u00f3n, Passeig dels Pins, Montseny, Montnegre, Pica d&#8217;Estats, Costa Daurada, Mediterrani, Av. Montaltnou, Ginesta, Riera del Gorg, Av. Pa\u00efsos Catalans, Major, Sant Antoni y llegada a la Pla\u00e7a de l&#8217;Egl\u00e9sia.<\/p>\n<h6><strong><a href=\"https:\/\/bestmaresme.com\/Llavaneres\/\"><span style=\"color: #ffffff;\">SANT ANDREU DE LLAVANERES<\/span><\/a><span style=\"color: #ffffff;\">:<\/span><\/strong><\/h6>\n<p><strong>Melchor<\/strong>, <strong>Gaspar<\/strong> y <strong>Baltasar<\/strong> recorrer\u00e1n las calles de <strong>Sant Andreu de Llavaneres<\/strong> en la tradicional Cabalgata de Reyes. Este a\u00f1o como novedad habr\u00e1 una zona tranquila, donde se reducir\u00e1n los est\u00edmulos visuales y auditivos para favorecer que las personas con hipersensibilidad sensorial o diversidad funcional puedan gozar del paso de las carrozas y los Reyes. Ser\u00e1 de 18:30h a 18:40h, con salida desde la Av. Pau Casals. La Cabalgata ser\u00e1 organizada por el propio Ayuntamiento con el apoyo de la Comisi\u00f3n Cabalgata de Reyes.<\/p>\n<h6><strong><a href=\"https:\/\/bestmaresme.com\/Caldes_de_Estrac\/\"><span style=\"color: #ffffff;\">CALDES D&#8217;ESTRAC<\/span><\/a><span style=\"color: #ffffff;\">:<\/span><\/strong><\/h6>\n<p>Tambi\u00e9n el domingo 5 de enero a partir de las 18:00h, est\u00e1 previsto que llegue la comitiva que acompa\u00f1ar\u00e1 a <strong>Sus Majestades los Reyes Magos<\/strong> por las calles de <strong>Caldes d&#8217;Estrac<\/strong> hasta llegar a la Pla\u00e7a de la Vila, donde ser\u00e1n recibidos oficialmente.<\/p>\n<p>A las 18:00h empezar\u00e1 la cabalgata real, que saldr\u00e1 de la rotonda de la Pizzer\u00eda Estrac, seguir\u00e1 por la calle de la estaci\u00f3n, la calle del Callao y la Riera fina en la Pla\u00e7a de la Vila.<br \/>\nA continuaci\u00f3n, en la Sala Cultural del Ayuntamiento de Caldes d&#8217;Estrac, estar\u00e1 el <strong>Campamento Real<\/strong>, donde los ni\u00f1os y ni\u00f1as podr\u00e1n entregar directamente sus cartas llenas de deseos a <strong>Melchor<\/strong>, <strong>Gaspar<\/strong> y <strong>Baltasar<\/strong>, as\u00ed como compartir un breve rato con Sus Majestades de Oriente.<\/p>\n<h6><strong><a href=\"https:\/\/bestmaresme.com\/Arenys_de_Mar\/\"><span style=\"color: #ffffff;\">ARENYS DE MAR<\/span><\/a><span style=\"color: #ffffff;\">:<\/span><\/strong><\/h6>\n<p>Tambi\u00e9n el domingo 5 de enero por la noche los Reyes Magos llegar\u00e1n a la poblaci\u00f3n de <strong>Arenys de Mar<\/strong>. Sus Majestades empezar\u00e1n su recorrido en la parte alta de la Riera, a la altura de la calle de Montalt a partir de las 18:00h, y bajar\u00e1n hasta la calle de la Perera, donde los Reyes bajar\u00e1n de su carroza y terminar\u00e1n a pie el su recorrido hasta la plaza del Ayuntamiento. All\u00ed saludar\u00e1n a las autoridades y, ya desde el balc\u00f3n, saludar\u00e1n a todos los ni\u00f1os y ni\u00f1as que est\u00e9n concentrados en la plaza. Seguidamente, recoger\u00e1n las cartas que los ni\u00f1os y ni\u00f1as les hayan escrito en la carpa instalada en la misma plaza del Ayuntamiento.<\/p>\n<p>&nbsp;<\/p>\n<p>Y estos son solamente un pu\u00f1ado de todas las actividades programadas en los municipios del Maresme, pero hay muchos m\u00e1s! No os los perd\u00e1is, \u00a1ser\u00e1 una noche m\u00e1gica!<\/p>\n<p><b><strong><a href=\"https:\/\/api.whatsapp.com\/send?l=es-ES&amp;phone=34608010051\" rel=\"attachment wp-att-17273\"><img decoding=\"async\" loading=\"lazy\" class=\"desp-petit aligncenter wp-image-17273\" src=\"https:\/\/bestmaresme.com\/blog\/wp-content\/uploads\/2023\/04\/casas-en-el-maresme-mobil.png\" alt=\"\" width=\"394\" height=\"246\" \/><\/a><a href=\"https:\/\/api.whatsapp.com\/send?l=es-ES&amp;phone=34608010051\" rel=\"attachment wp-att-17274\"><img decoding=\"async\" loading=\"lazy\" class=\"desp-gran aligncenter wp-image-17274 size-full\" src=\"https:\/\/bestmaresme.com\/blog\/wp-content\/uploads\/2023\/04\/casas-en-el-maresme.png\" alt=\"\" width=\"700\" height=\"175\" \/><\/a><\/strong><\/b><\/p>","protected":false},"excerpt":{"rendered":"<p>Como cada a\u00f1o, la Cabalgata de los Reyes Magos llega a todas las localidades de Espa\u00f1a, acontecimiento durante el que Sus Majestades de Oriente Melchor,&hellip; <\/p>\n","protected":false},"author":1,"featured_media":48302,"comment_status":"closed","ping_status":"closed","sticky":false,"template":"","format":"standard","meta":{"footnotes":""},"categories":[135,117,121,172,234],"tags":[52,36,22,257],"_links":{"self":[{"href":"https:\/\/bestmaresme.com\/blog\/wp-json\/wp\/v2\/posts\/48301"}],"collection":[{"href":"https:\/\/bestmaresme.com\/blog\/wp-json\/wp\/v2\/posts"}],"about":[{"href":"https:\/\/bestmaresme.com\/blog\/wp-json\/wp\/v2\/types\/post"}],"author":[{"embeddable":true,"href":"https:\/\/bestmaresme.com\/blog\/wp-json\/wp\/v2\/users\/1"}],"replies":[{"embeddable":true,"href":"https:\/\/bestmaresme.com\/blog\/wp-json\/wp\/v2\/comments?post=48301"}],"version-history":[{"count":31,"href":"https:\/\/bestmaresme.com\/blog\/wp-json\/wp\/v2\/posts\/48301\/revisions"}],"predecessor-version":[{"id":48336,"href":"https:\/\/bestmaresme.com\/blog\/wp-json\/wp\/v2\/posts\/48301\/revisions\/48336"}],"wp:featuredmedia":[{"embeddable":true,"href":"https:\/\/bestmaresme.com\/blog\/wp-json\/wp\/v2\/media\/48302"}],"wp:attachment":[{"href":"https:\/\/bestmaresme.com\/blog\/wp-json\/wp\/v2\/media?parent=48301"}],"wp:term":[{"taxonomy":"category","embeddable":true,"href":"https:\/\/bestmaresme.com\/blog\/wp-json\/wp\/v2\/categories?post=48301"},{"taxonomy":"post_tag","embeddable":true,"href":"https:\/\/bestmaresme.com\/blog\/wp-json\/wp\/v2\/tags?post=48301"}],"curies":[{"name":"wp","href":"https:\/\/api.w.org\/{rel}","templated":true}]}}