{"id":48791,"date":"2025-03-03T16:00:43","date_gmt":"2025-03-03T16:00:43","guid":{"rendered":"https:\/\/bestmaresme.com\/blog\/?p=48791"},"modified":"2025-03-03T16:00:43","modified_gmt":"2025-03-03T16:00:43","slug":"catalunya-obliga-a-grandes-tenedores-de-vivienda-a-registrarse","status":"publish","type":"post","link":"https:\/\/bestmaresme.com\/blog\/catalunya-obliga-a-grandes-tenedores-de-vivienda-a-registrarse\/","title":{"rendered":"Catalunya obliga a grandes tenedores de vivienda a registrarse"},"content":{"rendered":"<p>&nbsp;<\/p>\n<p>El pasado 27 de febrero entr\u00f3 en vigor el Decreto Ley 2\/2025 que establece la creaci\u00f3n del <strong>Registro de personas jur\u00eddicas tenedoras de vivienda<\/strong>, con car\u00e1cter administrativo y que depender\u00e1 de la <em>Ag\u00e8ncia de l\u2019Habitatge de Catalunya<\/em> (Agencia de la Vivienda de Catalunya). En \u00e9l deber\u00e1n inscribirse todas aquellas personas jur\u00eddicas que sean grandes tenedoras (esto es, propietarias de 5 viviendas en zonas declaradas como \u201cmercado residencial tensionado\u201d, o 10 en zonas no tensionadas).<\/p>\n<p>Estas personas jur\u00eddicas deber\u00e1n comunicar a la <em>Ag\u00e8ncia de l\u2019Habitatge de Catalunya<\/em> su condici\u00f3n de grandes tenedoras, as\u00ed como el n\u00famero total de viviendas a su nombre, sin perjuicio de que cuando entre en vigor el reglamento espec\u00edfico que regular\u00e1 el funcionamiento del Registro, deban llevar a cabo esta inscripci\u00f3n, de acuerdo con la forma, los datos y los plazos que se determinen.<\/p>\n<p>Por otro lado, la nueva regulaci\u00f3n ampl\u00eda el <strong>derecho de tanteo y retracto<\/strong> de la Administraci\u00f3n p\u00fablica catalana, de modo que estar\u00e1n sujetos al derecho de adquisici\u00f3n preferente de la Generalitat de Catalunya los siguientes casos:<\/p>\n<p style=\"padding-left: 40px;\">\u2022 La transmisi\u00f3n de viviendas situadas en una <strong>zona tensionada<\/strong> que sean <strong>propiedad de un gran tenedor<\/strong>. Importante destacar que el derecho de adquisici\u00f3n preferente por parte de la Administraci\u00f3n ser\u00e1 de aplicaci\u00f3n tanto a la primera transmisi\u00f3n como a las posteriores durante toda la vigencia del Decreto ley.<\/p>\n<p style=\"padding-left: 40px;\">\u2022 La adjudicaci\u00f3n de cualquier vivienda que provenga de una <strong>subasta administrativa<\/strong> o <strong>judicial<\/strong>.<\/p>\n<p style=\"padding-left: 40px;\">\u2022 En cambio, <strong>no estar\u00e1n sujetas al derecho de tanteo y retracto<\/strong> de la Administraci\u00f3n aquellas transmisiones de viviendas en las que se trate de viviendas de nueva construcci\u00f3n que tengan como destinatarios a personas f\u00edsicas que vayan a utilizarlas como primera vivienda.<\/p>\n<p>Ahora bien, mientras no entre en vigor el Decreto regulador que desplegar\u00e1 el Registro de personas grandes tenedoras de vivienda, las personas jur\u00eddicas que quieran transmitir viviendas situadas en una zona declarada \u201cmercado residencial tensionado\u201d deber\u00e1n acreditar, mediante certificaci\u00f3n registral, el n\u00famero de viviendas de las que son propietarias <strong>en el momento de formalizar la escritura de compraventa<\/strong>, para lo que deber\u00e1 testimoniarse en el t\u00edtulo.<\/p>\n<p>&nbsp;<\/p>\n<p><b><strong><a href=\"https:\/\/api.whatsapp.com\/send?l=es-ES&amp;phone=34608010051\" rel=\"attachment wp-att-17273\"><img decoding=\"async\" loading=\"lazy\" class=\"desp-petit aligncenter wp-image-17273\" src=\"https:\/\/bestmaresme.com\/blog\/wp-content\/uploads\/2023\/04\/casas-en-el-maresme-mobil.png\" alt=\"\" width=\"394\" height=\"246\" \/><\/a><a href=\"https:\/\/api.whatsapp.com\/send?l=es-ES&amp;phone=34608010051\" rel=\"attachment wp-att-17274\"><img decoding=\"async\" loading=\"lazy\" class=\"desp-gran aligncenter wp-image-17274 size-full\" src=\"https:\/\/bestmaresme.com\/blog\/wp-content\/uploads\/2023\/04\/casas-en-el-maresme.png\" alt=\"\" width=\"700\" height=\"175\" \/><\/a><\/strong><\/b><\/p>","protected":false},"excerpt":{"rendered":"<p>&nbsp; El pasado 27 de febrero entr\u00f3 en vigor el Decreto Ley 2\/2025 que establece la creaci\u00f3n del Registro de personas jur\u00eddicas tenedoras de vivienda,&hellip; <\/p>\n","protected":false},"author":1,"featured_media":48803,"comment_status":"closed","ping_status":"closed","sticky":false,"template":"","format":"standard","meta":{"footnotes":""},"categories":[122,117,172],"tags":[69,22],"_links":{"self":[{"href":"https:\/\/bestmaresme.com\/blog\/wp-json\/wp\/v2\/posts\/48791"}],"collection":[{"href":"https:\/\/bestmaresme.com\/blog\/wp-json\/wp\/v2\/posts"}],"about":[{"href":"https:\/\/bestmaresme.com\/blog\/wp-json\/wp\/v2\/types\/post"}],"author":[{"embeddable":true,"href":"https:\/\/bestmaresme.com\/blog\/wp-json\/wp\/v2\/users\/1"}],"replies":[{"embeddable":true,"href":"https:\/\/bestmaresme.com\/blog\/wp-json\/wp\/v2\/comments?post=48791"}],"version-history":[{"count":10,"href":"https:\/\/bestmaresme.com\/blog\/wp-json\/wp\/v2\/posts\/48791\/revisions"}],"predecessor-version":[{"id":48802,"href":"https:\/\/bestmaresme.com\/blog\/wp-json\/wp\/v2\/posts\/48791\/revisions\/48802"}],"wp:featuredmedia":[{"embeddable":true,"href":"https:\/\/bestmaresme.com\/blog\/wp-json\/wp\/v2\/media\/48803"}],"wp:attachment":[{"href":"https:\/\/bestmaresme.com\/blog\/wp-json\/wp\/v2\/media?parent=48791"}],"wp:term":[{"taxonomy":"category","embeddable":true,"href":"https:\/\/bestmaresme.com\/blog\/wp-json\/wp\/v2\/categories?post=48791"},{"taxonomy":"post_tag","embeddable":true,"href":"https:\/\/bestmaresme.com\/blog\/wp-json\/wp\/v2\/tags?post=48791"}],"curies":[{"name":"wp","href":"https:\/\/api.w.org\/{rel}","templated":true}]}}