{"id":49211,"date":"2025-05-26T15:03:26","date_gmt":"2025-05-26T15:03:26","guid":{"rendered":"https:\/\/bestmaresme.com\/blog\/?p=49211"},"modified":"2025-05-26T15:04:20","modified_gmt":"2025-05-26T15:04:20","slug":"excepcional-chalet-en-sant-vicenc-de-montalt","status":"publish","type":"post","link":"https:\/\/bestmaresme.com\/blog\/excepcional-chalet-en-sant-vicenc-de-montalt\/","title":{"rendered":"Excepcional chalet en Sant Vicen\u00e7 de Montalt"},"content":{"rendered":"<p><\/p>\n<h5>\u00a1Fant\u00e1sticas vistas al mar y cerca del centro!<\/h5>\n<p>&nbsp;<\/p>\n<h3><a href=\"https:\/\/bestmaresme.com\/St_Vicenc_Montalt\/1890-casas-St_Vicenc_Montalt-1463\/\"><span style=\"color: #000000;\">+i<\/span><span style=\"color: #000000;\">nfo<\/span><\/a><\/h3>\n<h3>C-1463<\/h3>\n<h3>1.650.000 \u20ac<\/h3>\n<p>&nbsp;<\/p>\n<p>&nbsp;<\/p>\n<p><b><\/b>Desde\u00a0<a href=\"https:\/\/bestmaresme.com\/\" target=\"_blank\" rel=\"noopener\"><b>BestMaresme<\/b><\/a>\u00a0presentamos esta fant\u00e1stica\u00a0<a href=\"https:\/\/bestmaresme.com\/\" target=\"_blank\" rel=\"noopener\"><b>casa en venta<\/b><\/a>\u00a0con mucha alma, maravillosas vistas al mar y al centro de\u00a0<a href=\"https:\/\/bestmaresme.com\/St_Vicenc_Montalt\/\" target=\"_blank\" rel=\"noopener\"><b>Sant Vicen\u00e7 de Montalt<\/b><\/a>. La vivienda fue proyectada por sus actuales propietarios, tiene 704 m2 construidos sobre una parcela 1101 m2 y esta c\u00f3modamente distribuida en 3 plantas y una buhardilla, todo ello comunicado por una elegante escalera y un ascensor de acero inox. Ubicada en una de las zonas m\u00e1s tranquilas y residenciales de Sant Vicen\u00e7 de Montalt, cerca del centro de la poblaci\u00f3n, y a solo 35 km de Barcelona.<\/p>\n<p><img decoding=\"async\" loading=\"lazy\" class=\"aligncenter size-large wp-image-49217\" src=\"https:\/\/bestmaresme.com\/blog\/wp-content\/uploads\/2025\/05\/IMG_8608-1024x682.jpg\" alt=\"\" width=\"790\" height=\"526\" srcset=\"https:\/\/bestmaresme.com\/blog\/wp-content\/uploads\/2025\/05\/IMG_8608-1024x682.jpg 1024w, https:\/\/bestmaresme.com\/blog\/wp-content\/uploads\/2025\/05\/IMG_8608-300x200.jpg 300w, https:\/\/bestmaresme.com\/blog\/wp-content\/uploads\/2025\/05\/IMG_8608-768x512.jpg 768w, https:\/\/bestmaresme.com\/blog\/wp-content\/uploads\/2025\/05\/IMG_8608.jpg 1400w\" sizes=\"(max-width: 790px) 100vw, 790px\" \/><\/p>\n<p><img decoding=\"async\" loading=\"lazy\" class=\"aligncenter size-large wp-image-49218\" src=\"https:\/\/bestmaresme.com\/blog\/wp-content\/uploads\/2025\/05\/IMG_8626-1024x682.jpg\" alt=\"\" width=\"790\" height=\"526\" srcset=\"https:\/\/bestmaresme.com\/blog\/wp-content\/uploads\/2025\/05\/IMG_8626-1024x682.jpg 1024w, https:\/\/bestmaresme.com\/blog\/wp-content\/uploads\/2025\/05\/IMG_8626-300x200.jpg 300w, https:\/\/bestmaresme.com\/blog\/wp-content\/uploads\/2025\/05\/IMG_8626-768x512.jpg 768w, https:\/\/bestmaresme.com\/blog\/wp-content\/uploads\/2025\/05\/IMG_8626.jpg 1400w\" sizes=\"(max-width: 790px) 100vw, 790px\" \/><\/p>\n<p>En la\u00a0<b>planta principal<\/b>: amplio hall de entrada, sal\u00f3n-comedor con salida al porche cubierto y acristalado, cocina completamente amueblada y equipada (muebles Miele y electrodom\u00e9sticos Gaggenau y Miele) con isla central, despensa y zona de lavander\u00eda. Una amplia habitaci\u00f3n en suite con ba\u00f1o y vestidor completa esta planta.<\/p>\n<p><img decoding=\"async\" loading=\"lazy\" class=\"aligncenter size-large wp-image-49219\" src=\"https:\/\/bestmaresme.com\/blog\/wp-content\/uploads\/2025\/05\/IMG_8630-1024x682.jpg\" alt=\"\" width=\"790\" height=\"526\" srcset=\"https:\/\/bestmaresme.com\/blog\/wp-content\/uploads\/2025\/05\/IMG_8630-1024x682.jpg 1024w, https:\/\/bestmaresme.com\/blog\/wp-content\/uploads\/2025\/05\/IMG_8630-300x200.jpg 300w, https:\/\/bestmaresme.com\/blog\/wp-content\/uploads\/2025\/05\/IMG_8630-768x512.jpg 768w, https:\/\/bestmaresme.com\/blog\/wp-content\/uploads\/2025\/05\/IMG_8630.jpg 1400w\" sizes=\"(max-width: 790px) 100vw, 790px\" \/><\/p>\n<p><img decoding=\"async\" loading=\"lazy\" class=\"aligncenter size-large wp-image-49220\" src=\"https:\/\/bestmaresme.com\/blog\/wp-content\/uploads\/2025\/05\/IMG_8640-1024x682.jpg\" alt=\"\" width=\"790\" height=\"526\" srcset=\"https:\/\/bestmaresme.com\/blog\/wp-content\/uploads\/2025\/05\/IMG_8640-1024x682.jpg 1024w, https:\/\/bestmaresme.com\/blog\/wp-content\/uploads\/2025\/05\/IMG_8640-300x200.jpg 300w, https:\/\/bestmaresme.com\/blog\/wp-content\/uploads\/2025\/05\/IMG_8640-768x512.jpg 768w, https:\/\/bestmaresme.com\/blog\/wp-content\/uploads\/2025\/05\/IMG_8640.jpg 1400w\" sizes=\"(max-width: 790px) 100vw, 790px\" \/><\/p>\n<p><img decoding=\"async\" loading=\"lazy\" class=\"aligncenter size-large wp-image-49223\" src=\"https:\/\/bestmaresme.com\/blog\/wp-content\/uploads\/2025\/05\/IMG_8637-1024x682.jpg\" alt=\"\" width=\"790\" height=\"526\" srcset=\"https:\/\/bestmaresme.com\/blog\/wp-content\/uploads\/2025\/05\/IMG_8637-1024x682.jpg 1024w, https:\/\/bestmaresme.com\/blog\/wp-content\/uploads\/2025\/05\/IMG_8637-300x200.jpg 300w, https:\/\/bestmaresme.com\/blog\/wp-content\/uploads\/2025\/05\/IMG_8637-768x512.jpg 768w, https:\/\/bestmaresme.com\/blog\/wp-content\/uploads\/2025\/05\/IMG_8637.jpg 1400w\" sizes=\"(max-width: 790px) 100vw, 790px\" \/><\/p>\n<p><img decoding=\"async\" loading=\"lazy\" class=\"aligncenter size-large wp-image-49221\" src=\"https:\/\/bestmaresme.com\/blog\/wp-content\/uploads\/2025\/05\/IMG_8643-1024x682.jpg\" alt=\"\" width=\"790\" height=\"526\" srcset=\"https:\/\/bestmaresme.com\/blog\/wp-content\/uploads\/2025\/05\/IMG_8643-1024x682.jpg 1024w, https:\/\/bestmaresme.com\/blog\/wp-content\/uploads\/2025\/05\/IMG_8643-300x200.jpg 300w, https:\/\/bestmaresme.com\/blog\/wp-content\/uploads\/2025\/05\/IMG_8643-768x512.jpg 768w, https:\/\/bestmaresme.com\/blog\/wp-content\/uploads\/2025\/05\/IMG_8643.jpg 1400w\" sizes=\"(max-width: 790px) 100vw, 790px\" \/><\/p>\n<p>En la\u00a0<b>planta piso<\/b>\u00a0encontramos tres amplias habitaciones en suite. La principal con vestidor, despacho, un ba\u00f1o con jacuzzi y terraza privada con vistas al mar, a la monta\u00f1a y al centro de poblaci\u00f3n. El otro dormitorio, tambi\u00e9n en suite, tiene vestidor, ba\u00f1o completo y una terraza privada con vistas; el tercer dormitorio en suite de esta planta tiene ba\u00f1o privado y armarios empotrados.<\/p>\n<p><img decoding=\"async\" loading=\"lazy\" class=\"aligncenter size-large wp-image-49222\" src=\"https:\/\/bestmaresme.com\/blog\/wp-content\/uploads\/2025\/05\/IMG_8666-1024x682.jpg\" alt=\"\" width=\"790\" height=\"526\" srcset=\"https:\/\/bestmaresme.com\/blog\/wp-content\/uploads\/2025\/05\/IMG_8666-1024x682.jpg 1024w, https:\/\/bestmaresme.com\/blog\/wp-content\/uploads\/2025\/05\/IMG_8666-300x200.jpg 300w, https:\/\/bestmaresme.com\/blog\/wp-content\/uploads\/2025\/05\/IMG_8666-768x512.jpg 768w, https:\/\/bestmaresme.com\/blog\/wp-content\/uploads\/2025\/05\/IMG_8666.jpg 1400w\" sizes=\"(max-width: 790px) 100vw, 790px\" \/><\/p>\n<p><img decoding=\"async\" loading=\"lazy\" class=\"aligncenter size-large wp-image-49224\" src=\"https:\/\/bestmaresme.com\/blog\/wp-content\/uploads\/2025\/05\/IMG_8670-1024x682.jpg\" alt=\"\" width=\"790\" height=\"526\" srcset=\"https:\/\/bestmaresme.com\/blog\/wp-content\/uploads\/2025\/05\/IMG_8670-1024x682.jpg 1024w, https:\/\/bestmaresme.com\/blog\/wp-content\/uploads\/2025\/05\/IMG_8670-300x200.jpg 300w, https:\/\/bestmaresme.com\/blog\/wp-content\/uploads\/2025\/05\/IMG_8670-768x512.jpg 768w, https:\/\/bestmaresme.com\/blog\/wp-content\/uploads\/2025\/05\/IMG_8670.jpg 1400w\" sizes=\"(max-width: 790px) 100vw, 790px\" \/><\/p>\n<p><img decoding=\"async\" loading=\"lazy\" class=\"aligncenter size-large wp-image-49225\" src=\"https:\/\/bestmaresme.com\/blog\/wp-content\/uploads\/2025\/05\/IMG_8663-1024x682.jpg\" alt=\"\" width=\"790\" height=\"526\" srcset=\"https:\/\/bestmaresme.com\/blog\/wp-content\/uploads\/2025\/05\/IMG_8663-1024x682.jpg 1024w, https:\/\/bestmaresme.com\/blog\/wp-content\/uploads\/2025\/05\/IMG_8663-300x200.jpg 300w, https:\/\/bestmaresme.com\/blog\/wp-content\/uploads\/2025\/05\/IMG_8663-768x512.jpg 768w, https:\/\/bestmaresme.com\/blog\/wp-content\/uploads\/2025\/05\/IMG_8663.jpg 1400w\" sizes=\"(max-width: 790px) 100vw, 790px\" \/><\/p>\n<p><b><strong><a href=\"https:\/\/api.whatsapp.com\/send?l=es-ES&amp;phone=34608010051\" rel=\"attachment wp-att-17273\"><img decoding=\"async\" loading=\"lazy\" class=\"desp-petit aligncenter wp-image-17273\" src=\"https:\/\/bestmaresme.com\/blog\/wp-content\/uploads\/2023\/04\/casas-en-el-maresme-mobil.png\" alt=\"\" width=\"394\" height=\"246\" \/><\/a><a href=\"https:\/\/api.whatsapp.com\/send?l=es-ES&amp;phone=34608010051\" rel=\"attachment wp-att-17274\"><img decoding=\"async\" loading=\"lazy\" class=\"desp-gran aligncenter wp-image-17274 size-full\" src=\"https:\/\/bestmaresme.com\/blog\/wp-content\/uploads\/2023\/04\/casas-en-el-maresme.png\" alt=\"\" width=\"700\" height=\"175\" \/><\/a><\/strong><\/b><\/p>\n<p>En la\u00a0<b>buhardilla<\/b>: dos espacios di\u00e1fanos separados que comparten una terraza-sol\u00e1rium con vistas.<\/p>\n<p><img decoding=\"async\" loading=\"lazy\" class=\"aligncenter size-large wp-image-49226\" src=\"https:\/\/bestmaresme.com\/blog\/wp-content\/uploads\/2025\/05\/IMG_8684-1024x682.jpg\" alt=\"\" width=\"790\" height=\"526\" srcset=\"https:\/\/bestmaresme.com\/blog\/wp-content\/uploads\/2025\/05\/IMG_8684-1024x682.jpg 1024w, https:\/\/bestmaresme.com\/blog\/wp-content\/uploads\/2025\/05\/IMG_8684-300x200.jpg 300w, https:\/\/bestmaresme.com\/blog\/wp-content\/uploads\/2025\/05\/IMG_8684-768x512.jpg 768w, https:\/\/bestmaresme.com\/blog\/wp-content\/uploads\/2025\/05\/IMG_8684.jpg 1400w\" sizes=\"(max-width: 790px) 100vw, 790px\" \/><\/p>\n<p>La\u00a0<b>planta inferior<\/b>\u00a0dispone de una suite para el servicio, bodega, trastero, sala de m\u00e1quinas y un garaje con capacidad para cinco veh\u00edculos, equipado con cargador de veh\u00edculo el\u00e9ctrico y puerta automatizada.<\/p>\n<p><img decoding=\"async\" loading=\"lazy\" class=\"aligncenter size-large wp-image-49227\" src=\"https:\/\/bestmaresme.com\/blog\/wp-content\/uploads\/2025\/05\/IMG_8690-1024x682.jpg\" alt=\"\" width=\"790\" height=\"526\" srcset=\"https:\/\/bestmaresme.com\/blog\/wp-content\/uploads\/2025\/05\/IMG_8690-1024x682.jpg 1024w, https:\/\/bestmaresme.com\/blog\/wp-content\/uploads\/2025\/05\/IMG_8690-300x200.jpg 300w, https:\/\/bestmaresme.com\/blog\/wp-content\/uploads\/2025\/05\/IMG_8690-768x512.jpg 768w, https:\/\/bestmaresme.com\/blog\/wp-content\/uploads\/2025\/05\/IMG_8690.jpg 1400w\" sizes=\"(max-width: 790px) 100vw, 790px\" \/><\/p>\n<p><img decoding=\"async\" loading=\"lazy\" class=\"aligncenter size-large wp-image-49228\" src=\"https:\/\/bestmaresme.com\/blog\/wp-content\/uploads\/2025\/05\/IMG_8695-1024x682.jpg\" alt=\"\" width=\"790\" height=\"526\" srcset=\"https:\/\/bestmaresme.com\/blog\/wp-content\/uploads\/2025\/05\/IMG_8695-1024x682.jpg 1024w, https:\/\/bestmaresme.com\/blog\/wp-content\/uploads\/2025\/05\/IMG_8695-300x200.jpg 300w, https:\/\/bestmaresme.com\/blog\/wp-content\/uploads\/2025\/05\/IMG_8695-768x512.jpg 768w, https:\/\/bestmaresme.com\/blog\/wp-content\/uploads\/2025\/05\/IMG_8695.jpg 1400w\" sizes=\"(max-width: 790px) 100vw, 790px\" \/><\/p>\n<p>En el\u00a0<b>exterior<\/b>, un jard\u00edn en dos niveles con c\u00e9sped artificial, piscina salina desbordante, privacidad total y vistas al mar.<\/p>\n<p><img decoding=\"async\" loading=\"lazy\" class=\"aligncenter size-large wp-image-49229\" src=\"https:\/\/bestmaresme.com\/blog\/wp-content\/uploads\/2025\/05\/IMG_8619-1024x682.jpg\" alt=\"\" width=\"790\" height=\"526\" srcset=\"https:\/\/bestmaresme.com\/blog\/wp-content\/uploads\/2025\/05\/IMG_8619-1024x682.jpg 1024w, https:\/\/bestmaresme.com\/blog\/wp-content\/uploads\/2025\/05\/IMG_8619-300x200.jpg 300w, https:\/\/bestmaresme.com\/blog\/wp-content\/uploads\/2025\/05\/IMG_8619-768x512.jpg 768w, https:\/\/bestmaresme.com\/blog\/wp-content\/uploads\/2025\/05\/IMG_8619.jpg 1400w\" sizes=\"(max-width: 790px) 100vw, 790px\" \/><\/p>\n<p><strong>Extras a destacar:<\/strong> suelos de m\u00e1rmol travertino en la planta baja y parquet natural en la planta de noche y en buhardilla, placas solares con bater\u00eda, aire acondicionado por aerotermia fr\u00edo\/calor, gas natural, carpinter\u00eda exterior de aluminio con doble cristal y rotura t\u00e9rmica de alta gama, persianas el\u00e9ctricas, mosquiteras, toldos autom\u00e1ticos, sistema de seguridad, puerta blindada, iluminaci\u00f3n LED\u2026<\/p>\n<p><b><strong><a href=\"https:\/\/api.whatsapp.com\/send?l=es-ES&amp;phone=34608010051\" rel=\"attachment wp-att-17273\"><img decoding=\"async\" loading=\"lazy\" class=\"desp-petit aligncenter wp-image-17273\" src=\"https:\/\/bestmaresme.com\/blog\/wp-content\/uploads\/2023\/04\/casas-en-el-maresme-mobil.png\" alt=\"\" width=\"394\" height=\"246\" \/><\/a><a href=\"https:\/\/api.whatsapp.com\/send?l=es-ES&amp;phone=34608010051\" rel=\"attachment wp-att-17274\"><img decoding=\"async\" loading=\"lazy\" class=\"desp-gran aligncenter wp-image-17274 size-full\" src=\"https:\/\/bestmaresme.com\/blog\/wp-content\/uploads\/2023\/04\/casas-en-el-maresme.png\" alt=\"\" width=\"700\" height=\"175\" \/><\/a><\/strong><\/b><\/p>","protected":false},"excerpt":{"rendered":"<p>\u00a1Fant\u00e1sticas vistas al mar y cerca del centro! &nbsp; +info C-1463 1.650.000 \u20ac &nbsp; &nbsp; Desde\u00a0BestMaresme\u00a0presentamos esta fant\u00e1stica\u00a0casa en venta\u00a0con mucha alma, maravillosas vistas al&hellip; <\/p>\n","protected":false},"author":1,"featured_media":49212,"comment_status":"closed","ping_status":"closed","sticky":false,"template":"","format":"standard","meta":{"footnotes":""},"categories":[255,172,29],"tags":[6,69,19,32],"_links":{"self":[{"href":"https:\/\/bestmaresme.com\/blog\/wp-json\/wp\/v2\/posts\/49211"}],"collection":[{"href":"https:\/\/bestmaresme.com\/blog\/wp-json\/wp\/v2\/posts"}],"about":[{"href":"https:\/\/bestmaresme.com\/blog\/wp-json\/wp\/v2\/types\/post"}],"author":[{"embeddable":true,"href":"https:\/\/bestmaresme.com\/blog\/wp-json\/wp\/v2\/users\/1"}],"replies":[{"embeddable":true,"href":"https:\/\/bestmaresme.com\/blog\/wp-json\/wp\/v2\/comments?post=49211"}],"version-history":[{"count":12,"href":"https:\/\/bestmaresme.com\/blog\/wp-json\/wp\/v2\/posts\/49211\/revisions"}],"predecessor-version":[{"id":49239,"href":"https:\/\/bestmaresme.com\/blog\/wp-json\/wp\/v2\/posts\/49211\/revisions\/49239"}],"wp:featuredmedia":[{"embeddable":true,"href":"https:\/\/bestmaresme.com\/blog\/wp-json\/wp\/v2\/media\/49212"}],"wp:attachment":[{"href":"https:\/\/bestmaresme.com\/blog\/wp-json\/wp\/v2\/media?parent=49211"}],"wp:term":[{"taxonomy":"category","embeddable":true,"href":"https:\/\/bestmaresme.com\/blog\/wp-json\/wp\/v2\/categories?post=49211"},{"taxonomy":"post_tag","embeddable":true,"href":"https:\/\/bestmaresme.com\/blog\/wp-json\/wp\/v2\/tags?post=49211"}],"curies":[{"name":"wp","href":"https:\/\/api.w.org\/{rel}","templated":true}]}}