{"id":49262,"date":"2025-06-05T14:50:59","date_gmt":"2025-06-05T14:50:59","guid":{"rendered":"https:\/\/bestmaresme.com\/blog\/?p=49262"},"modified":"2025-06-05T14:51:42","modified_gmt":"2025-06-05T14:51:42","slug":"la-ue-pide-a-espana-incrementar-el-parque-de-vivienda-publica","status":"publish","type":"post","link":"https:\/\/bestmaresme.com\/blog\/la-ue-pide-a-espana-incrementar-el-parque-de-vivienda-publica\/","title":{"rendered":"La UE pide a Espa\u00f1a incrementar el parque de vivienda p\u00fablica"},"content":{"rendered":"<p>&nbsp;<\/p>\n<p>La\u00a0Comisi\u00f3n Europea ha instado a\u00a0Espa\u00f1a a resolver el\u00a0grave problema de escasez\u00a0de vivienda en el pa\u00eds, aumentando el parque de <span style=\"color: #993366;\"><strong>vivienda p\u00fablica<\/strong><\/span> y asequible. Y es que el parque de\u00a0vivienda social de alquiler\u00a0en Espa\u00f1a representa s\u00f3lo el\u00a01,5%\u00a0del total, frente al\u00a09% de media en la UE, y casi el 40% de los inquilinos espa\u00f1oles destinan actualmente el 40% de sus ingresos al pago del alquiler, frente al 27% de media en la UE. La Comisi\u00f3n se basa en los datos del Banco de Espa\u00f1a, que apuntan a un d\u00e9ficit de al menos 600.000 viviendas en Espa\u00f1a. Ya no es s\u00f3lo un problema social, sino que se ha convertido en una\u00a0<span style=\"color: #993366;\"><strong>amenaza para el crecimiento econ\u00f3mico <\/strong><\/span>del pa\u00eds.<\/p>\n<p>Por otro lado, el Ejecutivo europeo remarca que ser\u00eda positivo que Espa\u00f1a reformara la <span style=\"color: #993366;\"><strong>Ley del Suelo<\/strong><\/span> a fin de reducir plazos para la concesi\u00f3n de permisos de obra, brindar una mayor estabilidad jur\u00eddica y eliminar el pernicioso exceso de burocracia. Asimismo, desde Bruselas se apunta a la necesidad de revertir la creciente <span style=\"color: #993366;\"><strong>escasez de mano de obra<\/strong><\/span> en el sector\u00a0de la construcci\u00f3n, dado que muchas empresas del sector tienen importantes dificultades para encontrar trabajadores.<\/p>\n<p><img decoding=\"async\" loading=\"lazy\" class=\"aligncenter wp-image-49272\" src=\"https:\/\/bestmaresme.com\/blog\/wp-content\/uploads\/2025\/06\/Foto.jpg\" alt=\"\" width=\"689\" height=\"459\" srcset=\"https:\/\/bestmaresme.com\/blog\/wp-content\/uploads\/2025\/06\/Foto.jpg 750w, https:\/\/bestmaresme.com\/blog\/wp-content\/uploads\/2025\/06\/Foto-300x200.jpg 300w\" sizes=\"(max-width: 689px) 100vw, 689px\" \/><\/p>\n<p>Bruselas tambi\u00e9n subraya en su informe que el acceso a una vivienda digna y asequible se ha convertido en el mayor <span style=\"color: #993366;\"><strong>desaf\u00edo social <\/strong><\/span>contempor\u00e1neo, especialmente para aquellos con menos recursos como los\u00a0hogares vulnerables, los pensionistas y los j\u00f3venes. El documento arroja un dato demoledor: el precio de la vivienda en Espa\u00f1a\u00a0ha aumentado pr\u00e1cticamente un 50% desde 2015, sin que ese coeficiente encuentre una r\u00e9plica comparable en lo que respecta al nivel de ingresos de los hogares.<\/p>\n<p>Uno de los principales desencadenantes de esta coyuntura es el auge de determinadas tendencias relacionadas con el <span style=\"color: #993366;\"><strong>turismo<\/strong><\/span>, que han llevado a que\u00a0cada vez m\u00e1s viviendas se deriven al <span style=\"color: #993366;\"><strong>alquiler vacacional<\/strong><\/span>.\u00a0Este cambio ha hecho que se reduzca la oferta de alquiler convencional, particularmente en las grandes urbes. Por esa raz\u00f3n, Bruselas defiende que podr\u00eda tener sentido dar m\u00e1s apoyo a la oferta de vivienda en las \u00e1reas tensionadas y para personas vulnerables, si es preciso simplificando el marco normativo.<\/p>\n<p>&nbsp;<\/p>\n<p><b><strong><a href=\"https:\/\/api.whatsapp.com\/send?l=es-ES&amp;phone=34608010051\" rel=\"attachment wp-att-17273\"><img decoding=\"async\" loading=\"lazy\" class=\"desp-petit aligncenter wp-image-17273\" src=\"https:\/\/bestmaresme.com\/blog\/wp-content\/uploads\/2023\/04\/casas-en-el-maresme-mobil.png\" alt=\"\" width=\"394\" height=\"246\" \/><\/a><a href=\"https:\/\/api.whatsapp.com\/send?l=es-ES&amp;phone=34608010051\" rel=\"attachment wp-att-17274\"><img decoding=\"async\" loading=\"lazy\" class=\"desp-gran aligncenter wp-image-17274 size-full\" src=\"https:\/\/bestmaresme.com\/blog\/wp-content\/uploads\/2023\/04\/casas-en-el-maresme.png\" alt=\"\" width=\"700\" height=\"175\" \/><\/a><\/strong><\/b><\/p>","protected":false},"excerpt":{"rendered":"<p>&nbsp; La\u00a0Comisi\u00f3n Europea ha instado a\u00a0Espa\u00f1a a resolver el\u00a0grave problema de escasez\u00a0de vivienda en el pa\u00eds, aumentando el parque de vivienda p\u00fablica y asequible. Y&hellip; <\/p>\n","protected":false},"author":1,"featured_media":49270,"comment_status":"closed","ping_status":"closed","sticky":false,"template":"","format":"standard","meta":{"footnotes":""},"categories":[174,122,117,172],"tags":[69,19,22],"_links":{"self":[{"href":"https:\/\/bestmaresme.com\/blog\/wp-json\/wp\/v2\/posts\/49262"}],"collection":[{"href":"https:\/\/bestmaresme.com\/blog\/wp-json\/wp\/v2\/posts"}],"about":[{"href":"https:\/\/bestmaresme.com\/blog\/wp-json\/wp\/v2\/types\/post"}],"author":[{"embeddable":true,"href":"https:\/\/bestmaresme.com\/blog\/wp-json\/wp\/v2\/users\/1"}],"replies":[{"embeddable":true,"href":"https:\/\/bestmaresme.com\/blog\/wp-json\/wp\/v2\/comments?post=49262"}],"version-history":[{"count":15,"href":"https:\/\/bestmaresme.com\/blog\/wp-json\/wp\/v2\/posts\/49262\/revisions"}],"predecessor-version":[{"id":49279,"href":"https:\/\/bestmaresme.com\/blog\/wp-json\/wp\/v2\/posts\/49262\/revisions\/49279"}],"wp:featuredmedia":[{"embeddable":true,"href":"https:\/\/bestmaresme.com\/blog\/wp-json\/wp\/v2\/media\/49270"}],"wp:attachment":[{"href":"https:\/\/bestmaresme.com\/blog\/wp-json\/wp\/v2\/media?parent=49262"}],"wp:term":[{"taxonomy":"category","embeddable":true,"href":"https:\/\/bestmaresme.com\/blog\/wp-json\/wp\/v2\/categories?post=49262"},{"taxonomy":"post_tag","embeddable":true,"href":"https:\/\/bestmaresme.com\/blog\/wp-json\/wp\/v2\/tags?post=49262"}],"curies":[{"name":"wp","href":"https:\/\/api.w.org\/{rel}","templated":true}]}}