{"id":4975,"date":"2018-10-23T16:16:10","date_gmt":"2018-10-23T16:16:10","guid":{"rendered":"https:\/\/bestmaresme.com\/blog\/?p=4975"},"modified":"2023-07-21T20:09:04","modified_gmt":"2023-07-21T20:09:04","slug":"espacio-gastronomico-y-centro-comercial-en-vilassar-de-dalt","status":"publish","type":"post","link":"https:\/\/bestmaresme.com\/blog\/espacio-gastronomico-y-centro-comercial-en-vilassar-de-dalt\/","title":{"rendered":"Espacio gastron\u00f3mico y centro comercial en Vilassar de Dalt"},"content":{"rendered":"<p><\/p>\n<blockquote><p><strong>Oferta gastron\u00f3mica<\/strong> que destaca la cocina tradicional, mar y monta\u00f1a, tapas cl\u00e1sicas e innovadoras \u00a0\u2026 utilizando productos de <strong>alta calidad<\/strong>.<\/p><\/blockquote>\n<figure id=\"attachment_4976\" aria-describedby=\"caption-attachment-4976\" style=\"width: 1900px\" class=\"wp-caption aligncenter\"><a href=\"https:\/\/www.hotelsorliemocions.cat\/serveis\/\"><img decoding=\"async\" loading=\"lazy\" class=\"wp-image-4976 size-full\" src=\"https:\/\/bestmaresme.com\/blog\/wp-content\/uploads\/2018\/10\/restaurant_sorli.jpg\" alt=\"Interior del Resatuarante Sorli Emotions\" width=\"1900\" height=\"800\" srcset=\"https:\/\/bestmaresme.com\/blog\/wp-content\/uploads\/2018\/10\/restaurant_sorli.jpg 1900w, https:\/\/bestmaresme.com\/blog\/wp-content\/uploads\/2018\/10\/restaurant_sorli-300x126.jpg 300w, https:\/\/bestmaresme.com\/blog\/wp-content\/uploads\/2018\/10\/restaurant_sorli-768x323.jpg 768w, https:\/\/bestmaresme.com\/blog\/wp-content\/uploads\/2018\/10\/restaurant_sorli-1024x431.jpg 1024w, https:\/\/bestmaresme.com\/blog\/wp-content\/uploads\/2018\/10\/restaurant_sorli-973x410.jpg 973w, https:\/\/bestmaresme.com\/blog\/wp-content\/uploads\/2018\/10\/restaurant_sorli-508x214.jpg 508w\" sizes=\"(max-width: 1900px) 100vw, 1900px\" \/><\/a><figcaption id=\"caption-attachment-4976\" class=\"wp-caption-text\">Interior del Resatuarante Sorli Emotions<\/figcaption><\/figure>\n<p><em>Disponen de venta de productos de charcuter\u00eda y queser\u00eda, adem\u00e1s de servicio de jam\u00f3n al corte y gran selecci\u00f3n de vinos. \u00a0Ofrecen un men\u00fa de mediod\u00eda <strong>buena relaci\u00f3n calidad precio<\/strong>. Encontrar\u00e1s una terraza y jard\u00edn para los ni\u00f1os<\/em>.<\/p>\n<div id='gallery-1' class='gallery galleryid-4975 gallery-columns-3 gallery-size-medium'><figure class='gallery-item'>\n\t\t\t<div class='gallery-icon landscape'>\n\t\t\t\t<a href='https:\/\/bestmaresme.com\/blog\/espacio-gastronomico-y-centro-comercial-en-vilassar-de-dalt\/plato\/'><img width=\"300\" height=\"227\" src=\"https:\/\/bestmaresme.com\/blog\/wp-content\/uploads\/2018\/10\/plato-300x227.jpg\" class=\"attachment-medium size-medium\" alt=\"\" decoding=\"async\" loading=\"lazy\" srcset=\"https:\/\/bestmaresme.com\/blog\/wp-content\/uploads\/2018\/10\/plato-300x227.jpg 300w, https:\/\/bestmaresme.com\/blog\/wp-content\/uploads\/2018\/10\/plato-508x384.jpg 508w, https:\/\/bestmaresme.com\/blog\/wp-content\/uploads\/2018\/10\/plato.jpg 634w\" sizes=\"(max-width: 300px) 100vw, 300px\" \/><\/a>\n\t\t\t<\/div><\/figure><figure class='gallery-item'>\n\t\t\t<div class='gallery-icon landscape'>\n\t\t\t\t<a href='https:\/\/bestmaresme.com\/blog\/espacio-gastronomico-y-centro-comercial-en-vilassar-de-dalt\/plato-1\/'><img width=\"300\" height=\"159\" src=\"https:\/\/bestmaresme.com\/blog\/wp-content\/uploads\/2018\/10\/plato-1-300x159.jpg\" class=\"attachment-medium size-medium\" alt=\"\" decoding=\"async\" loading=\"lazy\" srcset=\"https:\/\/bestmaresme.com\/blog\/wp-content\/uploads\/2018\/10\/plato-1-300x159.jpg 300w, https:\/\/bestmaresme.com\/blog\/wp-content\/uploads\/2018\/10\/plato-1.jpg 500w\" sizes=\"(max-width: 300px) 100vw, 300px\" \/><\/a>\n\t\t\t<\/div><\/figure><figure class='gallery-item'>\n\t\t\t<div class='gallery-icon landscape'>\n\t\t\t\t<a href='https:\/\/bestmaresme.com\/blog\/espacio-gastronomico-y-centro-comercial-en-vilassar-de-dalt\/welcome\/'><img width=\"300\" height=\"199\" src=\"https:\/\/bestmaresme.com\/blog\/wp-content\/uploads\/2018\/10\/welcome-300x199.jpg\" class=\"attachment-medium size-medium\" alt=\"\" decoding=\"async\" loading=\"lazy\" srcset=\"https:\/\/bestmaresme.com\/blog\/wp-content\/uploads\/2018\/10\/welcome-300x199.jpg 300w, https:\/\/bestmaresme.com\/blog\/wp-content\/uploads\/2018\/10\/welcome.jpg 500w\" sizes=\"(max-width: 300px) 100vw, 300px\" \/><\/a>\n\t\t\t<\/div><\/figure>\n\t\t<\/div>\n\n<p><em>En las noches de verano puedes disfrutar de m\u00fasica en directo en el exterior del restaurante.<\/em><\/p>\n<p><em>Cercanas al restaurante disponemos de estas fant\u00e1sticas casas en <strong>Vilassar de Dalt<\/strong>.<\/em><\/p>\n<figure id=\"attachment_4980\" aria-describedby=\"caption-attachment-4980\" style=\"width: 1400px\" class=\"wp-caption aligncenter\"><a href=\"https:\/\/bestmaresme.com\/Vilassar_de_Dalt\/158-casas-Vilassar_de_Dalt-161\/\"><img decoding=\"async\" loading=\"lazy\" class=\"wp-image-4980 size-full\" src=\"https:\/\/bestmaresme.com\/blog\/wp-content\/uploads\/2018\/10\/IMG_7059.jpg\" alt=\"Ver m\u00e1s informacion de esta casa contempor\u00e1nea\" width=\"1400\" height=\"933\" srcset=\"https:\/\/bestmaresme.com\/blog\/wp-content\/uploads\/2018\/10\/IMG_7059.jpg 1400w, https:\/\/bestmaresme.com\/blog\/wp-content\/uploads\/2018\/10\/IMG_7059-300x200.jpg 300w, https:\/\/bestmaresme.com\/blog\/wp-content\/uploads\/2018\/10\/IMG_7059-768x512.jpg 768w, https:\/\/bestmaresme.com\/blog\/wp-content\/uploads\/2018\/10\/IMG_7059-1024x682.jpg 1024w, https:\/\/bestmaresme.com\/blog\/wp-content\/uploads\/2018\/10\/IMG_7059-973x648.jpg 973w, https:\/\/bestmaresme.com\/blog\/wp-content\/uploads\/2018\/10\/IMG_7059-508x339.jpg 508w\" sizes=\"(max-width: 1400px) 100vw, 1400px\" \/><\/a><figcaption id=\"caption-attachment-4980\" class=\"wp-caption-text\">Ver m\u00e1s informacion de esta casa contempor\u00e1nea<\/figcaption><\/figure>\n<figure id=\"attachment_4982\" aria-describedby=\"caption-attachment-4982\" style=\"width: 1400px\" class=\"wp-caption aligncenter\"><a href=\"https:\/\/bestmaresme.com\/Vilassar_de_Dalt\/610-casas-Vilassar_de_Dalt-418\/\"><img decoding=\"async\" loading=\"lazy\" class=\"wp-image-4982 size-full\" src=\"https:\/\/bestmaresme.com\/blog\/wp-content\/uploads\/2018\/10\/IMG_5839.jpg\" alt=\"Casa de lujo 100% dom\u00f3tica \" width=\"1400\" height=\"933\" srcset=\"https:\/\/bestmaresme.com\/blog\/wp-content\/uploads\/2018\/10\/IMG_5839.jpg 1400w, https:\/\/bestmaresme.com\/blog\/wp-content\/uploads\/2018\/10\/IMG_5839-300x200.jpg 300w, https:\/\/bestmaresme.com\/blog\/wp-content\/uploads\/2018\/10\/IMG_5839-768x512.jpg 768w, https:\/\/bestmaresme.com\/blog\/wp-content\/uploads\/2018\/10\/IMG_5839-1024x682.jpg 1024w, https:\/\/bestmaresme.com\/blog\/wp-content\/uploads\/2018\/10\/IMG_5839-973x648.jpg 973w, https:\/\/bestmaresme.com\/blog\/wp-content\/uploads\/2018\/10\/IMG_5839-508x339.jpg 508w\" sizes=\"(max-width: 1400px) 100vw, 1400px\" \/><\/a><figcaption id=\"caption-attachment-4982\" class=\"wp-caption-text\">Casa de lujo 100% dom\u00f3tica<\/figcaption><\/figure>\n<figure id=\"attachment_4983\" aria-describedby=\"caption-attachment-4983\" style=\"width: 1400px\" class=\"wp-caption aligncenter\"><a href=\"https:\/\/bestmaresme.com\/Vilassar_de_Dalt\/657-casas-Vilassar_de_Dalt-462\/\"><img decoding=\"async\" loading=\"lazy\" class=\"wp-image-4983 size-full\" src=\"https:\/\/bestmaresme.com\/blog\/wp-content\/uploads\/2018\/10\/IMG_9492.jpg\" alt=\"Casa de lujo y dise\u00f1o con bonitas vistas al mar\" width=\"1400\" height=\"933\" srcset=\"https:\/\/bestmaresme.com\/blog\/wp-content\/uploads\/2018\/10\/IMG_9492.jpg 1400w, https:\/\/bestmaresme.com\/blog\/wp-content\/uploads\/2018\/10\/IMG_9492-300x200.jpg 300w, https:\/\/bestmaresme.com\/blog\/wp-content\/uploads\/2018\/10\/IMG_9492-768x512.jpg 768w, https:\/\/bestmaresme.com\/blog\/wp-content\/uploads\/2018\/10\/IMG_9492-1024x682.jpg 1024w, https:\/\/bestmaresme.com\/blog\/wp-content\/uploads\/2018\/10\/IMG_9492-973x648.jpg 973w, https:\/\/bestmaresme.com\/blog\/wp-content\/uploads\/2018\/10\/IMG_9492-508x339.jpg 508w\" sizes=\"(max-width: 1400px) 100vw, 1400px\" \/><\/a><figcaption id=\"caption-attachment-4983\" class=\"wp-caption-text\">Casa de lujo y dise\u00f1o con bonitas vistas al mar<\/figcaption><\/figure>\n<p><em><strong>Vilassar de Dalt<\/strong> es una poblaci\u00f3n ubicada a tan solo 15 minutos de Barcelona y a 30 minutos del aeropuerto de Barcelona-El Prat y a 45 del de Girona, con acceso directo por autopista desde la frontera con Francia. Se halla en el coraz\u00f3n de la comarca del <a href=\"https:\/\/bestmaresme.com\/\"><strong>Maresme<\/strong><\/a>, entre el mar y la monta\u00f1a, a semejanza de un verdadero balc\u00f3n sobre el Mediterr\u00e1neo.<\/em><!--more--><\/p>","protected":false},"excerpt":{"rendered":"<p>Oferta gastron\u00f3mica que destaca la cocina tradicional, mar y monta\u00f1a, tapas cl\u00e1sicas e innovadoras \u00a0\u2026 utilizando productos de alta calidad. Disponen de venta de productos&hellip; <\/p>\n","protected":false},"author":1,"featured_media":4988,"comment_status":"open","ping_status":"open","sticky":false,"template":"","format":"standard","meta":{"footnotes":""},"categories":[157,1],"tags":[6,33,3,9,19,73],"_links":{"self":[{"href":"https:\/\/bestmaresme.com\/blog\/wp-json\/wp\/v2\/posts\/4975"}],"collection":[{"href":"https:\/\/bestmaresme.com\/blog\/wp-json\/wp\/v2\/posts"}],"about":[{"href":"https:\/\/bestmaresme.com\/blog\/wp-json\/wp\/v2\/types\/post"}],"author":[{"embeddable":true,"href":"https:\/\/bestmaresme.com\/blog\/wp-json\/wp\/v2\/users\/1"}],"replies":[{"embeddable":true,"href":"https:\/\/bestmaresme.com\/blog\/wp-json\/wp\/v2\/comments?post=4975"}],"version-history":[{"count":6,"href":"https:\/\/bestmaresme.com\/blog\/wp-json\/wp\/v2\/posts\/4975\/revisions"}],"predecessor-version":[{"id":42833,"href":"https:\/\/bestmaresme.com\/blog\/wp-json\/wp\/v2\/posts\/4975\/revisions\/42833"}],"wp:featuredmedia":[{"embeddable":true,"href":"https:\/\/bestmaresme.com\/blog\/wp-json\/wp\/v2\/media\/4988"}],"wp:attachment":[{"href":"https:\/\/bestmaresme.com\/blog\/wp-json\/wp\/v2\/media?parent=4975"}],"wp:term":[{"taxonomy":"category","embeddable":true,"href":"https:\/\/bestmaresme.com\/blog\/wp-json\/wp\/v2\/categories?post=4975"},{"taxonomy":"post_tag","embeddable":true,"href":"https:\/\/bestmaresme.com\/blog\/wp-json\/wp\/v2\/tags?post=4975"}],"curies":[{"name":"wp","href":"https:\/\/api.w.org\/{rel}","templated":true}]}}