{"id":50545,"date":"2026-04-30T10:11:18","date_gmt":"2026-04-30T10:11:18","guid":{"rendered":"https:\/\/bestmaresme.com\/blog\/?p=50545"},"modified":"2026-04-30T11:52:24","modified_gmt":"2026-04-30T11:52:24","slug":"mercado-inmobiliario-del-maresme-en-2026","status":"publish","type":"post","link":"https:\/\/bestmaresme.com\/blog\/mercado-inmobiliario-del-maresme-en-2026\/","title":{"rendered":"Mercado Inmobiliario del Maresme en 2026"},"content":{"rendered":"<p>Vivir en la comarca del<a href=\"https:\/\/bestmaresme.com\/\"><strong> Maresme<\/strong><\/a> equivale a ganar calidad de vida sin renunciar a nada importante, ya que ofrece ese equilibrio que cuesta encontrar: vivir con calma, cerca del mar, pero con todas las oportunidades de una gran ciudad como Barcelona al alcance.<\/p>\n<p>Los <strong>pueblos del Maresme<\/strong> todav\u00eda mantienen ese ambiente cercano donde es f\u00e1cil conocer a la gente, hacer vida de pueblo y sentirse parte de una comunidad. Y si te gusta la naturaleza, en pocos minutos pasas de la costa a la monta\u00f1a. Asimismo, tener <strong>Barcelona<\/strong> tan cerca permite ir y venir f\u00e1cilmente para trabajar, estudiar o disfrutar de su oferta cultural. Por todo ello, no es de extra\u00f1ar que mucha gente desee mudarse a vivir all\u00ed.<\/p>\n<p><strong>En el actual contexto<\/strong>, el mercado inmobiliario del Maresme presenta una combinaci\u00f3n bastante clara de crecimiento sostenido, presi\u00f3n de demanda y segmentaci\u00f3n territorial. A continuaci\u00f3n, vamos a analizar los puntos cr\u00edticos:<\/p>\n<h5><span style=\"color: #993366;\"><strong>1. <u>Precio<\/u><\/strong><\/span><\/h5>\n<p>El <strong>precio medio<\/strong> de una vivienda en el Maresme se sit\u00faa aproximadamente entre 2.700 y 3.000 \u20ac\/m\u00b2, con variaciones importantes seg\u00fan el municipio. En t\u00e9rminos generales, en los \u00faltimos 12 meses los precios de las casas han experimentado un incremento del +6,1%, mientras que en el caso de los pisos, \u00e9stos han sufrido un aumento del +5,6% en el precio medio. Y si tomamos en consideraci\u00f3n los \u00faltimos 5 a\u00f1os (post-pandemia), el incremento acumulado alcanza hasta el +32% en las casas y el +25% en los pisos. Por consiguiente, nos encontramos en una fase de clara tendencia alcista.<\/p>\n<figure id=\"attachment_50601\" aria-describedby=\"caption-attachment-50601\" style=\"width: 600px\" class=\"wp-caption aligncenter\"><img decoding=\"async\" loading=\"lazy\" class=\"wp-image-50601\" src=\"https:\/\/bestmaresme.com\/blog\/wp-content\/uploads\/2026\/04\/Grafico.jpg\" alt=\"\" width=\"600\" height=\"399\" srcset=\"https:\/\/bestmaresme.com\/blog\/wp-content\/uploads\/2026\/04\/Grafico.jpg 772w, https:\/\/bestmaresme.com\/blog\/wp-content\/uploads\/2026\/04\/Grafico-300x199.jpg 300w, https:\/\/bestmaresme.com\/blog\/wp-content\/uploads\/2026\/04\/Grafico-768x510.jpg 768w\" sizes=\"(max-width: 600px) 100vw, 600px\" \/><figcaption id=\"caption-attachment-50601\" class=\"wp-caption-text\">La vivienda en el Maresme se encarece<\/figcaption><\/figure>\n<h5><span style=\"color: #993366;\"><strong>2. <u>Diferencias territoriales<\/u><\/strong><\/span><\/h5>\n<p>La comarca del Maresme est\u00e1 constituida por <strong>30 municipios<\/strong>, con ligeras diferencias entre cada uno de ellos. Por esa raz\u00f3n, el mercado inmobiliario del Maresme no es un mercado homog\u00e9neo, ya que influyen m\u00faltiples factores como, por ejemplo, la distancia a la ciudad de Barcelona o la calidad de sus playas.<\/p>\n<figure id=\"attachment_50588\" aria-describedby=\"caption-attachment-50588\" style=\"width: 600px\" class=\"wp-caption aligncenter\"><img decoding=\"async\" loading=\"lazy\" class=\"wp-image-50588\" src=\"https:\/\/bestmaresme.com\/blog\/wp-content\/uploads\/2026\/04\/Mapa-del-Maresme-e1777477919389.png\" alt=\"\" width=\"600\" height=\"410\" srcset=\"https:\/\/bestmaresme.com\/blog\/wp-content\/uploads\/2026\/04\/Mapa-del-Maresme-e1777477919389.png 1041w, https:\/\/bestmaresme.com\/blog\/wp-content\/uploads\/2026\/04\/Mapa-del-Maresme-e1777477919389-300x205.png 300w, https:\/\/bestmaresme.com\/blog\/wp-content\/uploads\/2026\/04\/Mapa-del-Maresme-e1777477919389-1024x699.png 1024w, https:\/\/bestmaresme.com\/blog\/wp-content\/uploads\/2026\/04\/Mapa-del-Maresme-e1777477919389-768x525.png 768w\" sizes=\"(max-width: 600px) 100vw, 600px\" \/><figcaption id=\"caption-attachment-50588\" class=\"wp-caption-text\">Mapa del Maresme<\/figcaption><\/figure>\n<p>A grandes rasgos, podr\u00edamos definir 3 grandes \u00e1reas:<\/p>\n<ul>\n<li style=\"list-style-type: none;\">\n<ul>\n<li><span style=\"text-decoration: underline;\"><strong>ZONA SUR<\/strong><\/span><strong>:<\/strong><\/li>\n<\/ul>\n<\/li>\n<\/ul>\n<p style=\"padding-left: 40px;\">En esta zona se encuentran municipios como <strong>Montgat<\/strong>, <strong>Tiana<\/strong>, <strong>El Masnou<\/strong>, <strong>Alella<\/strong>, <strong>Tei\u00e0 <\/strong>o<strong> Premi\u00e0<\/strong>, y se caracteriza por una alta demanda debido a su proximidad a Barcelona (en 20 minutos aproximadamente puedes estar en pleno coraz\u00f3n de la Ciudad Condal). Por ello, los precios tienden a ser m\u00e1s elevados y destaca especialmente la situaci\u00f3n de tensi\u00f3n en el mercado de alquiler, debido al \u00abefecto expulsi\u00f3n\u00bb de muchas personas que anteriormente hubieran encontrado alojamiento en Barcelona, pero que en la actualidad no tienen m\u00e1s remedio que buscar alternativas en \u00e1reas lim\u00edtrofes a la capital catalana.<\/p>\n<ul>\n<li style=\"list-style-type: none;\">\n<ul>\n<li><span style=\"text-decoration: underline;\"><strong>ZONA CENTRAL<\/strong><\/span><strong>:<\/strong><\/li>\n<\/ul>\n<\/li>\n<\/ul>\n<p style=\"padding-left: 40px;\">Municipios como <strong>Cabrils<\/strong>, <strong>Cabrera de Mar<\/strong>, <strong>Vilassar<\/strong>, <strong>Argentona <\/strong>o\u00a0<strong>Matar\u00f3<\/strong> (la capital comarcal), a los cuales tambi\u00e9n se pueden a\u00f1adir, aunque se encuentren algo m\u00e1s al norte, <strong>Sant Andreu de Llavaneres<\/strong>, <strong>Sant Vicen\u00e7 de Montalt<\/strong>, <strong>Caldes d&#8217;Estrac <\/strong>o hasta<strong> Arenys<\/strong>. Se trata de un mercado m\u00e1s equilibrado, amplio y diversificado, donde podemos encontrar desde el cliente que busca residir todo el a\u00f1o, pasando por quienes buscan adquirir una segunda residencia junto al mar, y llegando hasta el perfil puramente inversor (por ejemplo, para derivar la vivienda al alquiler tur\u00edstico).<\/p>\n<ul>\n<li style=\"list-style-type: none;\">\n<ul>\n<li><span style=\"text-decoration: underline;\"><strong>ZONA NORTE<\/strong><\/span><strong>:<\/strong><\/li>\n<\/ul>\n<\/li>\n<\/ul>\n<p style=\"padding-left: 40px;\">En este \u00faltimo tramo del Maresme se encuentran municipios como <strong>Canet de Mar<\/strong>, <strong>Sant Pol de Mar<\/strong>, <strong>Calella<\/strong>, <strong>Pineda de Mar<\/strong>, <strong>Malgrat de Mar<\/strong>, <strong>Santa Susanna<\/strong> o <strong>Tordera<\/strong>, entre otros. Se trata de un \u00e1rea con m\u00e1s oferta de vivienda disponible y con precios m\u00e1s asequibles.<\/p>\n<p>Por lo tanto, se puede afirmar que <strong>el precio de las viviendas suele ser inversamente proporcional a la distancia a Barcelona<\/strong>. No obstante, tal afirmaci\u00f3n no es absoluta, ya que municipios como Sant Andreu de Llavaneres o Sant Vicen\u00e7 de Montalt son zonas <em>premium<\/em>\u00a0y no por ser las m\u00e1s cercanas a la gran ciudad, sino por su belleza objetiva.<\/p>\n<p><b><strong><a href=\"https:\/\/api.whatsapp.com\/send?l=es-ES&amp;phone=34608010051\" rel=\"attachment wp-att-17273\"><img decoding=\"async\" loading=\"lazy\" class=\"desp-petit aligncenter wp-image-17273\" src=\"https:\/\/bestmaresme.com\/blog\/wp-content\/uploads\/2023\/04\/casas-en-el-maresme-mobil.png\" alt=\"\" width=\"394\" height=\"246\" \/><\/a><a href=\"https:\/\/api.whatsapp.com\/send?l=es-ES&amp;phone=34608010051\" rel=\"attachment wp-att-17274\"><img decoding=\"async\" loading=\"lazy\" class=\"desp-gran aligncenter wp-image-17274 size-full\" src=\"https:\/\/bestmaresme.com\/blog\/wp-content\/uploads\/2023\/04\/casas-en-el-maresme.png\" alt=\"\" width=\"700\" height=\"175\" \/><\/a><\/strong><\/b><\/p>\n<h5><span style=\"color: #993366;\"><strong>3. <u>Auge del segmento <em>premium<\/em><\/u><\/strong><\/span><\/h5>\n<p>El<strong> auge del segmento <em>premium<\/em><\/strong> en el Maresme no es una percepci\u00f3n puntual: responde a un cambio estructural en la demanda, el perfil del comprador y el posicionamiento territorial de la comarca dentro del eje Barcelona\u2013Mediterr\u00e1neo. Muchas viviendas en zonas premium como Alella, Tei\u00e0 o Sant Andreu de Llavaneres alcanzan los <strong>4.000 \u20ac\/m\u00b2<\/strong>, y si se trata de propiedades exclusivas se puede llegar hasta los <strong>10.000 \u20ac\/m\u00b2<\/strong>. Aqu\u00ed destaca con fuerza la demanda que llega por parte del cliente internacional, generalmente con un alto poder adquisitivo.<\/p>\n<figure id=\"attachment_50593\" aria-describedby=\"caption-attachment-50593\" style=\"width: 600px\" class=\"wp-caption aligncenter\"><img decoding=\"async\" loading=\"lazy\" class=\"wp-image-50593\" src=\"https:\/\/bestmaresme.com\/blog\/wp-content\/uploads\/2026\/04\/20250612_DS_LLA_CAMARA_019.png\" alt=\"\" width=\"600\" height=\"400\" srcset=\"https:\/\/bestmaresme.com\/blog\/wp-content\/uploads\/2026\/04\/20250612_DS_LLA_CAMARA_019.png 1500w, https:\/\/bestmaresme.com\/blog\/wp-content\/uploads\/2026\/04\/20250612_DS_LLA_CAMARA_019-300x200.png 300w, https:\/\/bestmaresme.com\/blog\/wp-content\/uploads\/2026\/04\/20250612_DS_LLA_CAMARA_019-1024x683.png 1024w, https:\/\/bestmaresme.com\/blog\/wp-content\/uploads\/2026\/04\/20250612_DS_LLA_CAMARA_019-768x512.png 768w\" sizes=\"(max-width: 600px) 100vw, 600px\" \/><figcaption id=\"caption-attachment-50593\" class=\"wp-caption-text\">La vivienda de alto standing gana terreno en el Maresme<\/figcaption><\/figure>\n<p>En este sentido, el Maresme ha dejado verse como una alternativa residencial a Barcelona, sino m\u00e1s bien como un mercado que <strong>compite de t\u00fa a t\u00fa<\/strong> con la ciudad, ofreciendo lujo con alto atractivo.<\/p>\n<h5><span style=\"color: #993366;\"><strong>4. <u>Cambios en la demanda<\/u><\/strong><\/span><\/h5>\n<p>En los \u00faltimos a\u00f1os, <strong>la demanda ha cambiado significativamente<\/strong> en lo que respecta al mercado de la vivienda. Uno de los momentos clave fue la pandemia de COVID-19, momento a partir del cual muchos hogares han empezado a priorizar vivir con m\u00e1s espacio y calidad de vida, en detrimento de vivir en plena urbe e hiperconectados en todo momento. Adem\u00e1s, el auge del teletrabajo se ha dejado notar en ese sentido tambi\u00e9n (si bien hay marcadores que indican que todav\u00eda no est\u00e1 plenamente implantado, y que el personal de muchas empresas y profesionales independientes siguen desplaz\u00e1ndose a diario).<\/p>\n<figure id=\"attachment_50605\" aria-describedby=\"caption-attachment-50605\" style=\"width: 600px\" class=\"wp-caption aligncenter\"><img decoding=\"async\" loading=\"lazy\" class=\"wp-image-50605\" src=\"https:\/\/bestmaresme.com\/blog\/wp-content\/uploads\/2026\/04\/Familia-casa.jpg\" alt=\"\" width=\"600\" height=\"401\" srcset=\"https:\/\/bestmaresme.com\/blog\/wp-content\/uploads\/2026\/04\/Familia-casa.jpg 738w, https:\/\/bestmaresme.com\/blog\/wp-content\/uploads\/2026\/04\/Familia-casa-300x200.jpg 300w\" sizes=\"(max-width: 600px) 100vw, 600px\" \/><figcaption id=\"caption-attachment-50605\" class=\"wp-caption-text\">Las familias buscan m\u00e1s espacio y calidad de vida<\/figcaption><\/figure>\n<p>Por otro lado, la afluencia de clientes internacionales ya era una realidad antes de la pandemia, pero en el actual (y convulso) momento geopol\u00edtico, Espa\u00f1a emerge como \u00ab<strong>pa\u00eds refugio<\/strong>\u00bb, al ser un Estado al abrigo de la Uni\u00f3n Europea, con un s\u00f3lido sistema democr\u00e1tico que garantiza derechos y libertades, sin olvidar adem\u00e1s que goza de un clima favorable y una manera de vivir muy atractiva. Y la <strong>guinda del pastel<\/strong>: es un pa\u00eds donde el coste de la vida en general es perfectamente asequible para extranjeros procedentes de pa\u00edses con rentas m\u00e1s elevadas, tanto en Europa como fuera de ella, factores que lo convierten en un caramelo apetitoso para los inversores extranjeros. En este sentido, no es casualidad que en el Maresme haya ido aumentando la oferta de colegios internacionales en los \u00faltimos tiempos.<\/p>\n<h5><span style=\"color: #993366;\"><strong>5. Un problema estructural<\/strong><\/span><\/h5>\n<p>Por \u00faltimo, hay que prestar atenci\u00f3n a algunas <strong>se\u00f1ales<\/strong> que indican que el problema de la vivienda en el Maresme es un <strong>problema estructural<\/strong>, y no simplemente coyuntural. Es decir, no responde a un ciclo econ\u00f3mico puntual (algo que tambi\u00e9n afecta, l\u00f3gicamente), sino m\u00e1s bien a desequilibrios persistentes en la oferta, la demanda y la regulaci\u00f3n.<\/p>\n<p>A grandes rasgos, estos son los 4 conceptos en que radica gran parte del problema:<\/p>\n<p data-section-id=\"1j5yshh\" data-start=\"307\" data-end=\"360\"><strong>1) <span style=\"text-decoration: underline;\">D\u00c9FICIT DE OFERTA<\/span>:<\/strong><\/p>\n<p data-start=\"361\" data-end=\"468\">Existe una <strong data-start=\"388\" data-end=\"440\">insuficiencia estructural y cr\u00f3nica de vivienda disponible<\/strong>, especialmente en r\u00e9gimen de alquiler. La demanda es muy elevada mientras que la oferta es r\u00edgida y crece lentamente, por la poca construcci\u00f3n y un suelo limitado. Como resultado, tenemos un mercado \u201caltamente tensionado\u201d en el Maresme, con predominio de producto de gama media-alta y alta, y con precios por encima de la capacidad adquisitiva de los hogares, con especial \u00e9nfasis en la poblaci\u00f3n joven que cada vez ve m\u00e1s complicado emanciparse.<\/p>\n<p data-section-id=\"540q0b\" data-start=\"987\" data-end=\"1019\"><strong>2) <span style=\"text-decoration: underline;\">VIVIENDA VAC\u00cdA<\/span>:<\/strong><\/p>\n<p data-start=\"1020\" data-end=\"1106\">Un rasgo t\u00edpico del Maresme es la <strong data-start=\"1054\" data-end=\"1105\">desconexi\u00f3n entre stock total y oferta efectiva<\/strong>: alrededor del 10% del parque est\u00e1 vac\u00edo (m\u00e1s de 22.000 viviendas), por motivos como:<\/p>\n<ul>\n<li style=\"list-style-type: none;\">\n<ul data-start=\"1218\" data-end=\"1392\">\n<li data-section-id=\"1s135iu\" data-start=\"1218\" data-end=\"1284\">Problemas de movilizaci\u00f3n (propietarios que no alquilan\/venden)<\/li>\n<li data-section-id=\"1mnwmdn\" data-start=\"1285\" data-end=\"1341\">Riesgos percibidos (morosidad, ocupaci\u00f3n, excesiva regulaci\u00f3n)<\/li>\n<li data-section-id=\"1tsk1de\" data-start=\"1342\" data-end=\"1392\">Uso de las viviendas como segunda residencia o como activo financiero<\/li>\n<\/ul>\n<\/li>\n<\/ul>\n<p>Esto indica que no solo falta vivienda, sino que adem\u00e1s est\u00e1 <strong data-start=\"1431\" data-end=\"1474\">fallando el mecanismo de puesta en el mercado.<\/strong><\/p>\n<p data-section-id=\"1jeiw8h\" data-start=\"1482\" data-end=\"1530\"><strong>3) <\/strong><span style=\"text-decoration: underline;\"><strong>GENTRIFICACI\u00d3N Y PRESI\u00d3N URBANA<\/strong><\/span><strong>:<\/strong><\/p>\n<p data-start=\"1531\" data-end=\"1591\">El Maresme funciona como extensi\u00f3n residencial de Barcelona, debido a la expulsi\u00f3n de poblaci\u00f3n por los elevados precios de la ciudad. Por consiguiente, se produce un incremento de la demanda que, adem\u00e1s de aumentar los precios, conlleva como efecto colateral la saturaci\u00f3n de los servicios p\u00fablicos de la comarca.<\/p>\n<p data-start=\"1531\" data-end=\"1591\"><strong>4) <span style=\"text-decoration: underline;\">EXCESIVA RIGIDEZ INSTITUCIONAL Y URBAN\u00cdSTICA<\/span>:<\/strong><\/p>\n<p data-start=\"1950\" data-end=\"2058\">Aunque el dato espec\u00edfico del Maresme no siempre se publica, el patr\u00f3n en zonas costeras similares es claro: una <strong>burocracia urban\u00edstica lenta<\/strong>, provocada en parte por la falta de capacidad administrativa local. Ello agrava el problema de la oferta incapaz de reaccionar a la demanda y el aumento de costes, con lo que los precios finales tambi\u00e9n suben.<\/p>\n<ul>\n<li style=\"list-style-type: none;\"><\/li>\n<\/ul>\n<figure id=\"attachment_50614\" aria-describedby=\"caption-attachment-50614\" style=\"width: 800px\" class=\"wp-caption aligncenter\"><img decoding=\"async\" loading=\"lazy\" class=\"wp-image-50614\" src=\"https:\/\/bestmaresme.com\/blog\/wp-content\/uploads\/2026\/04\/Maresme-2-1.jpg\" alt=\"\" width=\"800\" height=\"450\" srcset=\"https:\/\/bestmaresme.com\/blog\/wp-content\/uploads\/2026\/04\/Maresme-2-1.jpg 1299w, https:\/\/bestmaresme.com\/blog\/wp-content\/uploads\/2026\/04\/Maresme-2-1-300x169.jpg 300w, https:\/\/bestmaresme.com\/blog\/wp-content\/uploads\/2026\/04\/Maresme-2-1-1024x576.jpg 1024w, https:\/\/bestmaresme.com\/blog\/wp-content\/uploads\/2026\/04\/Maresme-2-1-768x432.jpg 768w\" sizes=\"(max-width: 800px) 100vw, 800px\" \/><figcaption id=\"caption-attachment-50614\" class=\"wp-caption-text\">El Maresme: un mercado de valor creciente<\/figcaption><\/figure>\n<p><b><strong><a href=\"https:\/\/api.whatsapp.com\/send?l=es-ES&amp;phone=34608010051\" rel=\"attachment wp-att-17273\"><img decoding=\"async\" loading=\"lazy\" class=\"desp-petit aligncenter wp-image-17273\" src=\"https:\/\/bestmaresme.com\/blog\/wp-content\/uploads\/2023\/04\/casas-en-el-maresme-mobil.png\" alt=\"\" width=\"394\" height=\"246\" \/><\/a><a href=\"https:\/\/api.whatsapp.com\/send?l=es-ES&amp;phone=34608010051\" rel=\"attachment wp-att-17274\"><img decoding=\"async\" loading=\"lazy\" class=\"desp-gran aligncenter wp-image-17274 size-full\" src=\"https:\/\/bestmaresme.com\/blog\/wp-content\/uploads\/2023\/04\/casas-en-el-maresme.png\" alt=\"\" width=\"700\" height=\"175\" \/><\/a><\/strong><\/b><\/p>","protected":false},"excerpt":{"rendered":"<p>Vivir en la comarca del Maresme equivale a ganar calidad de vida sin renunciar a nada importante, ya que ofrece ese equilibrio que cuesta encontrar:&hellip; <\/p>\n","protected":false},"author":1,"featured_media":50600,"comment_status":"closed","ping_status":"closed","sticky":false,"template":"","format":"standard","meta":{"footnotes":""},"categories":[122,172],"tags":[69,19,22],"_links":{"self":[{"href":"https:\/\/bestmaresme.com\/blog\/wp-json\/wp\/v2\/posts\/50545"}],"collection":[{"href":"https:\/\/bestmaresme.com\/blog\/wp-json\/wp\/v2\/posts"}],"about":[{"href":"https:\/\/bestmaresme.com\/blog\/wp-json\/wp\/v2\/types\/post"}],"author":[{"embeddable":true,"href":"https:\/\/bestmaresme.com\/blog\/wp-json\/wp\/v2\/users\/1"}],"replies":[{"embeddable":true,"href":"https:\/\/bestmaresme.com\/blog\/wp-json\/wp\/v2\/comments?post=50545"}],"version-history":[{"count":73,"href":"https:\/\/bestmaresme.com\/blog\/wp-json\/wp\/v2\/posts\/50545\/revisions"}],"predecessor-version":[{"id":50627,"href":"https:\/\/bestmaresme.com\/blog\/wp-json\/wp\/v2\/posts\/50545\/revisions\/50627"}],"wp:featuredmedia":[{"embeddable":true,"href":"https:\/\/bestmaresme.com\/blog\/wp-json\/wp\/v2\/media\/50600"}],"wp:attachment":[{"href":"https:\/\/bestmaresme.com\/blog\/wp-json\/wp\/v2\/media?parent=50545"}],"wp:term":[{"taxonomy":"category","embeddable":true,"href":"https:\/\/bestmaresme.com\/blog\/wp-json\/wp\/v2\/categories?post=50545"},{"taxonomy":"post_tag","embeddable":true,"href":"https:\/\/bestmaresme.com\/blog\/wp-json\/wp\/v2\/tags?post=50545"}],"curies":[{"name":"wp","href":"https:\/\/api.w.org\/{rel}","templated":true}]}}