{"id":5175,"date":"2018-11-05T16:54:21","date_gmt":"2018-11-05T16:54:21","guid":{"rendered":"https:\/\/bestmaresme.com\/blog\/?p=5175"},"modified":"2023-07-21T20:09:07","modified_gmt":"2023-07-21T20:09:07","slug":"pasteleria-can-falgueras-cierra-su-tienda-en-calle-sant-joan","status":"publish","type":"post","link":"https:\/\/bestmaresme.com\/blog\/pasteleria-can-falgueras-cierra-su-tienda-en-calle-sant-joan\/","title":{"rendered":"Pasteler\u00eda Can Falgueras cierra su tienda en Calle Sant Joan"},"content":{"rendered":"<p>&nbsp;<\/p>\n<blockquote><p>Pasteler\u00eda Can \u00a0Falgueras cierra su tienda de la Calle St Joan, ofreciendo el pasado s\u00e1bado 3 de noviembre ofreciendo una chocolatada para grandes y peque\u00f1os.<\/p><\/blockquote>\n<p><em><strong>La Pasteler\u00eda Can Falgueras cierra su tienda de la Calle St Joan pero mantiene la de la Plaza \u00c0ngels Guimer\u00e0<\/strong><\/em> donde podremos seguir endulz\u00e1ndonos la vida con sus productos.<\/p>\n<p>Can Falgueras \u00a0ha sido un referente en <a href=\"https:\/\/bestmaresme.com\/\">Vilassar de Mar<\/a> desde 1911 que abri\u00f3 sus puertas en el n\u00famero 15 de la Plaza Vella, ahora Plaza \u00c0ngels Guimer\u00e0 a mano de sus fundadores Antoni Falgueras I Teresa Bofill.<\/p>\n<p>La segunda tienda no fue inaugurada hasta a\u00f1os m\u00e1s tarde, en 1947 en la calle St Juan.<\/p>\n<p><img decoding=\"async\" loading=\"lazy\" class=\"aligncenter size-full wp-image-5183\" src=\"https:\/\/bestmaresme.com\/blog\/wp-content\/uploads\/2018\/11\/imagen-tienda-por-dentro-antigua.jpg\" alt=\"\" width=\"800\" height=\"553\" srcset=\"https:\/\/bestmaresme.com\/blog\/wp-content\/uploads\/2018\/11\/imagen-tienda-por-dentro-antigua.jpg 800w, https:\/\/bestmaresme.com\/blog\/wp-content\/uploads\/2018\/11\/imagen-tienda-por-dentro-antigua-300x207.jpg 300w, https:\/\/bestmaresme.com\/blog\/wp-content\/uploads\/2018\/11\/imagen-tienda-por-dentro-antigua-768x531.jpg 768w, https:\/\/bestmaresme.com\/blog\/wp-content\/uploads\/2018\/11\/imagen-tienda-por-dentro-antigua-508x351.jpg 508w\" sizes=\"(max-width: 800px) 100vw, 800px\" \/><\/p>\n<p>Generaci\u00f3n tras generaci\u00f3n, han conseguido mejorar la calidad de sus productos.\u00a0 La clave de su \u00e9xito es la buena relaci\u00f3n calidad precio, elaborados artesanalmente en su obrador. Antiguamente, en los a\u00f1os 50, era mencionada en canciones que alababan sus torteles!<\/p>\n<p>En el a\u00f1o 1991, Rosa y Antoni Falgueras Ramon, cogieron el relevo de la pasteler\u00eda, junto con Juan Fontseca, el marido de Rosa. Hasta la fecha siguen manteniendo el esp\u00edritu de hace m\u00e1s de 100 a\u00f1os.<\/p>\n<p>&nbsp;<\/p>\n<p><em>Dentro de sus productos podemos encontrar postres, pasteles, meriendas, regalos\u2026<\/em><\/p>\n<div id='gallery-1' class='gallery galleryid-5175 gallery-columns-3 gallery-size-thumbnail'><figure class='gallery-item'>\n\t\t\t<div class='gallery-icon landscape'>\n\t\t\t\t<a href='https:\/\/bestmaresme.com\/blog\/pasteleria-can-falgueras-cierra-su-tienda-en-calle-sant-joan\/falgueraspastisseriatartaletes\/'><img width=\"150\" height=\"150\" src=\"https:\/\/bestmaresme.com\/blog\/wp-content\/uploads\/2018\/11\/falgueraspastisseriatartaletes-150x150.jpg\" class=\"attachment-thumbnail size-thumbnail\" alt=\"\" decoding=\"async\" loading=\"lazy\" srcset=\"https:\/\/bestmaresme.com\/blog\/wp-content\/uploads\/2018\/11\/falgueraspastisseriatartaletes-150x150.jpg 150w, https:\/\/bestmaresme.com\/blog\/wp-content\/uploads\/2018\/11\/falgueraspastisseriatartaletes-88x88.jpg 88w\" sizes=\"(max-width: 150px) 100vw, 150px\" \/><\/a>\n\t\t\t<\/div><\/figure><figure class='gallery-item'>\n\t\t\t<div class='gallery-icon landscape'>\n\t\t\t\t<a href='https:\/\/bestmaresme.com\/blog\/pasteleria-can-falgueras-cierra-su-tienda-en-calle-sant-joan\/pasteleria-por-dentro\/'><img width=\"150\" height=\"150\" src=\"https:\/\/bestmaresme.com\/blog\/wp-content\/uploads\/2018\/11\/pasteleria-por-dentro-150x150.jpg\" class=\"attachment-thumbnail size-thumbnail\" alt=\"\" decoding=\"async\" loading=\"lazy\" srcset=\"https:\/\/bestmaresme.com\/blog\/wp-content\/uploads\/2018\/11\/pasteleria-por-dentro-150x150.jpg 150w, https:\/\/bestmaresme.com\/blog\/wp-content\/uploads\/2018\/11\/pasteleria-por-dentro-88x88.jpg 88w\" sizes=\"(max-width: 150px) 100vw, 150px\" \/><\/a>\n\t\t\t<\/div><\/figure><figure class='gallery-item'>\n\t\t\t<div class='gallery-icon landscape'>\n\t\t\t\t<a href='https:\/\/bestmaresme.com\/blog\/pasteleria-can-falgueras-cierra-su-tienda-en-calle-sant-joan\/falgueraspastisseriarebosteria\/'><img width=\"150\" height=\"150\" src=\"https:\/\/bestmaresme.com\/blog\/wp-content\/uploads\/2018\/11\/falgueraspastisseriarebosteria-150x150.jpg\" class=\"attachment-thumbnail size-thumbnail\" alt=\"\" decoding=\"async\" loading=\"lazy\" srcset=\"https:\/\/bestmaresme.com\/blog\/wp-content\/uploads\/2018\/11\/falgueraspastisseriarebosteria-150x150.jpg 150w, https:\/\/bestmaresme.com\/blog\/wp-content\/uploads\/2018\/11\/falgueraspastisseriarebosteria-88x88.jpg 88w\" sizes=\"(max-width: 150px) 100vw, 150px\" \/><\/a>\n\t\t\t<\/div><\/figure>\n\t\t<\/div>\n\n<p>\u27a1<a href=\"http:\/\/www.pastisseriesfalgueras.com\/\">\u00a0ver m\u00e1s informaci\u00f3n de sus productos<\/a><\/p>\n<p>Can Falgueras ha recibido a lo largo de los a\u00f1os premios y reconocimientos.<\/p>\n<p>En el a\u00f1o 1998 el Gremio de Pasteler\u00eda de la provincial de Barcelona otorg\u00f3 la Medalla de Oro a la mujer pastelera a M Teresa Falgueras, y en 2002 a M. Pilar Falgueras y a Paquita Ram\u00f3n Orriols.<\/p>\n<p>&nbsp;<\/p>\n<h4 style=\"text-align: center;\"><strong><em>La calle Sant juan no ser\u00e1 la misma sin esta emblem\u00e1tica pasteler\u00eda!<\/em><\/strong><\/h4>\n<figure id=\"attachment_5180\" aria-describedby=\"caption-attachment-5180\" style=\"width: 304px\" class=\"wp-caption aligncenter\"><img decoding=\"async\" loading=\"lazy\" class=\"wp-image-5180\" src=\"https:\/\/bestmaresme.com\/blog\/wp-content\/uploads\/2018\/11\/botiga.jpg\" alt=\"\" width=\"304\" height=\"220\" \/><figcaption id=\"caption-attachment-5180\" class=\"wp-caption-text\">Actual tienda en Calle St Joan<\/figcaption><\/figure>\n<p>&nbsp;<\/p>\n<p>&nbsp;<!--more--><\/p>","protected":false},"excerpt":{"rendered":"<p>&nbsp; Pasteler\u00eda Can \u00a0Falgueras cierra su tienda de la Calle St Joan, ofreciendo el pasado s\u00e1bado 3 de noviembre ofreciendo una chocolatada para grandes y&hellip; <\/p>\n","protected":false},"author":1,"featured_media":5176,"comment_status":"open","ping_status":"open","sticky":false,"template":"","format":"standard","meta":{"footnotes":""},"categories":[1,53],"tags":[124,67,19,54,60],"_links":{"self":[{"href":"https:\/\/bestmaresme.com\/blog\/wp-json\/wp\/v2\/posts\/5175"}],"collection":[{"href":"https:\/\/bestmaresme.com\/blog\/wp-json\/wp\/v2\/posts"}],"about":[{"href":"https:\/\/bestmaresme.com\/blog\/wp-json\/wp\/v2\/types\/post"}],"author":[{"embeddable":true,"href":"https:\/\/bestmaresme.com\/blog\/wp-json\/wp\/v2\/users\/1"}],"replies":[{"embeddable":true,"href":"https:\/\/bestmaresme.com\/blog\/wp-json\/wp\/v2\/comments?post=5175"}],"version-history":[{"count":15,"href":"https:\/\/bestmaresme.com\/blog\/wp-json\/wp\/v2\/posts\/5175\/revisions"}],"predecessor-version":[{"id":42860,"href":"https:\/\/bestmaresme.com\/blog\/wp-json\/wp\/v2\/posts\/5175\/revisions\/42860"}],"wp:featuredmedia":[{"embeddable":true,"href":"https:\/\/bestmaresme.com\/blog\/wp-json\/wp\/v2\/media\/5176"}],"wp:attachment":[{"href":"https:\/\/bestmaresme.com\/blog\/wp-json\/wp\/v2\/media?parent=5175"}],"wp:term":[{"taxonomy":"category","embeddable":true,"href":"https:\/\/bestmaresme.com\/blog\/wp-json\/wp\/v2\/categories?post=5175"},{"taxonomy":"post_tag","embeddable":true,"href":"https:\/\/bestmaresme.com\/blog\/wp-json\/wp\/v2\/tags?post=5175"}],"curies":[{"name":"wp","href":"https:\/\/api.w.org\/{rel}","templated":true}]}}