{"id":741,"date":"2016-05-25T11:18:59","date_gmt":"2016-05-25T11:18:59","guid":{"rendered":"http:\/\/bestmaresme.com\/blog\/?p=741"},"modified":"2023-07-21T20:07:35","modified_gmt":"2023-07-21T20:07:35","slug":"chalet-en-premia-de-dalt-con-esplendidas-vistas-y-piscina-salina-desbordante","status":"publish","type":"post","link":"https:\/\/bestmaresme.com\/blog\/chalet-en-premia-de-dalt-con-esplendidas-vistas-y-piscina-salina-desbordante\/","title":{"rendered":"Chalet en PREMIA DE DALT con espl\u00e9ndidas vistas y piscina salina desbordante"},"content":{"rendered":"<p><img decoding=\"async\" loading=\"lazy\" class=\"size-large wp-image-743 alignnone\" src=\"http:\/\/bestmaresme.com\/blog\/wp-content\/uploads\/2016\/05\/IMG_0133-1024x682.jpg\" alt=\"IMG_0133\" width=\"620\" height=\"413\" srcset=\"https:\/\/bestmaresme.com\/blog\/wp-content\/uploads\/2016\/05\/IMG_0133-1024x682.jpg 1024w, https:\/\/bestmaresme.com\/blog\/wp-content\/uploads\/2016\/05\/IMG_0133-300x200.jpg 300w, https:\/\/bestmaresme.com\/blog\/wp-content\/uploads\/2016\/05\/IMG_0133-768x512.jpg 768w, https:\/\/bestmaresme.com\/blog\/wp-content\/uploads\/2016\/05\/IMG_0133-973x648.jpg 973w, https:\/\/bestmaresme.com\/blog\/wp-content\/uploads\/2016\/05\/IMG_0133-508x339.jpg 508w, https:\/\/bestmaresme.com\/blog\/wp-content\/uploads\/2016\/05\/IMG_0133.jpg 1928w\" sizes=\"(max-width: 620px) 100vw, 620px\" \/><\/p>\n<p><i class=\"_3kkw _4-k1\"><span class=\"accessible_elem\">\u27a1<\/span><\/i> \u00a0<a href=\"\/premia_de_dalt\/\">Chalet en PREMIA DE DALT con espl\u00e9ndidas vistas y piscina salina<\/a>.<\/p>\n<p><img decoding=\"async\" loading=\"lazy\" class=\"size-large wp-image-742 alignnone\" src=\"http:\/\/bestmaresme.com\/blog\/wp-content\/uploads\/2016\/05\/IMG_0135-1024x682.jpg\" alt=\"IMG_0135\" width=\"620\" height=\"413\" srcset=\"https:\/\/bestmaresme.com\/blog\/wp-content\/uploads\/2016\/05\/IMG_0135-1024x682.jpg 1024w, https:\/\/bestmaresme.com\/blog\/wp-content\/uploads\/2016\/05\/IMG_0135-300x200.jpg 300w, https:\/\/bestmaresme.com\/blog\/wp-content\/uploads\/2016\/05\/IMG_0135-768x512.jpg 768w, https:\/\/bestmaresme.com\/blog\/wp-content\/uploads\/2016\/05\/IMG_0135-973x648.jpg 973w, https:\/\/bestmaresme.com\/blog\/wp-content\/uploads\/2016\/05\/IMG_0135-508x339.jpg 508w, https:\/\/bestmaresme.com\/blog\/wp-content\/uploads\/2016\/05\/IMG_0135.jpg 1928w\" sizes=\"(max-width: 620px) 100vw, 620px\" \/><\/p>\n<p>Inmejorable entorno, en el centro de la poblaci\u00f3n de Premi\u00e0 de Dalt y construida en el 2009 en 3 alturas, conectadas entre s\u00ed por una elegante escalera maciza de nogal o por un pr\u00e1ctico ascensor OTIS de acero inoxidable, destacan sus espacios amplios y luminosos.<\/p>\n<p><img decoding=\"async\" loading=\"lazy\" class=\"size-large wp-image-744 alignnone\" src=\"http:\/\/bestmaresme.com\/blog\/wp-content\/uploads\/2016\/05\/IMG_0131-1024x682.jpg\" alt=\"IMG_0131\" width=\"620\" height=\"413\" srcset=\"https:\/\/bestmaresme.com\/blog\/wp-content\/uploads\/2016\/05\/IMG_0131-1024x682.jpg 1024w, https:\/\/bestmaresme.com\/blog\/wp-content\/uploads\/2016\/05\/IMG_0131-300x200.jpg 300w, https:\/\/bestmaresme.com\/blog\/wp-content\/uploads\/2016\/05\/IMG_0131-768x512.jpg 768w, https:\/\/bestmaresme.com\/blog\/wp-content\/uploads\/2016\/05\/IMG_0131-973x648.jpg 973w, https:\/\/bestmaresme.com\/blog\/wp-content\/uploads\/2016\/05\/IMG_0131-508x339.jpg 508w, https:\/\/bestmaresme.com\/blog\/wp-content\/uploads\/2016\/05\/IMG_0131.jpg 1928w\" sizes=\"(max-width: 620px) 100vw, 620px\" \/><\/p>\n<p><img decoding=\"async\" loading=\"lazy\" class=\"size-large wp-image-745 alignnone\" src=\"http:\/\/bestmaresme.com\/blog\/wp-content\/uploads\/2016\/05\/IMG_0141-1024x682.jpg\" alt=\"IMG_0141\" width=\"620\" height=\"413\" srcset=\"https:\/\/bestmaresme.com\/blog\/wp-content\/uploads\/2016\/05\/IMG_0141-1024x682.jpg 1024w, https:\/\/bestmaresme.com\/blog\/wp-content\/uploads\/2016\/05\/IMG_0141-300x200.jpg 300w, https:\/\/bestmaresme.com\/blog\/wp-content\/uploads\/2016\/05\/IMG_0141-768x512.jpg 768w, https:\/\/bestmaresme.com\/blog\/wp-content\/uploads\/2016\/05\/IMG_0141-973x648.jpg 973w, https:\/\/bestmaresme.com\/blog\/wp-content\/uploads\/2016\/05\/IMG_0141-508x339.jpg 508w, https:\/\/bestmaresme.com\/blog\/wp-content\/uploads\/2016\/05\/IMG_0141.jpg 1928w\" sizes=\"(max-width: 620px) 100vw, 620px\" \/><br \/>\nConsta de 3 suites y 2 habitaciones dobles, as\u00ed como una moderna y practica cocina profesional de 30 m2, equipada con mobiliario Siematic y con electrodom\u00e9sticos de \u00faltima generaci\u00f3n Gaggenau, el sal\u00f3n de 72 m2 se diferencian tres ambientes, comedor, sal\u00f3n y zona biblioteca; la propiedad cuenta adem\u00e1s en planta con una zona de servicio completa (Suite) un despacho y habitaci\u00f3n suite de invitados.<\/p>\n<p><img decoding=\"async\" loading=\"lazy\" class=\"size-large wp-image-746 alignnone\" src=\"http:\/\/bestmaresme.com\/blog\/wp-content\/uploads\/2016\/05\/IMG_0160-1024x682.jpg\" alt=\"IMG_0160\" width=\"620\" height=\"413\" srcset=\"https:\/\/bestmaresme.com\/blog\/wp-content\/uploads\/2016\/05\/IMG_0160-1024x682.jpg 1024w, https:\/\/bestmaresme.com\/blog\/wp-content\/uploads\/2016\/05\/IMG_0160-300x200.jpg 300w, https:\/\/bestmaresme.com\/blog\/wp-content\/uploads\/2016\/05\/IMG_0160-768x512.jpg 768w, https:\/\/bestmaresme.com\/blog\/wp-content\/uploads\/2016\/05\/IMG_0160-973x648.jpg 973w, https:\/\/bestmaresme.com\/blog\/wp-content\/uploads\/2016\/05\/IMG_0160-508x339.jpg 508w, https:\/\/bestmaresme.com\/blog\/wp-content\/uploads\/2016\/05\/IMG_0160.jpg 1928w\" sizes=\"(max-width: 620px) 100vw, 620px\" \/><\/p>\n<p><img decoding=\"async\" loading=\"lazy\" class=\"size-large wp-image-747 alignnone\" src=\"http:\/\/bestmaresme.com\/blog\/wp-content\/uploads\/2016\/05\/IMG_0163-1024x682.jpg\" alt=\"IMG_0163\" width=\"620\" height=\"413\" srcset=\"https:\/\/bestmaresme.com\/blog\/wp-content\/uploads\/2016\/05\/IMG_0163-1024x682.jpg 1024w, https:\/\/bestmaresme.com\/blog\/wp-content\/uploads\/2016\/05\/IMG_0163-300x200.jpg 300w, https:\/\/bestmaresme.com\/blog\/wp-content\/uploads\/2016\/05\/IMG_0163-768x512.jpg 768w, https:\/\/bestmaresme.com\/blog\/wp-content\/uploads\/2016\/05\/IMG_0163-973x648.jpg 973w, https:\/\/bestmaresme.com\/blog\/wp-content\/uploads\/2016\/05\/IMG_0163-508x339.jpg 508w, https:\/\/bestmaresme.com\/blog\/wp-content\/uploads\/2016\/05\/IMG_0163.jpg 1928w\" sizes=\"(max-width: 620px) 100vw, 620px\" \/><br \/>\nPlanta piso: en esta planta se ubican 4 amplias y luminosas suite con salida a terraza de 80 m2 revestida con tarima de madera tropical.<br \/>\nEn planta s\u00f3tano, y con luz natural se han dispuesto una gran sala polivalente con gimnasio y vestuarios, trastero y bodega.<\/p>\n<p><img decoding=\"async\" loading=\"lazy\" class=\"size-large wp-image-748 alignnone\" src=\"http:\/\/bestmaresme.com\/blog\/wp-content\/uploads\/2016\/05\/IMG_0174-1024x682.jpg\" alt=\"IMG_0174\" width=\"620\" height=\"413\" srcset=\"https:\/\/bestmaresme.com\/blog\/wp-content\/uploads\/2016\/05\/IMG_0174-1024x682.jpg 1024w, https:\/\/bestmaresme.com\/blog\/wp-content\/uploads\/2016\/05\/IMG_0174-300x200.jpg 300w, https:\/\/bestmaresme.com\/blog\/wp-content\/uploads\/2016\/05\/IMG_0174-768x512.jpg 768w, https:\/\/bestmaresme.com\/blog\/wp-content\/uploads\/2016\/05\/IMG_0174-973x648.jpg 973w, https:\/\/bestmaresme.com\/blog\/wp-content\/uploads\/2016\/05\/IMG_0174-508x339.jpg 508w, https:\/\/bestmaresme.com\/blog\/wp-content\/uploads\/2016\/05\/IMG_0174.jpg 1928w\" sizes=\"(max-width: 620px) 100vw, 620px\" \/><br \/>\nDestacar el Alto nivel de acabados, persianas con sistema bloqueo autom\u00e1ticas y centralizadas, energ\u00eda solar, A.A. y audio por conductos independiente en cada estancia, calefacci\u00f3n radial, muros antis\u00edsmicos, vidrios antibalas, pr\u00e1ctico sistema alem\u00e1n de apertura de armarios en toda la casa e intercomunicador en todas las habitaciones y ba\u00f1os, c\u00e1maras de seguridad interiores y exteriores, alarma perimetral.<\/p>\n<p><img decoding=\"async\" loading=\"lazy\" class=\"size-large wp-image-749 alignnone\" src=\"http:\/\/bestmaresme.com\/blog\/wp-content\/uploads\/2016\/05\/IMG_0189-1024x682.jpg\" alt=\"IMG_0189\" width=\"620\" height=\"413\" srcset=\"https:\/\/bestmaresme.com\/blog\/wp-content\/uploads\/2016\/05\/IMG_0189-1024x682.jpg 1024w, https:\/\/bestmaresme.com\/blog\/wp-content\/uploads\/2016\/05\/IMG_0189-300x200.jpg 300w, https:\/\/bestmaresme.com\/blog\/wp-content\/uploads\/2016\/05\/IMG_0189-768x512.jpg 768w, https:\/\/bestmaresme.com\/blog\/wp-content\/uploads\/2016\/05\/IMG_0189-973x648.jpg 973w, https:\/\/bestmaresme.com\/blog\/wp-content\/uploads\/2016\/05\/IMG_0189-508x339.jpg 508w, https:\/\/bestmaresme.com\/blog\/wp-content\/uploads\/2016\/05\/IMG_0189.jpg 1928w\" sizes=\"(max-width: 620px) 100vw, 620px\" \/><br \/>\nAdem\u00e1s la vivienda se encuentra rodeada de unas amplias terrazas (porches) que comunican con un cuidado jard\u00edn, donde se ubica una espectacular piscina salina desbordante.<\/p>\n<p class=\"txt20\">Referencia: <strong>C-51<\/strong><\/p>\n<h2>PRECIO<\/h2>\n<ul>\n<li><strong>Venta:<\/strong> 1.995.000 \u20ac<\/li>\n<\/ul>\n<h2>DEPENDENCIAS<\/h2>\n<ul>\n<li><strong>Superficie:<\/strong> 750 m\u00b2<\/li>\n<li><strong>Construidos:<\/strong> 750 m\u00b2<\/li>\n<li><strong>Terraza:<\/strong><\/li>\n<li><strong>Parcela:<\/strong> 1200 m\u00b2<\/li>\n<li><strong>Habitaciones:<\/strong> 5<\/li>\n<li><strong>Ba\u00f1os:<\/strong> 7<\/li>\n<li><strong>Aseos:<\/strong> 1<\/li>\n<li><strong>Garaje<\/strong><\/li>\n<\/ul>\n<p>Ver m\u00e1s informaci\u00f3n de chalets de lujo en Premi\u00e0 de Dalt:<\/p>\n<p><i class=\"_3kkw _4-k1\"><span class=\"accessible_elem\">\u27a1<\/span><\/i> \u00a0<a href=\"\/premia_de_dalt\/\">Chalet en PREMIA DE DALT pareado de 5 habitaciones con jard\u00edn privado<\/a><\/p>\n<p><i class=\"_3kkw _4-k1\"><span class=\"accessible_elem\">\u27a1<\/span><\/i> \u00a0<a href=\"\/Premia_de_Dalt\/270-casas-Premia_de_Dalt-94\/\">Chalet en PREMIA DE DALT con ascensor e impresionantes vistas al mar<\/a><\/p>\n<p><i class=\"_3kkw _4-k1\"><span class=\"accessible_elem\">\u27a1<\/span><\/i> \u00a0<a href=\"\/premia_de_dalt\/\">Chalet de dise\u00f1o en PREMIA DE DALT con piscina de agua salina e incre\u00edbles vistas al mar<\/a><\/p>\n<p>&nbsp;<!--more--><\/p>","protected":false},"excerpt":{"rendered":"<p>\u27a1 \u00a0Chalet en PREMIA DE DALT con espl\u00e9ndidas vistas y piscina salina. Inmejorable entorno, en el centro de la poblaci\u00f3n de Premi\u00e0 de Dalt y&hellip; <\/p>\n","protected":false},"author":1,"featured_media":743,"comment_status":"open","ping_status":"open","sticky":false,"template":"","format":"standard","meta":{"footnotes":""},"categories":[120,2,1],"tags":[41,3,69,9,19,4,5,60],"_links":{"self":[{"href":"https:\/\/bestmaresme.com\/blog\/wp-json\/wp\/v2\/posts\/741"}],"collection":[{"href":"https:\/\/bestmaresme.com\/blog\/wp-json\/wp\/v2\/posts"}],"about":[{"href":"https:\/\/bestmaresme.com\/blog\/wp-json\/wp\/v2\/types\/post"}],"author":[{"embeddable":true,"href":"https:\/\/bestmaresme.com\/blog\/wp-json\/wp\/v2\/users\/1"}],"replies":[{"embeddable":true,"href":"https:\/\/bestmaresme.com\/blog\/wp-json\/wp\/v2\/comments?post=741"}],"version-history":[{"count":3,"href":"https:\/\/bestmaresme.com\/blog\/wp-json\/wp\/v2\/posts\/741\/revisions"}],"predecessor-version":[{"id":40110,"href":"https:\/\/bestmaresme.com\/blog\/wp-json\/wp\/v2\/posts\/741\/revisions\/40110"}],"wp:featuredmedia":[{"embeddable":true,"href":"https:\/\/bestmaresme.com\/blog\/wp-json\/wp\/v2\/media\/743"}],"wp:attachment":[{"href":"https:\/\/bestmaresme.com\/blog\/wp-json\/wp\/v2\/media?parent=741"}],"wp:term":[{"taxonomy":"category","embeddable":true,"href":"https:\/\/bestmaresme.com\/blog\/wp-json\/wp\/v2\/categories?post=741"},{"taxonomy":"post_tag","embeddable":true,"href":"https:\/\/bestmaresme.com\/blog\/wp-json\/wp\/v2\/tags?post=741"}],"curies":[{"name":"wp","href":"https:\/\/api.w.org\/{rel}","templated":true}]}}