{"id":7515,"date":"2019-05-01T08:43:34","date_gmt":"2019-05-01T08:43:34","guid":{"rendered":"https:\/\/bestmaresme.com\/blog\/?p=7515"},"modified":"2025-07-17T11:58:39","modified_gmt":"2025-07-17T11:58:39","slug":"tast-a-la-rambla","status":"publish","type":"post","link":"https:\/\/bestmaresme.com\/blog\/tast-a-la-rambla\/","title":{"rendered":"Tapas y platillos en la Rambla de Barcelona"},"content":{"rendered":"<p><\/p>\n<h1 style=\"text-align: center;\"><strong>Ya tenemos aqu\u00ed la sexta edici\u00f3n del &#8220;Tast a la Rambla&#8221;, uno de los eventos gastron\u00f3micos m\u00e1s atractivos del a\u00f1o en Barcelona<\/strong><\/h1>\n<p>Es bien sabido que la <a href=\"https:\/\/bestmaresme.com\/\">comarca del Maresme<\/a>, es un <strong>referente gastron\u00f3mico<\/strong> por sus productos de proximidad reconocidos, como los <a href=\"https:\/\/bestmaresme.com\/blog\/tiempo-de-guisantes-la-perla-verde-del-maresme\/\">guisantes<\/a>, las fresas, por sus restaurante con estrella, sus <a href=\"https:\/\/bestmaresme.com\/blog\/los-mejores-chiringuitos-del-maresme\/\">chiringuitos junto al mar<\/a>, o por la calidad de sus vinos.<\/p>\n<p>No es de extra\u00f1ar pues que el Maresme participe estos d\u00edas en la cercana ciudad de Barcelona,\u00a0 en el Tast a la Rambla, que celebra su 6.\u00aa edici\u00f3n a la que se esperan m\u00e1s de\u00a0630.000 visitantes, y la venta de 120.000 degustaciones!!!<\/p>\n<blockquote>\n<h2>Y te preguntar\u00e1s&#8230;???<\/h2>\n<\/blockquote>\n<p><strong>D\u00f3nde?<\/strong> Rambla de Santa M\u00f3nica<\/p>\n<p><strong>Cu\u00e1ndo?<\/strong> hasta el lunes 10 de junio<\/p>\n<p><strong>Qu\u00e9 horario?<\/strong> Puedes ir desde las 12.00 hasta las 00.00 menos el lunes que aunque sea fiesta en Barcelona (Segunda Pascua) es hasta las 22.00 (hay que ir a trabajar el martes!)<\/p>\n<p>Ahora&#8230;que ya tienes estos detalles tan importantes&#8230;queda decirte que <strong>por 4 euros podr\u00e1s degustar un sinf\u00edn de tapas y platillos,<\/strong> desde cocina tradicional, de autor, saladas, dulces, de m\u00e1s de 40 locales y a manos de chefs como Carles Abell\u00e1n, Christian Escrib\u00e0, Nandu Jubany&#8230;<\/p>\n<p><strong><a href=\"https:\/\/bestmaresme.com\/\">UN LUJO en Barcelona<\/a>!!!<\/strong><\/p>\n<figure id=\"attachment_7521\" aria-describedby=\"caption-attachment-7521\" style=\"width: 656px\" class=\"wp-caption aligncenter\"><img decoding=\"async\" loading=\"lazy\" class=\"wp-image-7521 size-full\" title=\"Rambla de Santa M\u00f3nica\" src=\"https:\/\/bestmaresme.com\/blog\/wp-content\/uploads\/2019\/06\/EuropaPress_2131113_TAST_A_LA_RAMBLA_20190513152721423-k9hG-656x437@LaVanguardia-Web.jpg\" alt=\"Tast a la Rambla de Santa M\u00f3nica\" width=\"656\" height=\"437\" srcset=\"https:\/\/bestmaresme.com\/blog\/wp-content\/uploads\/2019\/06\/EuropaPress_2131113_TAST_A_LA_RAMBLA_20190513152721423-k9hG-656x437@LaVanguardia-Web.jpg 656w, https:\/\/bestmaresme.com\/blog\/wp-content\/uploads\/2019\/06\/EuropaPress_2131113_TAST_A_LA_RAMBLA_20190513152721423-k9hG-656x437@LaVanguardia-Web-300x200.jpg 300w\" sizes=\"(max-width: 656px) 100vw, 656px\" \/><figcaption id=\"caption-attachment-7521\" class=\"wp-caption-text\">Tast a la Rambla de Santa M\u00f3nica<\/figcaption><\/figure>\n<p>&nbsp;<\/p>\n<p>Como <strong>novedad este a\u00f1o<\/strong> habr\u00e1 degustaciones vegetarianas y\/o veganas!<\/p>\n<blockquote><p><em>Algunas tapas &#8230;<\/em><\/p><\/blockquote>\n<p><strong>Bar Lobo \u2013 Pintor Fortuny 3<\/strong><\/p>\n<p>\u00abTosta\u00bb de ensaladilla rusa con salm\u00f3n ahumado<\/p>\n<p><strong>Casa Guinart \u2013 La Rambla 95<\/strong><\/p>\n<p>Maki de ternera con pil pil de ostras<\/p>\n<p><strong>Luzia \u2013 C\/Pintor Fortuny 1<\/strong><br \/>\n\u00abMontadito\u00bb de pimiento a la le\u00f1a con sardinillas<\/p>\n<p><strong>Pastisseria Escrib\u00e0 \u2013 La Rambla 83<\/strong><\/p>\n<p>Manzanas bravas<\/p>\n<div id='gallery-1' class='gallery galleryid-7515 gallery-columns-2 gallery-size-large'><figure class='gallery-item'>\n\t\t\t<div class='gallery-icon landscape'>\n\t\t\t\t<a href='https:\/\/bestmaresme.com\/blog\/tast-a-la-rambla\/captura-de-pantalla-2018-06-07-a-las-21-59-46\/'><img width=\"650\" height=\"405\" src=\"https:\/\/bestmaresme.com\/blog\/wp-content\/uploads\/2019\/06\/Captura-de-pantalla-2018-06-07-a-las-21.59.46.png\" class=\"attachment-large size-large\" alt=\"\" decoding=\"async\" loading=\"lazy\" srcset=\"https:\/\/bestmaresme.com\/blog\/wp-content\/uploads\/2019\/06\/Captura-de-pantalla-2018-06-07-a-las-21.59.46.png 650w, https:\/\/bestmaresme.com\/blog\/wp-content\/uploads\/2019\/06\/Captura-de-pantalla-2018-06-07-a-las-21.59.46-300x187.png 300w\" sizes=\"(max-width: 650px) 100vw, 650px\" \/><\/a>\n\t\t\t<\/div><\/figure><figure class='gallery-item'>\n\t\t\t<div class='gallery-icon landscape'>\n\t\t\t\t<a href='https:\/\/bestmaresme.com\/blog\/tast-a-la-rambla\/image\/'><img width=\"630\" height=\"472\" src=\"https:\/\/bestmaresme.com\/blog\/wp-content\/uploads\/2019\/06\/image.jpg\" class=\"attachment-large size-large\" alt=\"\" decoding=\"async\" loading=\"lazy\" srcset=\"https:\/\/bestmaresme.com\/blog\/wp-content\/uploads\/2019\/06\/image.jpg 630w, https:\/\/bestmaresme.com\/blog\/wp-content\/uploads\/2019\/06\/image-300x225.jpg 300w\" sizes=\"(max-width: 630px) 100vw, 630px\" \/><\/a>\n\t\t\t<\/div><\/figure>\n\t\t<\/div>\n\n<blockquote><p><strong>Os apetece verdad???<\/strong><\/p><\/blockquote>\n<p><strong>Adem\u00e1s&#8230;<\/strong> junto a la estatua de Col\u00f3n podr\u00e9is disfrutar de actuaciones musicales y en el Arts Santa M\u00f3nica de actividades gratuitas como catas, show cooking&#8217;s&#8230;<\/p>\n<blockquote><p><strong>TE APUNTAS A <a href=\"https:\/\/bestmaresme.com\/blog\/de-tapas-un-plan-perfecto\/\">TAPEAR<\/a>????<\/strong><\/p><\/blockquote>\n<p><a href=\"https:\/\/gastronomiaycia.republica.com\/wp-content\/uploads\/2019\/05\/tastalarambla2019_programa.pdf\">M\u00e1s informaci\u00f3n del Tast a la Rambla<\/a><\/p>\n<p><!--more--><\/p>","protected":false},"excerpt":{"rendered":"<p>Ya tenemos aqu\u00ed la sexta edici\u00f3n del &#8220;Tast a la Rambla&#8221;, uno de los eventos gastron\u00f3micos m\u00e1s atractivos del a\u00f1o en Barcelona Es bien sabido&hellip; <\/p>\n","protected":false},"author":1,"featured_media":49370,"comment_status":"open","ping_status":"open","sticky":false,"template":"","format":"standard","meta":{"footnotes":""},"categories":[11,165,121,1],"tags":[153,9,19],"_links":{"self":[{"href":"https:\/\/bestmaresme.com\/blog\/wp-json\/wp\/v2\/posts\/7515"}],"collection":[{"href":"https:\/\/bestmaresme.com\/blog\/wp-json\/wp\/v2\/posts"}],"about":[{"href":"https:\/\/bestmaresme.com\/blog\/wp-json\/wp\/v2\/types\/post"}],"author":[{"embeddable":true,"href":"https:\/\/bestmaresme.com\/blog\/wp-json\/wp\/v2\/users\/1"}],"replies":[{"embeddable":true,"href":"https:\/\/bestmaresme.com\/blog\/wp-json\/wp\/v2\/comments?post=7515"}],"version-history":[{"count":19,"href":"https:\/\/bestmaresme.com\/blog\/wp-json\/wp\/v2\/posts\/7515\/revisions"}],"predecessor-version":[{"id":49369,"href":"https:\/\/bestmaresme.com\/blog\/wp-json\/wp\/v2\/posts\/7515\/revisions\/49369"}],"wp:featuredmedia":[{"embeddable":true,"href":"https:\/\/bestmaresme.com\/blog\/wp-json\/wp\/v2\/media\/49370"}],"wp:attachment":[{"href":"https:\/\/bestmaresme.com\/blog\/wp-json\/wp\/v2\/media?parent=7515"}],"wp:term":[{"taxonomy":"category","embeddable":true,"href":"https:\/\/bestmaresme.com\/blog\/wp-json\/wp\/v2\/categories?post=7515"},{"taxonomy":"post_tag","embeddable":true,"href":"https:\/\/bestmaresme.com\/blog\/wp-json\/wp\/v2\/tags?post=7515"}],"curies":[{"name":"wp","href":"https:\/\/api.w.org\/{rel}","templated":true}]}}