{"id":8262,"date":"2019-09-17T13:33:45","date_gmt":"2019-09-17T13:33:45","guid":{"rendered":"https:\/\/bestmaresme.com\/blog\/?p=8262"},"modified":"2023-07-21T20:09:34","modified_gmt":"2023-07-21T20:09:34","slug":"las-fiestas-de-la-merce-2019","status":"publish","type":"post","link":"https:\/\/bestmaresme.com\/blog\/las-fiestas-de-la-merce-2019\/","title":{"rendered":"Las Fiestas de la Merc\u00e8 2019"},"content":{"rendered":"<p><\/p>\n<h2 style=\"text-align: center;\">La Merc\u00e8 viste de fiesta mayor Barcelona<\/h2>\n<p>Al finalizar el verano llegan a Barcelona las Fiestes de la Merc\u00e8. Entre el 20 y el 24 de septiembre la ciudad se llenar\u00e1 con actividades de todo tipo, m\u00fasica en directo y espect\u00e1culos para ni\u00f1os.<\/p>\n<blockquote><p><a href=\"https:\/\/www.barcelona.cat\/lamerce\/es\">Consulta el programa d\u00eda a d\u00eda<\/a><\/p><\/blockquote>\n<p>Para hacerse una idea del volumen de la fiesta tan solo hay que ver que en cuatro d\u00edas habr\u00e1 un centenar de conciertos, 147 espect\u00e1culos de artes esc\u00e9nicas con 430 funciones, y los d\u00edas 21 y 22 en la plaza Catalunya 175 actividades organizadas por colectivos de la ciudad. Y eso no es todo!<\/p>\n<p><strong>La Merc\u00e8, es la fiesta mayor de Barcelona que se celebra cada a\u00f1o alrededor del 24 de septiembre, d\u00eda de la Virgen de la Merc\u00e8, y dura aproximadamente una semana.<\/strong><\/p>\n<p>La fiesta rinde homenaje a la patrona de <a href=\"https:\/\/bestmaresme.com\/\">Barcelona<\/a>, a quien se le atribuyen una serie de milagros vinculados a la ciudad.<\/p>\n<p>La fiesta arrancar\u00e1 con el Preg\u00f3n, que este a\u00f1o ir\u00e1 a cargo de Manuela Carmena (ex alcaldesa de Madrid).<\/p>\n<p><strong>\u00bfPodr\u00eda faltar la diada Castellera?<\/strong><\/p>\n<p><strong>El domingo 22 y el martes 24<\/strong>, en la plaza Sant Jaume contaremos con los castellers de Barcelona, entre otros, que este a\u00f1o celebran su 50.\u00ba aniversario.<\/p>\n<figure id=\"attachment_8263\" aria-describedby=\"caption-attachment-8263\" style=\"width: 880px\" class=\"wp-caption aligncenter\"><img decoding=\"async\" loading=\"lazy\" class=\"wp-image-8263 size-full\" src=\"https:\/\/bestmaresme.com\/blog\/wp-content\/uploads\/2019\/09\/Castellers.jpg\" alt=\"\" width=\"880\" height=\"543\" srcset=\"https:\/\/bestmaresme.com\/blog\/wp-content\/uploads\/2019\/09\/Castellers.jpg 880w, https:\/\/bestmaresme.com\/blog\/wp-content\/uploads\/2019\/09\/Castellers-300x185.jpg 300w, https:\/\/bestmaresme.com\/blog\/wp-content\/uploads\/2019\/09\/Castellers-768x474.jpg 768w\" sizes=\"(max-width: 880px) 100vw, 880px\" \/><figcaption id=\"caption-attachment-8263\" class=\"wp-caption-text\">Los Castellers de Vilafranca en una diada en la plaza Sant Jaume<\/figcaption><\/figure>\n<p><strong>El domingo 21<\/strong> a las 18.30 h los \u201cgegants I gegantes\u201d salen a la calle, seguidos por las \u201ccolles de diables\u201d que pasearan por la Via Laietana desde la plaza de Antoni Maura hasta la plaza de Antoni L\u00f3pez y har\u00e1n las delicias de los peque\u00f1os.<\/p>\n<p><img decoding=\"async\" loading=\"lazy\" class=\"aligncenter size-full wp-image-8264\" src=\"https:\/\/bestmaresme.com\/blog\/wp-content\/uploads\/2019\/09\/Gegants.jpg\" alt=\"\" width=\"665\" height=\"374\" srcset=\"https:\/\/bestmaresme.com\/blog\/wp-content\/uploads\/2019\/09\/Gegants.jpg 665w, https:\/\/bestmaresme.com\/blog\/wp-content\/uploads\/2019\/09\/Gegants-300x169.jpg 300w\" sizes=\"(max-width: 665px) 100vw, 665px\" \/><\/p>\n<p>En el\u00a0<strong>Parc de la Ciutadella<\/strong>, este a\u00f1o se podr\u00e1 disfutar de la cara m\u00e1s festiva del mundo \u00e1rabe, con <strong>Les Nits de Beirut<\/strong>.<\/p>\n<p><img decoding=\"async\" loading=\"lazy\" class=\"aligncenter size-full wp-image-8265\" src=\"https:\/\/bestmaresme.com\/blog\/wp-content\/uploads\/2019\/09\/M19-FB-Post-Beirut-1200x900-1-760x428.jpg\" alt=\"\" width=\"760\" height=\"428\" srcset=\"https:\/\/bestmaresme.com\/blog\/wp-content\/uploads\/2019\/09\/M19-FB-Post-Beirut-1200x900-1-760x428.jpg 760w, https:\/\/bestmaresme.com\/blog\/wp-content\/uploads\/2019\/09\/M19-FB-Post-Beirut-1200x900-1-760x428-300x169.jpg 300w\" sizes=\"(max-width: 760px) 100vw, 760px\" \/><\/p>\n<p>Tambi\u00e9n hay un hueco para la vida sana y el deporte con la <strong>m\u00edtica cursa de la Merc\u00e8 el domingo 29.<\/strong><\/p>\n<blockquote><p>Y como broche final\u2026<strong>el Piromusical en la Avda Maria Cristina<\/strong> que en esta ocasi\u00f3n rinde homenaje a The Beatles, El Gran Teatre del Liceu, Glenn Miller y Montserrat Caball\u00e9.<\/p><\/blockquote>\n<p><img decoding=\"async\" loading=\"lazy\" class=\"aligncenter size-full wp-image-8266\" src=\"https:\/\/bestmaresme.com\/blog\/wp-content\/uploads\/2019\/09\/Piromusical-la-merce.jpg\" alt=\"\" width=\"1277\" height=\"842\" srcset=\"https:\/\/bestmaresme.com\/blog\/wp-content\/uploads\/2019\/09\/Piromusical-la-merce.jpg 1277w, https:\/\/bestmaresme.com\/blog\/wp-content\/uploads\/2019\/09\/Piromusical-la-merce-300x198.jpg 300w, https:\/\/bestmaresme.com\/blog\/wp-content\/uploads\/2019\/09\/Piromusical-la-merce-768x506.jpg 768w, https:\/\/bestmaresme.com\/blog\/wp-content\/uploads\/2019\/09\/Piromusical-la-merce-1024x675.jpg 1024w\" sizes=\"(max-width: 1277px) 100vw, 1277px\" \/><\/p>\n<h2 style=\"text-align: center;\"><a href=\"https:\/\/bestmaresme.com\/\">BestMaresme<\/a> us desitja Bona Festa Major<\/h2>\n<p><img decoding=\"async\" loading=\"lazy\" class=\"aligncenter wp-image-8270\" src=\"https:\/\/bestmaresme.com\/blog\/wp-content\/uploads\/2019\/09\/LOGO-Best.jpg\" alt=\"\" width=\"442\" height=\"247\" srcset=\"https:\/\/bestmaresme.com\/blog\/wp-content\/uploads\/2019\/09\/LOGO-Best.jpg 860w, https:\/\/bestmaresme.com\/blog\/wp-content\/uploads\/2019\/09\/LOGO-Best-300x167.jpg 300w, https:\/\/bestmaresme.com\/blog\/wp-content\/uploads\/2019\/09\/LOGO-Best-768x429.jpg 768w\" sizes=\"(max-width: 442px) 100vw, 442px\" \/><\/p>\n<h4>\u00bfBuscas una casa de lujo en Barcelona?<\/h4>\n<p>En BestMaresme disponemos de una gran oferta en las zonas m\u00e1s exclusivas del Maresme. Somos expertos en propiedades de lujo en poblaciones como Cabrils, Premi\u00e0 de Dalt, Vilassar de Dalt o Llavaneres. \u00bfBuscas una casa de lujo para comprar o alquilar en la Costa de Barcelona? Vis\u00edtanos o contacta con nosotros.<\/p>\n<div style=\"width: 100%; text-align: center; margin-bottom: 40px;\">\n<div style=\"padding-top: 10px; font-size: 22px;\"><a style=\"color: #7c2c2d;\" title=\"Env\u00edanos un Wassap!\" href=\"https:\/\/api.whatsapp.com\/send?l=es-ES&amp;phone=34608010051\" target=\"_blank\" rel=\"noopener\">Env\u00edanos un WhatsApp &gt;&gt;<\/a><\/div>\n<div style=\"font-size: 22px;\"><a style=\"color: #7c2c2d;\" title=\"Llamar a la oficina\" href=\"tel:+34937594692\" target=\"_blank\" rel=\"noopener\">Ll\u00e1manos al 93 759 46 92 &gt;&gt;<\/a><\/div>\n<\/div>\n<p>&nbsp;<\/p>\n<p>&nbsp;<!--more--><\/p>","protected":false},"excerpt":{"rendered":"<p>La Merc\u00e8 viste de fiesta mayor Barcelona Al finalizar el verano llegan a Barcelona las Fiestes de la Merc\u00e8. Entre el 20 y el 24&hellip; <\/p>\n","protected":false},"author":1,"featured_media":8269,"comment_status":"open","ping_status":"open","sticky":false,"template":"","format":"standard","meta":{"footnotes":""},"categories":[11,135,1],"tags":[41,17,36],"_links":{"self":[{"href":"https:\/\/bestmaresme.com\/blog\/wp-json\/wp\/v2\/posts\/8262"}],"collection":[{"href":"https:\/\/bestmaresme.com\/blog\/wp-json\/wp\/v2\/posts"}],"about":[{"href":"https:\/\/bestmaresme.com\/blog\/wp-json\/wp\/v2\/types\/post"}],"author":[{"embeddable":true,"href":"https:\/\/bestmaresme.com\/blog\/wp-json\/wp\/v2\/users\/1"}],"replies":[{"embeddable":true,"href":"https:\/\/bestmaresme.com\/blog\/wp-json\/wp\/v2\/comments?post=8262"}],"version-history":[{"count":7,"href":"https:\/\/bestmaresme.com\/blog\/wp-json\/wp\/v2\/posts\/8262\/revisions"}],"predecessor-version":[{"id":43190,"href":"https:\/\/bestmaresme.com\/blog\/wp-json\/wp\/v2\/posts\/8262\/revisions\/43190"}],"wp:featuredmedia":[{"embeddable":true,"href":"https:\/\/bestmaresme.com\/blog\/wp-json\/wp\/v2\/media\/8269"}],"wp:attachment":[{"href":"https:\/\/bestmaresme.com\/blog\/wp-json\/wp\/v2\/media?parent=8262"}],"wp:term":[{"taxonomy":"category","embeddable":true,"href":"https:\/\/bestmaresme.com\/blog\/wp-json\/wp\/v2\/categories?post=8262"},{"taxonomy":"post_tag","embeddable":true,"href":"https:\/\/bestmaresme.com\/blog\/wp-json\/wp\/v2\/tags?post=8262"}],"curies":[{"name":"wp","href":"https:\/\/api.w.org\/{rel}","templated":true}]}}