{"id":8274,"date":"2019-09-17T07:22:39","date_gmt":"2019-09-17T07:22:39","guid":{"rendered":"https:\/\/bestmaresme.com\/blog\/?p=8274"},"modified":"2023-07-21T20:09:34","modified_gmt":"2023-07-21T20:09:34","slug":"completamente-reformada-con-panoramicas-vistas-al-mar-sant-andreu-de-llavaneres","status":"publish","type":"post","link":"https:\/\/bestmaresme.com\/blog\/completamente-reformada-con-panoramicas-vistas-al-mar-sant-andreu-de-llavaneres\/","title":{"rendered":"\u00a1Completamente reformada con panor\u00e1micas vistas al mar! Sant Andreu de Llavaneres"},"content":{"rendered":"<p><\/p>\n<h5>Al lado de la playa, del centro y servicios<\/h5>\n<h3><a href=\"https:\/\/bestmaresme.com\/Llavaneres\/933-casas-Llavaneres-700\/\">+info<\/a><\/h3>\n<h3>C-700<\/h3>\n<h3>Venta:570.000 \u20ac<\/h3>\n<h3>Alquiler: 2.200 \u20ac<\/h3>\n<p>&nbsp;<\/p>\n<p>&nbsp;<\/p>\n<p>Magn\u00edfica\u00a0<a href=\"https:\/\/bestmaresme.com\/Llavaneres\/\"><b>casa adosada en Sant Andreu de Llavaneres a la venta o en alquiler<\/b><\/a>, con fant\u00e1sticas vistas al mar,\u00a0<b>completamente reformada<\/b>\u00a0recientemente, instalaciones de agua, luz y gas\u2026<\/p>\n<p>Gracias a su excelente orientaci\u00f3n,\u00a0<b>disfruta de much\u00edsima luz natural todo el d\u00eda<\/b>.<\/p>\n<p><b>Ubicada dentro de un conjunto residencial (solo 6 casas) con zona comunitaria y piscina.<\/b>\u00a0Al lado de la playa, del centro, con servicios y transporte que le permiten una buena conexi\u00f3n con las <a href=\"https:\/\/bestmaresme.com\/\">poblaciones cercanas y con Barcelona<\/a>.<\/p>\n<figure id=\"attachment_8277\" aria-describedby=\"caption-attachment-8277\" style=\"width: 1400px\" class=\"wp-caption aligncenter\"><a href=\"https:\/\/bestmaresme.com\"><img decoding=\"async\" loading=\"lazy\" class=\"wp-image-8277 size-full\" title=\"Casa en venta o alquiler en Llavaneres\" src=\"https:\/\/bestmaresme.com\/blog\/wp-content\/uploads\/2019\/09\/IMG_5884.jpg\" alt=\"Zona comunitaria \" width=\"1400\" height=\"933\" srcset=\"https:\/\/bestmaresme.com\/blog\/wp-content\/uploads\/2019\/09\/IMG_5884.jpg 1400w, https:\/\/bestmaresme.com\/blog\/wp-content\/uploads\/2019\/09\/IMG_5884-300x200.jpg 300w, https:\/\/bestmaresme.com\/blog\/wp-content\/uploads\/2019\/09\/IMG_5884-768x512.jpg 768w, https:\/\/bestmaresme.com\/blog\/wp-content\/uploads\/2019\/09\/IMG_5884-1024x682.jpg 1024w\" sizes=\"(max-width: 1400px) 100vw, 1400px\" \/><\/a><figcaption id=\"caption-attachment-8277\" class=\"wp-caption-text\">Zona comunitaria<\/figcaption><\/figure>\n<p><b>La casa est\u00e1 dividida en tres plantas<\/b>. Solo entrando a la casa, podemos disfrutar de vistas al mar.\u00a0<b>La planta baja<\/b>, es un espacio di\u00e1fano y muy luminoso dividido en diferentes zonas; recibidor con armarios empotrados, zona de descanso con sof\u00e1s y chimenea, zona de comedor, cocina abierta al sal\u00f3n tipo loft con isla central (electrodom\u00e9sticos y muebles de gama alta) y ba\u00f1o completo.\u00a0<b>Desde esta planta<\/b>\u00a0tenemos salida directa al jard\u00edn con vistas al mar y a una preciosa zona comunitaria con piscina.<\/p>\n<p><img decoding=\"async\" loading=\"lazy\" class=\"aligncenter size-full wp-image-8278\" src=\"https:\/\/bestmaresme.com\/blog\/wp-content\/uploads\/2019\/09\/IMG_5898.jpg\" alt=\"\" width=\"1400\" height=\"933\" srcset=\"https:\/\/bestmaresme.com\/blog\/wp-content\/uploads\/2019\/09\/IMG_5898.jpg 1400w, https:\/\/bestmaresme.com\/blog\/wp-content\/uploads\/2019\/09\/IMG_5898-300x200.jpg 300w, https:\/\/bestmaresme.com\/blog\/wp-content\/uploads\/2019\/09\/IMG_5898-768x512.jpg 768w, https:\/\/bestmaresme.com\/blog\/wp-content\/uploads\/2019\/09\/IMG_5898-1024x682.jpg 1024w\" sizes=\"(max-width: 1400px) 100vw, 1400px\" \/><\/p>\n<p><img decoding=\"async\" loading=\"lazy\" class=\"aligncenter size-full wp-image-8279\" src=\"https:\/\/bestmaresme.com\/blog\/wp-content\/uploads\/2019\/09\/IMG_5888.jpg\" alt=\"\" width=\"1400\" height=\"933\" srcset=\"https:\/\/bestmaresme.com\/blog\/wp-content\/uploads\/2019\/09\/IMG_5888.jpg 1400w, https:\/\/bestmaresme.com\/blog\/wp-content\/uploads\/2019\/09\/IMG_5888-300x200.jpg 300w, https:\/\/bestmaresme.com\/blog\/wp-content\/uploads\/2019\/09\/IMG_5888-768x512.jpg 768w, https:\/\/bestmaresme.com\/blog\/wp-content\/uploads\/2019\/09\/IMG_5888-1024x682.jpg 1024w\" sizes=\"(max-width: 1400px) 100vw, 1400px\" \/><\/p>\n<p><b>En la primera planta<\/b>\u00a0encontramos dos amplios dormitorios (en origen eran cuatro dormitorios) y dos ba\u00f1os, el dormitorio principal tiene ba\u00f1o incorporado, con ba\u00f1era hidromasaje y ducha, un elegante vestidor y terraza privada con vistas al mar.<b>\u00a0<\/b><\/p>\n<p><img decoding=\"async\" loading=\"lazy\" class=\"aligncenter size-full wp-image-8280\" src=\"https:\/\/bestmaresme.com\/blog\/wp-content\/uploads\/2019\/09\/IMG_5919.jpg\" alt=\"\" width=\"1400\" height=\"933\" srcset=\"https:\/\/bestmaresme.com\/blog\/wp-content\/uploads\/2019\/09\/IMG_5919.jpg 1400w, https:\/\/bestmaresme.com\/blog\/wp-content\/uploads\/2019\/09\/IMG_5919-300x200.jpg 300w, https:\/\/bestmaresme.com\/blog\/wp-content\/uploads\/2019\/09\/IMG_5919-768x512.jpg 768w, https:\/\/bestmaresme.com\/blog\/wp-content\/uploads\/2019\/09\/IMG_5919-1024x682.jpg 1024w\" sizes=\"(max-width: 1400px) 100vw, 1400px\" \/><\/p>\n<p><b>En la buhardilla<\/b>\u00a0se podr\u00eda ubicar un tercer dormitorio, pues su gran espacio le permitir\u00eda incorporar un ba\u00f1o.<\/p>\n<p><b>Extras<\/b>: Suelo de toda la casa en parqu\u00e9, persianas autom\u00e1ticas, grandes ventanales de PVC con doble vidrio, puerta blindada, alarma interior, grandes armarios empotrados en toda la vivienda, garaje para dos coches y un peque\u00f1o trastero.<\/p>\n<h4>\u00bfBuscas una casa de lujo en Barcelona?<\/h4>\n<p>En BestMaresme disponemos de una gran oferta en las zonas m\u00e1s exclusivas del Maresme. Somos expertos en propiedades de lujo en poblaciones como Cabrils, Premia de Dalt, Vilassar de Dalt o Llavaneres. \u00bfEst\u00e1 buscando una casa de lujo para comprar o alquilar en la Costa de Barcelona? Vis\u00edtanos o contacta con nosotros.<\/p>\n<div style=\"width: 100%; text-align: center; margin-bottom: 40px;\">\n<div style=\"padding-top: 10px; font-size: 22px;\"><a style=\"color: #7c2c2d;\" title=\"Env\u00edanos un Wassap!\" href=\"https:\/\/api.whatsapp.com\/send?l=es-ES&amp;phone=34608010051\" target=\"_blank\" rel=\"noopener\">Env\u00edanos un WhatsApp &gt;&gt;<\/a><\/div>\n<div style=\"font-size: 22px;\"><a style=\"color: #7c2c2d;\" title=\"Llamar a la oficina\" href=\"tel:+34937594692\" target=\"_blank\" rel=\"noopener\">Llamanos al 93 759 46 92 &gt;&gt;<\/a><\/div>\n<\/div>\n<p>&nbsp;<!--more--><\/p>","protected":false},"excerpt":{"rendered":"<p>Al lado de la playa, del centro y servicios +info C-700 Venta:570.000 \u20ac Alquiler: 2.200 \u20ac &nbsp; &nbsp; Magn\u00edfica\u00a0casa adosada en Sant Andreu de Llavaneres&hellip; <\/p>\n","protected":false},"author":1,"featured_media":8276,"comment_status":"open","ping_status":"open","sticky":false,"template":"","format":"standard","meta":{"footnotes":""},"categories":[165,172,38,1],"tags":[124,67,19,42],"_links":{"self":[{"href":"https:\/\/bestmaresme.com\/blog\/wp-json\/wp\/v2\/posts\/8274"}],"collection":[{"href":"https:\/\/bestmaresme.com\/blog\/wp-json\/wp\/v2\/posts"}],"about":[{"href":"https:\/\/bestmaresme.com\/blog\/wp-json\/wp\/v2\/types\/post"}],"author":[{"embeddable":true,"href":"https:\/\/bestmaresme.com\/blog\/wp-json\/wp\/v2\/users\/1"}],"replies":[{"embeddable":true,"href":"https:\/\/bestmaresme.com\/blog\/wp-json\/wp\/v2\/comments?post=8274"}],"version-history":[{"count":6,"href":"https:\/\/bestmaresme.com\/blog\/wp-json\/wp\/v2\/posts\/8274\/revisions"}],"predecessor-version":[{"id":43184,"href":"https:\/\/bestmaresme.com\/blog\/wp-json\/wp\/v2\/posts\/8274\/revisions\/43184"}],"wp:featuredmedia":[{"embeddable":true,"href":"https:\/\/bestmaresme.com\/blog\/wp-json\/wp\/v2\/media\/8276"}],"wp:attachment":[{"href":"https:\/\/bestmaresme.com\/blog\/wp-json\/wp\/v2\/media?parent=8274"}],"wp:term":[{"taxonomy":"category","embeddable":true,"href":"https:\/\/bestmaresme.com\/blog\/wp-json\/wp\/v2\/categories?post=8274"},{"taxonomy":"post_tag","embeddable":true,"href":"https:\/\/bestmaresme.com\/blog\/wp-json\/wp\/v2\/tags?post=8274"}],"curies":[{"name":"wp","href":"https:\/\/api.w.org\/{rel}","templated":true}]}}