{"id":8354,"date":"2019-09-26T15:03:38","date_gmt":"2019-09-26T15:03:38","guid":{"rendered":"https:\/\/bestmaresme.com\/blog\/?p=8354"},"modified":"2023-07-21T20:09:36","modified_gmt":"2023-07-21T20:09:36","slug":"casa-en-vilassar-de-dalt-baja-de-precio","status":"publish","type":"post","link":"https:\/\/bestmaresme.com\/blog\/casa-en-vilassar-de-dalt-baja-de-precio\/","title":{"rendered":"Casa en Vilassar de Dalt baja de precio"},"content":{"rendered":"<p><\/p>\n<h5>Una vivienda con gran potencial!<\/h5>\n<h3><a href=\"https:\/\/bestmaresme.com\/Vilassar_de_Dalt\/807-casas-Vilassar_de_Dalt-590\/\">+info<\/a><\/h3>\n<h3>C-590<\/h3>\n<h3><del>470.000 \u20ac<\/del> Ahora 423.000 \u20ac<\/h3>\n<p>&nbsp;<\/p>\n<p>&nbsp;<\/p>\n<p>Esta coqueta y acogedora\u00a0<strong><a href=\"https:\/\/bestmaresme.com\/Vilassar_de_Dalt\/\">casa a la venta, en la costa del Maresme, en la poblaci\u00f3n de Vilassar de Dalt<\/a>,<\/strong> cuenta con una privilegiada ubicaci\u00f3n que le permite acceso caminando a todos los servicios que ofrece el centro urbano.<\/p>\n<p>Su agradable jard\u00edn rodea la casa y otorga absoluta privacidad con un c\u00e1lido porche naciendo de su estructura y rodeado de flores y plantas que aportan frescor y encantadores rincones.<\/p>\n<figure id=\"attachment_8356\" aria-describedby=\"caption-attachment-8356\" style=\"width: 1400px\" class=\"wp-caption aligncenter\"><a href=\"https:\/\/bestmaresme.com\/Vilassar_de_Dalt\/807-casas-Vilassar_de_Dalt-590\/\"><img decoding=\"async\" loading=\"lazy\" class=\"wp-image-8356 size-full\" title=\"Casa en venta en Vilassar de Dalt\" src=\"https:\/\/bestmaresme.com\/blog\/wp-content\/uploads\/2019\/09\/IMG_9249.jpg\" alt=\"Jard\u00edn con porche\" width=\"1400\" height=\"933\" srcset=\"https:\/\/bestmaresme.com\/blog\/wp-content\/uploads\/2019\/09\/IMG_9249.jpg 1400w, https:\/\/bestmaresme.com\/blog\/wp-content\/uploads\/2019\/09\/IMG_9249-300x200.jpg 300w, https:\/\/bestmaresme.com\/blog\/wp-content\/uploads\/2019\/09\/IMG_9249-768x512.jpg 768w, https:\/\/bestmaresme.com\/blog\/wp-content\/uploads\/2019\/09\/IMG_9249-1024x682.jpg 1024w\" sizes=\"(max-width: 1400px) 100vw, 1400px\" \/><\/a><figcaption id=\"caption-attachment-8356\" class=\"wp-caption-text\">Jard\u00edn con porche<\/figcaption><\/figure>\n<p>La fachada de la vivienda tiene diferentes vol\u00famenes de tejado, en el interior altos techos que fusionan los ambientes creando una sensaci\u00f3n de continuidad y amplitud, la distribuci\u00f3n en dos plantas m\u00e1s buhardilla atribuye a cada zona un cometido.<b>\u00a0<\/b><\/p>\n<h4>\u00bfBuscas una casa de lujo en Barcelona?<\/h4>\n<p>En BestMaresme disponemos de una gran oferta en las zonas m\u00e1s exclusivas del Maresme. Somos expertos en propiedades de lujo en poblaciones como Cabrils, Premia de Dalt, Vilassar de Dalt o Llavaneres. \u00bfEst\u00e1 buscando una casa de lujo para comprar o alquilar en la Costa de Barcelona? Vis\u00edtanos o contacta con nosotros.<\/p>\n<div style=\"width: 100%; text-align: center; margin-bottom: 40px;\">\n<div style=\"padding-top: 10px; font-size: 22px;\"><a style=\"color: #7c2c2d;\" title=\"Env\u00edanos un Wassap!\" href=\"https:\/\/api.whatsapp.com\/send?l=es-ES&amp;phone=34608010051\" target=\"_blank\" rel=\"noopener\">Env\u00edanos un WhatsApp &gt;&gt;<\/a><\/div>\n<div style=\"font-size: 22px;\"><a style=\"color: #7c2c2d;\" title=\"Llamar a la oficina\" href=\"tel:+34937594692\" target=\"_blank\" rel=\"noopener\">Llamanos al 93 759 46 92 &gt;&gt;<\/a><\/div>\n<\/div>\n<p>&nbsp;<\/p>\n<p><b>La planta principa<\/b>l (el \u00e1rea de d\u00eda) desde el luminoso hall, encontramos el sal\u00f3n comedor a dos alturas de 36 m2, con chimenea y salida al jard\u00edn, cocina office con lavadero independiente y dos salidas al exterior, una al espacio destinado a la barbacoa y la otra salida a un pasillo lateral, en esta misma planta encontramos una pr\u00e1ctica habitaci\u00f3n con ba\u00f1o completo.<\/p>\n<figure id=\"attachment_8357\" aria-describedby=\"caption-attachment-8357\" style=\"width: 1400px\" class=\"wp-caption aligncenter\"><a href=\"https:\/\/bestmaresme.com\/Vilassar_de_Dalt\/807-casas-Vilassar_de_Dalt-590\/\"><img decoding=\"async\" loading=\"lazy\" class=\"wp-image-8357 size-full\" title=\"Casa en venta en Vilassar de Mar\" src=\"https:\/\/bestmaresme.com\/blog\/wp-content\/uploads\/2019\/09\/IMG_8930.jpg\" alt=\"Sal\u00f3n comedor en dos niveles\" width=\"1400\" height=\"933\" srcset=\"https:\/\/bestmaresme.com\/blog\/wp-content\/uploads\/2019\/09\/IMG_8930.jpg 1400w, https:\/\/bestmaresme.com\/blog\/wp-content\/uploads\/2019\/09\/IMG_8930-300x200.jpg 300w, https:\/\/bestmaresme.com\/blog\/wp-content\/uploads\/2019\/09\/IMG_8930-768x512.jpg 768w, https:\/\/bestmaresme.com\/blog\/wp-content\/uploads\/2019\/09\/IMG_8930-1024x682.jpg 1024w\" sizes=\"(max-width: 1400px) 100vw, 1400px\" \/><\/a><figcaption id=\"caption-attachment-8357\" class=\"wp-caption-text\">Sal\u00f3n comedor en dos niveles<\/figcaption><\/figure>\n<p><b>En la planta intermedia<\/b>\u00a0se sit\u00faan los otros 4 dormitorios, uno de ellos dispone de terraza privada de 16 m2 con bonitas vistas a la poblaci\u00f3n, y un ba\u00f1o completo, en esta planta encontramos un gran espacio abierto como sala com\u00fan, por \u00faltimo, una organizada y funcional buhardilla que se destina como \u00e1rea de trabajo.<\/p>\n<figure id=\"attachment_8358\" aria-describedby=\"caption-attachment-8358\" style=\"width: 1400px\" class=\"wp-caption aligncenter\"><a href=\"https:\/\/bestmaresme.com\/Vilassar_de_Dalt\/807-casas-Vilassar_de_Dalt-590\/\"><img decoding=\"async\" loading=\"lazy\" class=\"wp-image-8358 size-full\" title=\"Casa en venta en Vilassar de Dalt\" src=\"https:\/\/bestmaresme.com\/blog\/wp-content\/uploads\/2019\/09\/IMG_8948.jpg\" alt=\"Terraza privada de 16 m2 con bonitas vistas\" width=\"1400\" height=\"933\" srcset=\"https:\/\/bestmaresme.com\/blog\/wp-content\/uploads\/2019\/09\/IMG_8948.jpg 1400w, https:\/\/bestmaresme.com\/blog\/wp-content\/uploads\/2019\/09\/IMG_8948-300x200.jpg 300w, https:\/\/bestmaresme.com\/blog\/wp-content\/uploads\/2019\/09\/IMG_8948-768x512.jpg 768w, https:\/\/bestmaresme.com\/blog\/wp-content\/uploads\/2019\/09\/IMG_8948-1024x682.jpg 1024w\" sizes=\"(max-width: 1400px) 100vw, 1400px\" \/><\/a><figcaption id=\"caption-attachment-8358\" class=\"wp-caption-text\">Terraza privada de 16 m2 con bonitas vistas<\/figcaption><\/figure>\n<p><b>Una casa con gran potencial<\/b>, a 10 minutos en coche de la playa, a 25 km del centro de Barcelona, a 50 km del Aeropuerto del Prat y cerca de todos los servicios, colegios, transporte p\u00fablico.<\/p>\n<blockquote><p><strong>La vivienda se encuentra en buen estado<\/strong>, dispone de garaje con una plaza de parking cerrada, calefacci\u00f3n, A.C , gas Natural, trastero, barbacoa, armarios empotrados..<\/p><\/blockquote>\n<p><!--more--><\/p>","protected":false},"excerpt":{"rendered":"<p>Una vivienda con gran potencial! +info C-590 470.000 \u20ac Ahora 423.000 \u20ac &nbsp; &nbsp; Esta coqueta y acogedora\u00a0casa a la venta, en la costa del&hellip; <\/p>\n","protected":false},"author":1,"featured_media":8355,"comment_status":"open","ping_status":"open","sticky":false,"template":"","format":"standard","meta":{"footnotes":""},"categories":[166,172,1,72],"tags":[33,19,73],"_links":{"self":[{"href":"https:\/\/bestmaresme.com\/blog\/wp-json\/wp\/v2\/posts\/8354"}],"collection":[{"href":"https:\/\/bestmaresme.com\/blog\/wp-json\/wp\/v2\/posts"}],"about":[{"href":"https:\/\/bestmaresme.com\/blog\/wp-json\/wp\/v2\/types\/post"}],"author":[{"embeddable":true,"href":"https:\/\/bestmaresme.com\/blog\/wp-json\/wp\/v2\/users\/1"}],"replies":[{"embeddable":true,"href":"https:\/\/bestmaresme.com\/blog\/wp-json\/wp\/v2\/comments?post=8354"}],"version-history":[{"count":9,"href":"https:\/\/bestmaresme.com\/blog\/wp-json\/wp\/v2\/posts\/8354\/revisions"}],"predecessor-version":[{"id":43208,"href":"https:\/\/bestmaresme.com\/blog\/wp-json\/wp\/v2\/posts\/8354\/revisions\/43208"}],"wp:featuredmedia":[{"embeddable":true,"href":"https:\/\/bestmaresme.com\/blog\/wp-json\/wp\/v2\/media\/8355"}],"wp:attachment":[{"href":"https:\/\/bestmaresme.com\/blog\/wp-json\/wp\/v2\/media?parent=8354"}],"wp:term":[{"taxonomy":"category","embeddable":true,"href":"https:\/\/bestmaresme.com\/blog\/wp-json\/wp\/v2\/categories?post=8354"},{"taxonomy":"post_tag","embeddable":true,"href":"https:\/\/bestmaresme.com\/blog\/wp-json\/wp\/v2\/tags?post=8354"}],"curies":[{"name":"wp","href":"https:\/\/api.w.org\/{rel}","templated":true}]}}