{"id":9203,"date":"2020-02-13T09:00:00","date_gmt":"2020-02-13T09:00:00","guid":{"rendered":"https:\/\/bestmaresme.com\/blog\/?p=9203"},"modified":"2023-07-21T20:09:55","modified_gmt":"2023-07-21T20:09:55","slug":"casa-domenech-montaner-canet","status":"publish","type":"post","link":"https:\/\/bestmaresme.com\/blog\/casa-domenech-montaner-canet\/","title":{"rendered":"Edificios emblem\u00e1ticos del Maresme (IV)"},"content":{"rendered":"<p><\/p>\n<h2>La Casa Dom\u00e8nech i Montaner de Canet de Mar<\/h2>\n<p><strong>Llu\u00eds Dom\u00e8nech i Montaner<\/strong> fue arquitecto, historiador, humanista, pol\u00edtico, dise\u00f1ador gr\u00e0fico y, como docente, cont\u00f3 entre sus alumnos a figuras como <strong>Gaud\u00ed, Puig i Cadafalch<\/strong> o <strong>Jujol<\/strong>. En su faceta de arquitecto utiliz\u00f3 un lenguaje innovador\u00a0 y una arquitectura fundamentada en un nuevo concepto en el que integraba todas las artes. Algunas de sus obras, como el <strong>Palau de la M\u00fasica Catalana<\/strong> o el<strong> Hospital de Sant Pa<\/strong>u, han sido declaradas Patrimonio de la Humanidad por la Unesco. Para Canet es un honor contar con diversas obras de tan insigne arquitecto.<\/p>\n<p>Llu\u00eds Dom\u00e8nech i Montaner se cas\u00f3 con Maria Roura Carnestoltes, nacida en Canet de Mar, y en esta poblaci\u00f3n de <strong><a href=\"https:\/\/bestmaresme.com\/\">Maresme<\/a><\/strong> pas\u00f3 largas temporadas. \u00c9l, su esposa y sus ocho hijos viv\u00edan en la Mas\u00eda Rocosa, pero con tantos hijos se les qued\u00f3 peque\u00f1a y, junto a su hijo Pere, tambi\u00e9n arquitecto y su yerno Francesc Gu\u00e0rdia, proyect\u00f3 entre el 1918 y 1919 la <a href=\"http:\/\/casamuseu.canetdemar.org\/\" target=\"_blank\" rel=\"noopener\"><strong>Casa Dom\u00e8nech.<\/strong><\/a> Esta casa es uno de los cuatro edificios modernistas que Dom\u00e8nech i Montaner construy\u00f3 en Canet de Mar.<\/p>\n<h4>\u00bfBuscas una casa de lujo en Barcelona?<\/h4>\n<p>En BestMaresme disponemos de una gran oferta en las zonas m\u00e1s exclusivas del Maresme. Somos expertos en propiedades de lujo en poblaciones como Cabrils, Premia de Dalt, Vilassar de Dalt o Llavaneres. \u00bfEst\u00e1 buscando una casa de lujo para comprar o alquilar en la Costa de Barcelona? Vis\u00edtanos o contacta con nosotros.<\/p>\n<div style=\"width: 100%; text-align: center; margin-bottom: 40px;\">\n<div style=\"padding-top: 10px; font-size: 22px;\"><a style=\"color: #7c2c2d;\" title=\"Env\u00edanos un Wassap!\" href=\"https:\/\/api.whatsapp.com\/send?l=es-ES&amp;phone=34608010051\" target=\"_blank\" rel=\"noopener\">Env\u00edanos un WhatsApp &gt;&gt;<\/a><\/div>\n<div style=\"font-size: 22px;\"><a style=\"color: #7c2c2d;\" title=\"Llamar a la oficina\" href=\"tel:+34937594692\" target=\"_blank\" rel=\"noopener\">Llamanos al 93 759 46 92 &gt;&gt;<\/a><span style=\"font-size: 15px;\">\u00a0<\/span><\/div>\n<\/div>\n<p>La <strong>Casa Dom\u00e8nech<\/strong>, que actualmente alberga la <strong>Casa Museu Llu\u00eds Dom\u00e8nech i Montaner<\/strong>, es un edificio flanqueado por dos rieras, la Buscarons y la Gavarra. En la fachada que da a la primera Dom\u00e8nech coloc\u00f3 balcones, y en la otra, ventanas lobuladas con esbeltos tragaluces. \u00a0Ya sea en las ventanas como en la tribuna del \u00e1ngulo todo apunta a que Dom\u00e8nech hizo su propia interpretaci\u00f3n del estilo g\u00f3tico. Los materiales usados tienen mucha relaci\u00f3n con el lugar donde construy\u00f3 la Casa. En la parte inferior utiliz\u00f3 piedra para proteger la casa de la erosi\u00f3n provocada por las riadas, mientras que en la parte superior hay un predominio del ladrillo. Est\u00e1 considerada como la \u00faltima obra modernista de Dom\u00e8nech i Montaner.<\/p>\n<figure id=\"attachment_9205\" aria-describedby=\"caption-attachment-9205\" style=\"width: 760px\" class=\"wp-caption aligncenter\"><img decoding=\"async\" loading=\"lazy\" class=\"size-full wp-image-9205\" src=\"https:\/\/bestmaresme.com\/blog\/wp-content\/uploads\/2020\/02\/Casa-Roura-de-Canet.jpg\" alt=\"Casa Roura\" width=\"760\" height=\"570\" srcset=\"https:\/\/bestmaresme.com\/blog\/wp-content\/uploads\/2020\/02\/Casa-Roura-de-Canet.jpg 760w, https:\/\/bestmaresme.com\/blog\/wp-content\/uploads\/2020\/02\/Casa-Roura-de-Canet-300x225.jpg 300w\" sizes=\"(max-width: 760px) 100vw, 760px\" \/><figcaption id=\"caption-attachment-9205\" class=\"wp-caption-text\">Casa Roura, de Dom\u00e8nech i Montaner, en Canet de Mar (foto: Josep M. Serra)<\/figcaption><\/figure>\n<p>Los otros tres edificios construidos por Dom\u00e8nech i Montaner en Canet de Mar son el <strong>Ateneu<\/strong>, un edificio levantado sobre una casa antigua en el que destaca una esquina con la c\u00fapula y el pararrayos con un drag\u00f3n de forja y que actualmente est\u00e1 ocupado por la biblioteca p\u00fablica de Canet; la <strong>Casa Roure<\/strong> (Riera de Sant Dom\u00e8nec, 1), encargada el a\u00f1o 1889 como residencia por Jacint de Capmany y Paquita Roura; y la reforma de la <strong>Masia Rocosa<\/strong>. Otras obras firmadas por el arquitecto modernista en la poblaci\u00f3n son la reforma de la sala de baile del <strong>Teatre Principal<\/strong>, la reforma del <strong>Castell de Santa Florentina<\/strong>, la <strong>Creu de Pedracastell,<\/strong> el sobrio <strong>pante\u00f3n Dom\u00e8nech i Montaner<\/strong> donde est\u00e1n enterrados \u00e9l, su esposa y dos de sus hijos, y el <strong>pante\u00f3n de la familia Font-Montaner.<\/strong><\/p>\n<p>&nbsp;<\/p>\n<p>&nbsp;<!--more--><\/p>","protected":false},"excerpt":{"rendered":"<p>La Casa Dom\u00e8nech i Montaner de Canet de Mar Llu\u00eds Dom\u00e8nech i Montaner fue arquitecto, historiador, humanista, pol\u00edtico, dise\u00f1ador gr\u00e0fico y, como docente, cont\u00f3 entre&hellip; <\/p>\n","protected":false},"author":1,"featured_media":9204,"comment_status":"open","ping_status":"open","sticky":false,"template":"","format":"standard","meta":{"footnotes":""},"categories":[180,117,121,172,1],"tags":[52,181,19,22],"_links":{"self":[{"href":"https:\/\/bestmaresme.com\/blog\/wp-json\/wp\/v2\/posts\/9203"}],"collection":[{"href":"https:\/\/bestmaresme.com\/blog\/wp-json\/wp\/v2\/posts"}],"about":[{"href":"https:\/\/bestmaresme.com\/blog\/wp-json\/wp\/v2\/types\/post"}],"author":[{"embeddable":true,"href":"https:\/\/bestmaresme.com\/blog\/wp-json\/wp\/v2\/users\/1"}],"replies":[{"embeddable":true,"href":"https:\/\/bestmaresme.com\/blog\/wp-json\/wp\/v2\/comments?post=9203"}],"version-history":[{"count":7,"href":"https:\/\/bestmaresme.com\/blog\/wp-json\/wp\/v2\/posts\/9203\/revisions"}],"predecessor-version":[{"id":43356,"href":"https:\/\/bestmaresme.com\/blog\/wp-json\/wp\/v2\/posts\/9203\/revisions\/43356"}],"wp:featuredmedia":[{"embeddable":true,"href":"https:\/\/bestmaresme.com\/blog\/wp-json\/wp\/v2\/media\/9204"}],"wp:attachment":[{"href":"https:\/\/bestmaresme.com\/blog\/wp-json\/wp\/v2\/media?parent=9203"}],"wp:term":[{"taxonomy":"category","embeddable":true,"href":"https:\/\/bestmaresme.com\/blog\/wp-json\/wp\/v2\/categories?post=9203"},{"taxonomy":"post_tag","embeddable":true,"href":"https:\/\/bestmaresme.com\/blog\/wp-json\/wp\/v2\/tags?post=9203"}],"curies":[{"name":"wp","href":"https:\/\/api.w.org\/{rel}","templated":true}]}}