{"id":9739,"date":"2020-06-02T10:35:59","date_gmt":"2020-06-02T10:35:59","guid":{"rendered":"https:\/\/bestmaresme.com\/blog\/?p=9739"},"modified":"2023-07-21T20:10:03","modified_gmt":"2023-07-21T20:10:03","slug":"el-maresme-entre-la-fase-1-y-la-2","status":"publish","type":"post","link":"https:\/\/bestmaresme.com\/blog\/el-maresme-entre-la-fase-1-y-la-2\/","title":{"rendered":"El Maresme, entre la Fase 1 y la 2"},"content":{"rendered":"<p>El lunes 1 de junio, la <strong><a href=\"https:\/\/bestmaresme.com\/\">comarca del Maresme<\/a><\/strong> ha vuelto a divergir en las fases de desescalada. Mientras que al norte de Canet de Mar (regi\u00f3n sanitaria de Girona) ha pasado a la Fase 2, al sur de Arenys de Mar (regi\u00f3n sanitaria Metropolitana Norte) sigue en la Fase 1, probablemente hasta el 8 de junio.<\/p>\n<h2>Maresme Fase 1<\/h2>\n<p><strong><a href=\"https:\/\/bestmaresme.com\/blog\/todo-el-maresme-esta-en-la-fase-1\/\">La zona del Maresme que permanece en Fase 1<\/a><\/strong> sigue sometida a las mismas normas que la semana anterior con algunas correcciones destacadas. En primer lugar se han unificado las tres regiones sanitarias en que se divide Barcelona y su \u00e1rea metropolitana en una sola regi\u00f3n sanitaria.<\/p>\n<p><img decoding=\"async\" loading=\"lazy\" class=\"aligncenter size-full wp-image-9744\" src=\"https:\/\/bestmaresme.com\/blog\/wp-content\/uploads\/2020\/06\/fase-2-maresme.jpg\" alt=\"\" width=\"512\" height=\"288\" srcset=\"https:\/\/bestmaresme.com\/blog\/wp-content\/uploads\/2020\/06\/fase-2-maresme.jpg 512w, https:\/\/bestmaresme.com\/blog\/wp-content\/uploads\/2020\/06\/fase-2-maresme-300x169.jpg 300w\" sizes=\"(max-width: 512px) 100vw, 512px\" \/><\/p>\n<p>Esto quiere decir que <strong>podemos movernos dentro de la regi\u00f3n<\/strong>, es decir que si vivimos en Matar\u00f3 podemos ir a Barcelona o a Granollers y viceversa. En todo caso hemos de tener presente que <strong>se mantienen las franjas horarias:<\/strong><\/p>\n<ul>\n<li>De 6 a 10 h: paseos y actividades deportivas para mayores de 14 a\u00f1os.<\/li>\n<li>De 10 a 12 h: paseos y actividades deportivas para mayores de 70 a\u00f1os y personas dependientes o con discapacidades.<\/li>\n<li>De 12 a 19 h: paseos con menores de 14 a\u00f1os acompa\u00f1ados de adultos o mayores de 14 a\u00f1os.<\/li>\n<li>De 19 a 20 h: paseos y actividades deportivas para mayores de 70 a\u00f1os y personas dependientes o con discapacidades.<\/li>\n<li>De 20 a 23 h: paseos y actividades deportivas para mayores de 14 a\u00f1os<\/li>\n<\/ul>\n<p><strong>Otras medidas que se han a\u00f1adido para quienes est\u00e9n en la Fase 1 son:<\/strong><\/p>\n<ul>\n<li>Apertura de piscinas para uso deportivo individual no recreativo con cita previa y un 30% del aforo.<\/li>\n<li>Se permite el entrenamiento total o precompetici\u00f3n en ligas profesionales por turnos y con un 50% del aforo.<\/li>\n<li>Se retoman las competiciones en ligas profesionales sin p\u00fablico y a puerta cerrada.<\/li>\n<\/ul>\n<blockquote><p><strong>Es obligatorio llevar mascarilla, siempre que no se pueda mantener la distancia de seguridad de 2 metros en la v\u00eda p\u00fablica, en espacios al aire libre (parques, por ejemplo)., y en espacios cerrados de uso p\u00fablico o que est\u00e9n abiertos al p\u00fablico (tiendas, por ejemplo).<\/strong><\/p>\n<p><img decoding=\"async\" loading=\"lazy\" class=\"aligncenter wp-image-9743\" src=\"https:\/\/bestmaresme.com\/blog\/wp-content\/uploads\/2020\/06\/mascaretes.jpg\" alt=\"\" width=\"333\" height=\"333\" srcset=\"https:\/\/bestmaresme.com\/blog\/wp-content\/uploads\/2020\/06\/mascaretes.jpg 512w, https:\/\/bestmaresme.com\/blog\/wp-content\/uploads\/2020\/06\/mascaretes-150x150.jpg 150w, https:\/\/bestmaresme.com\/blog\/wp-content\/uploads\/2020\/06\/mascaretes-300x300.jpg 300w\" sizes=\"(max-width: 333px) 100vw, 333px\" \/><\/p><\/blockquote>\n<h4>\u00bfBuscas una casa de lujo en Barcelona?<\/h4>\n<p>En BestMaresme disponemos de una gran oferta en las zonas m\u00e1s exclusivas del Maresme. Somos expertos en propiedades de lujo en poblaciones como Cabrils, Premia de Dalt, Vilassar de Dalt o Llavaneres. \u00bfEst\u00e1 buscando una casa de lujo para comprar o alquilar en la Costa de Barcelona? Vis\u00edtanos o contacta con nosotros.<\/p>\n<div style=\"width: 100%; text-align: center; margin-bottom: 40px;\">\n<div style=\"padding-top: 10px; font-size: 22px;\"><a style=\"color: #7c2c2d;\" title=\"Env\u00edanos un Wassap!\" href=\"https:\/\/api.whatsapp.com\/send?l=es-ES&amp;phone=34608010051\" target=\"_blank\" rel=\"noopener\">Env\u00edanos un WhatsApp &gt;&gt;<\/a><\/div>\n<div style=\"font-size: 22px;\"><a style=\"color: #7c2c2d;\" title=\"Llamar a la oficina\" href=\"tel:+34937594692\" target=\"_blank\" rel=\"noopener\">Llamanos al 93 759 46 92 &gt;&gt;<\/a><\/div>\n<\/div>\n<h2>\u00bfQu\u00e9 podemos hacer en la Fase 2?<\/h2>\n<p>Los habitantes de las <strong><a href=\"https:\/\/web.gencat.cat\/es\/coronavirus\/desconfinament-progressiu\/fase-2\/index.html\" target=\"_blank\" rel=\"noopener\">zonas del Maresme que hayan entrado en la Fase 2<\/a><\/strong> pueden empezar a tener una vida llam\u00e9mosle m\u00e1s normalizada. Veamos algunas de las actividades que est\u00e1n permitidas en esta fase:<\/p>\n<ul>\n<li>Ir a la playa en grupos de hasta 15 personas, tanto para tomar el sol o ba\u00f1arse como para hacer deporte. Hay que asignar 4 metros cuadrados por ba\u00f1ista.<\/li>\n<li>Se puede realizar turismo activo y de naturaleza en grupos de hasta 20 personas.<\/li>\n<li>Encuentros de hasta 15 personas en los hogares y en espacios p\u00fablicos.<\/li>\n<li>Paseos sin l\u00edmite horario en la propia regi\u00f3n sanitaria.<\/li>\n<li>Bares, comercios y restaurantes pueden abrir hasta un 40% de su aforo.<\/li>\n<li>Las piscinas pueden abrir hasta un aforo del 30% y las recreativas con cita previa.<\/li>\n<li>Cines, teatros, museos y monumentos pueden abrir con restricciones del 30% del aforo.<\/li>\n<li>Se puede practicar deporte no profesional en cualquier espacio p\u00fablico dentro de la regi\u00f3n sanitaria.<\/li>\n<\/ul>\n<p><strong>En esta fase siguen vigentes las medidas de protecci\u00f3n personal como el uso de mascarillas obligatorio<\/strong>, <strong>el mantenimiento de una distancia entre personas de 1,5 metros como m\u00ednimo o la de limpiarse las manos a menudo.<\/strong><\/p>\n<blockquote><p>La mejora de la situaci\u00f3n sanitaria en toda Catalunya hacer preveer, al menos as\u00ed lo ha dado a entender la Generalitat de Catalunya, que las fases de desconfinamiento se van a acelerar.<\/p><\/blockquote>\n<h2>\u00bfC\u00f3mo afecta a los col\u00e9gios y a las familias con ni\u00f1os?<\/h2>\n<p>Una pregunta bastante frequente en todas las familias con ni\u00f1os peque\u00f1os. Con lo que queda de a\u00f1o escolar&#8230; <strong>\u00bfabren los colegios finalmente?<\/strong><\/p>\n<p><img decoding=\"async\" loading=\"lazy\" class=\"aligncenter size-full wp-image-9747\" src=\"https:\/\/bestmaresme.com\/blog\/wp-content\/uploads\/2020\/06\/conciliacion-familiar-de-los-padres.jpeg\" alt=\"\" width=\"656\" height=\"370\" srcset=\"https:\/\/bestmaresme.com\/blog\/wp-content\/uploads\/2020\/06\/conciliacion-familiar-de-los-padres.jpeg 656w, https:\/\/bestmaresme.com\/blog\/wp-content\/uploads\/2020\/06\/conciliacion-familiar-de-los-padres-300x169.jpeg 300w\" sizes=\"(max-width: 656px) 100vw, 656px\" \/><\/p>\n<blockquote><p>Los colegios e institutos del Maresme, siempre que se encuentren en fase 2, se abrir\u00e1n para ofrecer atenci\u00f3n educativa y emocional presencial al alumnado voluntario que finaliza etapa, en grupos de 13 alumnos para sexto de primaria, y de 15 para cuarto de ESO, segundo de bachillerato y \u00faltimos cursos de Formaci\u00f3n Profesional.<\/p>\n<p><strong>Para el resto de alumnos que quiera asistir<\/strong>, habr\u00e1 atenciones personalizadas con los tutores que lo consideren necesario.<\/p><\/blockquote>\n<p>Educaci\u00f3n ha previsto un servicio de acogida para los alumnos de 3 a 6 a\u00f1os de 09.00 a 13.00 horas cuyas familias no puedan flexibilizar el trabajo presencial, 8 alumnos como m\u00e1ximo para P3 y de 10 para P4 y P5.<\/p>\n<blockquote><p><strong>Hasta el pr\u00f3ximo 19 de junio \u00faltimo d\u00eda del curso escolar, no habr\u00e1 clases lectivas, no se avanzar\u00e1 materia, ni habr\u00e1 servicio de comedor.<\/strong><\/p><\/blockquote>\n<p>Las mascarillas solamente est\u00e1n indicadas para los profesores, y los alumnos a partir de 5 a\u00f1os tendr\u00e1n que pon\u00e9rsela si no se puede garantizar la distancia de seguridad de dos metros.<\/p>\n<p>Las familias cuyos hijos asistan a los centros educativos deber\u00e1n dar garant\u00edas de salud de los ni\u00f1os y tener el carnet de vacunaci\u00f3n al d\u00eda.<\/p>\n<p><strong>Una de las constantes ser\u00e1 la higiene de manos<\/strong>, que se har\u00e1 con una frecuencia m\u00ednima de dos horas y preferentemente al inicio y despu\u00e9s de cada actividad, por lo que el centro deber\u00e1 contar con dispositivos de gel hidroalcoh\u00f3lico.<\/p>\n<p><img decoding=\"async\" loading=\"lazy\" class=\"aligncenter wp-image-9749\" src=\"https:\/\/bestmaresme.com\/blog\/wp-content\/uploads\/2020\/06\/gel.jpg\" alt=\"\" width=\"482\" height=\"289\" srcset=\"https:\/\/bestmaresme.com\/blog\/wp-content\/uploads\/2020\/06\/gel.jpg 930w, https:\/\/bestmaresme.com\/blog\/wp-content\/uploads\/2020\/06\/gel-300x180.jpg 300w, https:\/\/bestmaresme.com\/blog\/wp-content\/uploads\/2020\/06\/gel-768x461.jpg 768w\" sizes=\"(max-width: 482px) 100vw, 482px\" \/><!--more--><\/p>","protected":false},"excerpt":{"rendered":"<p>El lunes 1 de junio, la comarca del Maresme ha vuelto a divergir en las fases de desescalada. Mientras que al norte de Canet de&hellip; <\/p>\n","protected":false},"author":1,"featured_media":9742,"comment_status":"open","ping_status":"open","sticky":false,"template":"","format":"standard","meta":{"footnotes":""},"categories":[117,172,1],"tags":[52,33,19,22],"_links":{"self":[{"href":"https:\/\/bestmaresme.com\/blog\/wp-json\/wp\/v2\/posts\/9739"}],"collection":[{"href":"https:\/\/bestmaresme.com\/blog\/wp-json\/wp\/v2\/posts"}],"about":[{"href":"https:\/\/bestmaresme.com\/blog\/wp-json\/wp\/v2\/types\/post"}],"author":[{"embeddable":true,"href":"https:\/\/bestmaresme.com\/blog\/wp-json\/wp\/v2\/users\/1"}],"replies":[{"embeddable":true,"href":"https:\/\/bestmaresme.com\/blog\/wp-json\/wp\/v2\/comments?post=9739"}],"version-history":[{"count":15,"href":"https:\/\/bestmaresme.com\/blog\/wp-json\/wp\/v2\/posts\/9739\/revisions"}],"predecessor-version":[{"id":43440,"href":"https:\/\/bestmaresme.com\/blog\/wp-json\/wp\/v2\/posts\/9739\/revisions\/43440"}],"wp:featuredmedia":[{"embeddable":true,"href":"https:\/\/bestmaresme.com\/blog\/wp-json\/wp\/v2\/media\/9742"}],"wp:attachment":[{"href":"https:\/\/bestmaresme.com\/blog\/wp-json\/wp\/v2\/media?parent=9739"}],"wp:term":[{"taxonomy":"category","embeddable":true,"href":"https:\/\/bestmaresme.com\/blog\/wp-json\/wp\/v2\/categories?post=9739"},{"taxonomy":"post_tag","embeddable":true,"href":"https:\/\/bestmaresme.com\/blog\/wp-json\/wp\/v2\/tags?post=9739"}],"curies":[{"name":"wp","href":"https:\/\/api.w.org\/{rel}","templated":true}]}}